{"id":26219,"date":"2025-01-16T08:06:26","date_gmt":"2025-01-16T07:06:26","guid":{"rendered":"https:\/\/www.vfl-westercelle.de\/fb\/?p=26219"},"modified":"2025-04-01T10:58:27","modified_gmt":"2025-04-01T08:58:27","slug":"ehemaligentreffen-am-sonntag-6-4-im-westerceller-sportpark","status":"publish","type":"post","link":"https:\/\/www.vfl-westercelle.de\/fb\/ehemaligentreffen-am-sonntag-6-4-im-westerceller-sportpark\/","title":{"rendered":"Ehemaligentreffen am Jubil\u00e4umswochenende im Westerceller Sportpark"},"content":{"rendered":"<div  class='flex_column av-ka4fd7-83ef1b4f1da8f9227ee770f988c09bd8 av_one_full  avia-builder-el-0  avia-builder-el-no-sibling  first flex_column_div  '     ><p><section  class='av_textblock_section av-m5yzhfl7-441b2faa9bb4042ea0da7c3ce87d4cfb '   itemscope=\"itemscope\" itemtype=\"https:\/\/schema.org\/BlogPosting\" itemprop=\"blogPost\" ><div class='avia_textblock'  itemprop=\"text\" ><p>Die Fu\u00dfballsparte des VfL Westercelle l\u00e4dt am Sonntag, 6. April, zu einem Ehemaligentreffen im Westerceller Sportpark ein. Die Veranstaltung richtet sich an alle ehemaligen VfL-Fu\u00dfballer und -Fu\u00dfballerinnen, die zwischen 1950 und 2025 f\u00fcr den VfL Westercelle in einer Herren- oder Damenmannschaft aufgelaufen sind.<\/p>\n<\/div><\/section><br \/>\n\n<style type=\"text\/css\" data-created_by=\"avia_inline_auto\" id=\"style-css-av-m5yzi6eu-6e6e6ac1c7c3df7fab41ad98d7f67760\">\n.avia-image-container.av-m5yzi6eu-6e6e6ac1c7c3df7fab41ad98d7f67760 img.avia_image{\nbox-shadow:none;\n}\n.avia-image-container.av-m5yzi6eu-6e6e6ac1c7c3df7fab41ad98d7f67760 .av-image-caption-overlay-center{\ncolor:#ffffff;\n}\n<\/style>\n<div  class='avia-image-container av-m5yzi6eu-6e6e6ac1c7c3df7fab41ad98d7f67760 av-styling- av-img-linked avia-align-center  avia-builder-el-2  el_after_av_textblock  el_before_av_textblock '   itemprop=\"image\" itemscope=\"itemscope\" itemtype=\"https:\/\/schema.org\/ImageObject\" ><div class=\"avia-image-container-inner\"><div class=\"avia-image-overlay-wrap\"><a href=\"https:\/\/www.vfl-westercelle.de\/fb\/wp-content\/uploads\/sites\/3\/2025\/01\/1Herren1950-1030x675.jpg\" data-srcset=\"https:\/\/www.vfl-westercelle.de\/fb\/wp-content\/uploads\/sites\/3\/2025\/01\/1Herren1950-1030x675.jpg 1030w, https:\/\/www.vfl-westercelle.de\/fb\/wp-content\/uploads\/sites\/3\/2025\/01\/1Herren1950-300x197.jpg 300w, https:\/\/www.vfl-westercelle.de\/fb\/wp-content\/uploads\/sites\/3\/2025\/01\/1Herren1950-768x503.jpg 768w, https:\/\/www.vfl-westercelle.de\/fb\/wp-content\/uploads\/sites\/3\/2025\/01\/1Herren1950-1536x1006.jpg 1536w, https:\/\/www.vfl-westercelle.de\/fb\/wp-content\/uploads\/sites\/3\/2025\/01\/1Herren1950-2048x1342.jpg 2048w, https:\/\/www.vfl-westercelle.de\/fb\/wp-content\/uploads\/sites\/3\/2025\/01\/1Herren1950-1500x983.jpg 1500w, https:\/\/www.vfl-westercelle.de\/fb\/wp-content\/uploads\/sites\/3\/2025\/01\/1Herren1950-705x462.jpg 705w, https:\/\/www.vfl-westercelle.de\/fb\/wp-content\/uploads\/sites\/3\/2025\/01\/1Herren1950-128x84.jpg 128w, https:\/\/www.vfl-westercelle.de\/fb\/wp-content\/uploads\/sites\/3\/2025\/01\/1Herren1950-32x21.jpg 32w\" data-sizes=\"(max-width: 1030px) 100vw, 1030px\" class='avia_image '  aria-label='So ging alles los: Im Jahr 1950 wurde der VfL Westercelle gegr\u00fcndet. Das Bild zeigt die erste 1.Herren-Mannschaft.'><img decoding=\"async\" fetchpriority=\"high\" class='wp-image-26220 avia-img-lazy-loading-not-26220 avia_image ' src=\"https:\/\/www.vfl-westercelle.de\/fb\/wp-content\/uploads\/sites\/3\/2025\/01\/1Herren1950-1030x675.jpg\" alt='' title='So ging alles los: Im Jahr 1950 wurde der VfL Westercelle gegr\u00fcndet. Das Bild zeigt die erste 1.Herren-Mannschaft.'  height=\"675\" width=\"1030\"  itemprop=\"thumbnailUrl\" srcset=\"https:\/\/www.vfl-westercelle.de\/fb\/wp-content\/uploads\/sites\/3\/2025\/01\/1Herren1950-1030x675.jpg 1030w, https:\/\/www.vfl-westercelle.de\/fb\/wp-content\/uploads\/sites\/3\/2025\/01\/1Herren1950-300x197.jpg 300w, https:\/\/www.vfl-westercelle.de\/fb\/wp-content\/uploads\/sites\/3\/2025\/01\/1Herren1950-768x503.jpg 768w, https:\/\/www.vfl-westercelle.de\/fb\/wp-content\/uploads\/sites\/3\/2025\/01\/1Herren1950-1536x1006.jpg 1536w, https:\/\/www.vfl-westercelle.de\/fb\/wp-content\/uploads\/sites\/3\/2025\/01\/1Herren1950-2048x1342.jpg 2048w, https:\/\/www.vfl-westercelle.de\/fb\/wp-content\/uploads\/sites\/3\/2025\/01\/1Herren1950-1500x983.jpg 1500w, https:\/\/www.vfl-westercelle.de\/fb\/wp-content\/uploads\/sites\/3\/2025\/01\/1Herren1950-705x462.jpg 705w, https:\/\/www.vfl-westercelle.de\/fb\/wp-content\/uploads\/sites\/3\/2025\/01\/1Herren1950-128x84.jpg 128w, https:\/\/www.vfl-westercelle.de\/fb\/wp-content\/uploads\/sites\/3\/2025\/01\/1Herren1950-32x21.jpg 32w\" sizes=\"(max-width: 1030px) 100vw, 1030px\" \/><\/a><\/div><\/div><\/div><br \/>\n<section  class='av_textblock_section av-m5yzhjq4-8086b734531de5b2d19c04778d61218f '   itemscope=\"itemscope\" itemtype=\"https:\/\/schema.org\/BlogPosting\" itemprop=\"blogPost\" ><div class='avia_textblock'  itemprop=\"text\" ><p>Folgender Ablauf ist geplant:<\/p>\n<p>12.30 Uhr: 2.Herren &#8211; Firat Bergen<\/p>\n<p>14 Uhr: Offizieller Beginn des Ehemaligentreffen<\/p>\n<p>14.30 Uhr: Pr\u00e4sentation der ehemaligen VfL-Fu\u00dfballer und Fu\u00dfballerinnen<\/p>\n<p>15 Uhr: Jubil\u00e4umsspiel 1.Herren &#8211; TuS Eschede<\/p>\n<p><em>\u201eDanach wollen wir uns ab 17 Uhr im Sportheim \u00fcber alte Zeiten austauschen, Fotos angucken und ins Schw\u00e4rmen kommen\u201c<\/em>, sagt Spartenleiter Christopher Menge, der die Veranstaltung gemeinsam mit Matthias Stiekel, Hartmut Urban und Sebastian Paschke organisiert. Im Sportheim wird \u201eCurrywurst mit Pommes satt\u201c f\u00fcr 10 Euro pro Person angeboten.<\/p>\n<p>Um Anmeldung wird bis zum 15.3.2025 per E-Mail an <a href=\"m&#97;&#105;&#x6c;&#x74;&#x6f;:&#102;&#117;&#x73;&#x73;&#x62;al&#108;&#x40;&#x76;&#x66;l-&#119;&#101;&#x73;&#x74;&#x65;r&#99;&#101;&#x6c;&#x6c;&#x65;&#46;&#100;&#101;\">&#102;&#x75;s&#x73;&#x62;&#97;&#x6c;l&#x40;&#x76;&#102;&#x6c;-&#x77;&#x65;&#115;&#x74;e&#x72;&#x63;&#101;&#x6c;l&#x65;&#x2e;&#100;&#x65;<\/a> gebeten.<\/p>\n<p>Bild: VfL-Archiv<\/p>\n<\/div><\/section><\/p><\/div>\n","protected":false},"excerpt":{"rendered":"","protected":false},"author":9,"featured_media":26221,"comment_status":"closed","ping_status":"closed","sticky":false,"template":"","format":"standard","meta":{"footnotes":""},"categories":[17],"tags":[605],"class_list":["post-26219","post","type-post","status-publish","format-standard","has-post-thumbnail","hentry","category-fussball","tag-75-jahre"],"_links":{"self":[{"href":"https:\/\/www.vfl-westercelle.de\/fb\/wp-json\/wp\/v2\/posts\/26219","targetHints":{"allow":["GET"]}}],"collection":[{"href":"https:\/\/www.vfl-westercelle.de\/fb\/wp-json\/wp\/v2\/posts"}],"about":[{"href":"https:\/\/www.vfl-westercelle.de\/fb\/wp-json\/wp\/v2\/types\/post"}],"author":[{"embeddable":true,"href":"https:\/\/www.vfl-westercelle.de\/fb\/wp-json\/wp\/v2\/users\/9"}],"replies":[{"embeddable":true,"href":"https:\/\/www.vfl-westercelle.de\/fb\/wp-json\/wp\/v2\/comments?post=26219"}],"version-history":[{"count":3,"href":"https:\/\/www.vfl-westercelle.de\/fb\/wp-json\/wp\/v2\/posts\/26219\/revisions"}],"predecessor-version":[{"id":26233,"href":"https:\/\/www.vfl-westercelle.de\/fb\/wp-json\/wp\/v2\/posts\/26219\/revisions\/26233"}],"wp:featuredmedia":[{"embeddable":true,"href":"https:\/\/www.vfl-westercelle.de\/fb\/wp-json\/wp\/v2\/media\/26221"}],"wp:attachment":[{"href":"https:\/\/www.vfl-westercelle.de\/fb\/wp-json\/wp\/v2\/media?parent=26219"}],"wp:term":[{"taxonomy":"category","embeddable":true,"href":"https:\/\/www.vfl-westercelle.de\/fb\/wp-json\/wp\/v2\/categories?post=26219"},{"taxonomy":"post_tag","embeddable":true,"href":"https:\/\/www.vfl-westercelle.de\/fb\/wp-json\/wp\/v2\/tags?post=26219"}],"curies":[{"name":"wp","href":"https:\/\/api.w.org\/{rel}","templated":true}]}}