{"id":26249,"date":"2025-01-17T18:43:00","date_gmt":"2025-01-17T17:43:00","guid":{"rendered":"https:\/\/www.vfl-westercelle.de\/fb\/?p=26249"},"modified":"2025-02-04T09:09:30","modified_gmt":"2025-02-04T08:09:30","slug":"vfl-richtet-10-westerceller-grundschulcup-aus","status":"publish","type":"post","link":"https:\/\/www.vfl-westercelle.de\/fb\/vfl-richtet-10-westerceller-grundschulcup-aus\/","title":{"rendered":"VfL richtet 10. Westerceller Grundschulcup aus"},"content":{"rendered":"<div  class='flex_column av-nqslgp-c3e9fc25a67692f4f94868f38c362cc1 av_one_full  avia-builder-el-0  el_before_av_image  avia-builder-el-first  first flex_column_div  '     ><section  class='av_textblock_section av-m611okl9-16190f209e4539d046490ef61092788e '   itemscope=\"itemscope\" itemtype=\"https:\/\/schema.org\/BlogPosting\" itemprop=\"blogPost\" ><div class='avia_textblock'  itemprop=\"text\" ><p>Die Fu\u00dfballsparte des VfL Westercelle feiert in diesem Jahr nicht nur das 75-j\u00e4hrige Bestehen, sondern auch ein kleines Jubil\u00e4um beim Westerceller Grundschulcup: Zum zehnten Mal richtet der Verein das Turnier in der Nadelberghalle in diesem Jahr aus. Gespielt wird am Donnerstag, 30. Januar, ab 8.30 Uhr. Mit dabei sind elf Grundschulen aus der Stadt Celle.<\/p>\n<\/div><\/section><\/div>\n\n<style type=\"text\/css\" data-created_by=\"avia_inline_auto\" id=\"style-css-av-m611q5r0-20405f2ef0a861d8691d34e7b659490f\">\n.avia-image-container.av-m611q5r0-20405f2ef0a861d8691d34e7b659490f img.avia_image{\nbox-shadow:none;\n}\n.avia-image-container.av-m611q5r0-20405f2ef0a861d8691d34e7b659490f .av-image-caption-overlay-center{\ncolor:#ffffff;\n}\n<\/style>\n<div  class='avia-image-container av-m611q5r0-20405f2ef0a861d8691d34e7b659490f av-styling- av-img-linked avia-align-center  avia-builder-el-2  el_after_av_one_full  el_before_av_textblock '   itemprop=\"image\" itemscope=\"itemscope\" itemtype=\"https:\/\/schema.org\/ImageObject\" ><div class=\"avia-image-container-inner\"><div class=\"avia-image-overlay-wrap\"><a href=\"https:\/\/www.vfl-westercelle.de\/fb\/wp-content\/uploads\/sites\/3\/2025\/01\/2024-01-29_11-53-00_06_DxO-1030x685.jpg\" data-srcset=\"https:\/\/www.vfl-westercelle.de\/fb\/wp-content\/uploads\/sites\/3\/2025\/01\/2024-01-29_11-53-00_06_DxO-1030x685.jpg 1030w, https:\/\/www.vfl-westercelle.de\/fb\/wp-content\/uploads\/sites\/3\/2025\/01\/2024-01-29_11-53-00_06_DxO-300x200.jpg 300w, https:\/\/www.vfl-westercelle.de\/fb\/wp-content\/uploads\/sites\/3\/2025\/01\/2024-01-29_11-53-00_06_DxO-768x511.jpg 768w, https:\/\/www.vfl-westercelle.de\/fb\/wp-content\/uploads\/sites\/3\/2025\/01\/2024-01-29_11-53-00_06_DxO-1536x1022.jpg 1536w, https:\/\/www.vfl-westercelle.de\/fb\/wp-content\/uploads\/sites\/3\/2025\/01\/2024-01-29_11-53-00_06_DxO-2048x1363.jpg 2048w, https:\/\/www.vfl-westercelle.de\/fb\/wp-content\/uploads\/sites\/3\/2025\/01\/2024-01-29_11-53-00_06_DxO-1500x998.jpg 1500w, https:\/\/www.vfl-westercelle.de\/fb\/wp-content\/uploads\/sites\/3\/2025\/01\/2024-01-29_11-53-00_06_DxO-705x469.jpg 705w, https:\/\/www.vfl-westercelle.de\/fb\/wp-content\/uploads\/sites\/3\/2025\/01\/2024-01-29_11-53-00_06_DxO-128x85.jpg 128w, https:\/\/www.vfl-westercelle.de\/fb\/wp-content\/uploads\/sites\/3\/2025\/01\/2024-01-29_11-53-00_06_DxO-32x21.jpg 32w\" data-sizes=\"(max-width: 1030px) 100vw, 1030px\" class='avia_image '  aria-label='Der Ball rollt wieder: Der VfL Westercelle richtet am 30. Januar den 10. Westerceller Grundschulcup aus.'><img decoding=\"async\" fetchpriority=\"high\" class='wp-image-26250 avia-img-lazy-loading-not-26250 avia_image ' src=\"https:\/\/www.vfl-westercelle.de\/fb\/wp-content\/uploads\/sites\/3\/2025\/01\/2024-01-29_11-53-00_06_DxO-1030x685.jpg\" alt='' title='Der Ball rollt wieder: Der VfL Westercelle richtet am 30. Januar den 10. Westerceller Grundschulcup aus.'  height=\"685\" width=\"1030\"  itemprop=\"thumbnailUrl\" srcset=\"https:\/\/www.vfl-westercelle.de\/fb\/wp-content\/uploads\/sites\/3\/2025\/01\/2024-01-29_11-53-00_06_DxO-1030x685.jpg 1030w, https:\/\/www.vfl-westercelle.de\/fb\/wp-content\/uploads\/sites\/3\/2025\/01\/2024-01-29_11-53-00_06_DxO-300x200.jpg 300w, https:\/\/www.vfl-westercelle.de\/fb\/wp-content\/uploads\/sites\/3\/2025\/01\/2024-01-29_11-53-00_06_DxO-768x511.jpg 768w, https:\/\/www.vfl-westercelle.de\/fb\/wp-content\/uploads\/sites\/3\/2025\/01\/2024-01-29_11-53-00_06_DxO-1536x1022.jpg 1536w, https:\/\/www.vfl-westercelle.de\/fb\/wp-content\/uploads\/sites\/3\/2025\/01\/2024-01-29_11-53-00_06_DxO-2048x1363.jpg 2048w, https:\/\/www.vfl-westercelle.de\/fb\/wp-content\/uploads\/sites\/3\/2025\/01\/2024-01-29_11-53-00_06_DxO-1500x998.jpg 1500w, https:\/\/www.vfl-westercelle.de\/fb\/wp-content\/uploads\/sites\/3\/2025\/01\/2024-01-29_11-53-00_06_DxO-705x469.jpg 705w, https:\/\/www.vfl-westercelle.de\/fb\/wp-content\/uploads\/sites\/3\/2025\/01\/2024-01-29_11-53-00_06_DxO-128x85.jpg 128w, https:\/\/www.vfl-westercelle.de\/fb\/wp-content\/uploads\/sites\/3\/2025\/01\/2024-01-29_11-53-00_06_DxO-32x21.jpg 32w\" sizes=\"(max-width: 1030px) 100vw, 1030px\" \/><\/a><\/div><\/div><\/div>\n<section  class='av_textblock_section av-m611p138-64e414107b457cb2976cf425e84d81ee '   itemscope=\"itemscope\" itemtype=\"https:\/\/schema.org\/BlogPosting\" itemprop=\"blogPost\" ><div class='avia_textblock'  itemprop=\"text\" ><p>Jeder Kader besteht dabei aus 10 Spielerinnen und Spieler, wobei mindestens zwei M\u00e4dchen dabei sein m\u00fcssen. Ein Spiel dauert sechs Minuten. Nach den Gruppenspielen werden die Halbfinalspiele ausgetragen, bevor im Finale der Sieger des 10. Westerceller Grundschulcups ausgespielt wird. Titelverteidiger ist die Grundschule Wietzenbruch. Aber nicht nur der Gewinner des Endspiels darf sich \u00fcber einen Pokal freuen. Gek\u00fcrt wird auch die fairste Mannschaft des Turniers. Die Siegerehrung ist f\u00fcr 13 Uhr geplant.<\/p>\n<p>Organisiert wird der Westerceller Grundschulcup in diesem Jahr von Hannes Neumann, Dr. Fritz Spering und Michael Kruse. Die Celler Ortsgruppe von Unicef wird an einem Stand wieder Essen und Trinken gegen eine Spende anbieten. Der Erl\u00f6s ist f\u00fcr Entwicklungsprojekte im Jugendbereich bestimmt. Zuschauer sind willkommen.<\/p>\n<p>Folgende Grundschulen sind dabei: Heese S\u00fcdheide, Blumlage\/Altstadt, Hehlentor, Westercelle, Wietzenbruch, Gar\u00dfen, Klein Hehlen, Vorwerk, katholische Grundschule, Waldweg und Neustadt.<\/p>\n<p>Bild: Oliver Knoblich<\/p>\n<\/div><\/section>\n","protected":false},"excerpt":{"rendered":"","protected":false},"author":9,"featured_media":26251,"comment_status":"closed","ping_status":"closed","sticky":false,"template":"","format":"standard","meta":{"footnotes":""},"categories":[17],"tags":[190],"class_list":["post-26249","post","type-post","status-publish","format-standard","has-post-thumbnail","hentry","category-fussball","tag-grundschulcup"],"_links":{"self":[{"href":"https:\/\/www.vfl-westercelle.de\/fb\/wp-json\/wp\/v2\/posts\/26249","targetHints":{"allow":["GET"]}}],"collection":[{"href":"https:\/\/www.vfl-westercelle.de\/fb\/wp-json\/wp\/v2\/posts"}],"about":[{"href":"https:\/\/www.vfl-westercelle.de\/fb\/wp-json\/wp\/v2\/types\/post"}],"author":[{"embeddable":true,"href":"https:\/\/www.vfl-westercelle.de\/fb\/wp-json\/wp\/v2\/users\/9"}],"replies":[{"embeddable":true,"href":"https:\/\/www.vfl-westercelle.de\/fb\/wp-json\/wp\/v2\/comments?post=26249"}],"version-history":[{"count":3,"href":"https:\/\/www.vfl-westercelle.de\/fb\/wp-json\/wp\/v2\/posts\/26249\/revisions"}],"predecessor-version":[{"id":26253,"href":"https:\/\/www.vfl-westercelle.de\/fb\/wp-json\/wp\/v2\/posts\/26249\/revisions\/26253"}],"wp:featuredmedia":[{"embeddable":true,"href":"https:\/\/www.vfl-westercelle.de\/fb\/wp-json\/wp\/v2\/media\/26251"}],"wp:attachment":[{"href":"https:\/\/www.vfl-westercelle.de\/fb\/wp-json\/wp\/v2\/media?parent=26249"}],"wp:term":[{"taxonomy":"category","embeddable":true,"href":"https:\/\/www.vfl-westercelle.de\/fb\/wp-json\/wp\/v2\/categories?post=26249"},{"taxonomy":"post_tag","embeddable":true,"href":"https:\/\/www.vfl-westercelle.de\/fb\/wp-json\/wp\/v2\/tags?post=26249"}],"curies":[{"name":"wp","href":"https:\/\/api.w.org\/{rel}","templated":true}]}}