{"id":26367,"date":"2025-02-04T09:09:13","date_gmt":"2025-02-04T08:09:13","guid":{"rendered":"https:\/\/www.vfl-westercelle.de\/fb\/?p=26367"},"modified":"2025-04-07T09:42:14","modified_gmt":"2025-04-07T07:42:14","slug":"vfl-hat-neuen-jugendleiter-westerceller-fussballer-waehlen-stephan-huebner-zum-nachfolger-von-marc-siegesmund","status":"publish","type":"post","link":"https:\/\/www.vfl-westercelle.de\/fb\/vfl-hat-neuen-jugendleiter-westerceller-fussballer-waehlen-stephan-huebner-zum-nachfolger-von-marc-siegesmund\/","title":{"rendered":"VfL hat neuen Jugendleiter: Westerceller Fu\u00dfballer w\u00e4hlen Stephan H\u00fcbner zum Nachfolger von Marc Siegesmund"},"content":{"rendered":"<div  class='flex_column av-av_one_full-a2cef933b0a555f25d1e39b22a8e9dae av_one_full  avia-builder-el-0  avia-builder-el-no-sibling  first flex_column_div  '     ><p><section  class='av_textblock_section av-m6q6ofj2-f39cdf243c5dc8ef4ddc81924217f4c9 '   itemscope=\"itemscope\" itemtype=\"https:\/\/schema.org\/BlogPosting\" itemprop=\"blogPost\" ><div class='avia_textblock'  itemprop=\"text\" ><p>Die Fu\u00dfballer des VfL Westercelle haben einen neuen Jugendleiter. Bei der Spartenversammlung wurde Stephan H\u00fcbner zum Nachfolger von Marc Siegesmund gew\u00e4hlt, der nicht mehr kandidierte. <em>\u201eEs hat mir sehr viel Spa\u00df gemacht, die letzten acht Jahre in so einem tollen Verein mit so viel herausragenden Leuten als Jugendleiter die Jugendabteilung weiter aufzubauen\u201c<\/em>, sagte Marc Siegesmund. <em>\u201eIch bin positiv gestimmt, dass der erfolgreiche Weg weitergef\u00fchrt wird.\u201c<\/em> Er werde sich auch weiterhin auf dem Sportplatz sehen lassen, freue sich aber auch auf mehr Zeit f\u00fcr das Privatleben. <em>\u201eIch bedanke mich bei allen, die mich tatkr\u00e4ftig unterst\u00fctzt haben\u201c<\/em>, so der 55-J\u00e4hrige.<\/p>\n<p>Sein Nachfolger ist zw\u00f6lf Jahre j\u00fcnger und hat von 1987 bis 2012 f\u00fcr den TuS H\u00f6fer gespielt, unterbrochen nur durch ein einj\u00e4hriges Intermezzo bei den A-Junioren des SV Gar\u00dfen. 2014 kam der inzwischen 43-J\u00e4hrige zur \u00dc32 des VfL Westercelle und bestritt unter dem Trainerteam Heiko Vollmer und Axel G\u00fcllert auch ein Spiel in der 1.Herren in der Bezirksliga.<\/p>\n<p>Im Juli 2018 wurde Stephan H\u00fcbner Jugendtrainer beim VfL, bis Juni 2023 trainierte er den 2012er Jahrgang, ehe er den 2017er Jahrgang \u00fcbernahm. 2020 machte der Westerceller auch seine C-Lizenz.<\/p>\n<p><em>\u201eNach einer langen und sch\u00f6nen Zeit als Fu\u00dfballer beim TUS H\u00f6fer habe ich nach einer sch\u00f6pferischen Pause meine ,Spielerkarriere\u2018 in der \u00dc32 beim VfL Westercelle fortgesetzt\u201c<\/em>, blickt Stephan H\u00fcbner zur\u00fcck. <em>\u201eDas war eine super Entscheidung. Ich habe mich beim VFL vom ersten Tag an pudelwohl gef\u00fchlt und bin hier auf tolle und sehr engagierte Leute getroffen.\u201c<\/em><\/p>\n<p>In diesem Umfeld mache es einfach Spa\u00df, ehrenamtlich mitzuwirken und seinen Teil zum Erfolg des Vereins beizutragen. <em>\u201eNeben meiner T\u00e4tigkeit als Jugendtrainer werde ich dies nun auch in meiner neuen Rolle als Jugendleiter versuchen\u201c<\/em>, sagt der Ehrenamtliche. <em>\u201eIch freue mich auf meine neue Aufgabe und auf ein gutes Miteinander mit allen Mitgliedern der Fu\u00dfballsparte.\u201c<\/em><\/p>\n<\/div><\/section><br \/>\n\n<style type=\"text\/css\" data-created_by=\"avia_inline_auto\" id=\"style-css-av-m6q6rsyp-90a6c975446d537c9b9ca68f95eedcb4\">\n#top .avia-gallery.av-m6q6rsyp-90a6c975446d537c9b9ca68f95eedcb4 .avia-gallery-thumb a{\nwidth:50%;\n}\n<\/style>\n<div  class='avia-gallery av-m6q6rsyp-90a6c975446d537c9b9ca68f95eedcb4 avia_animate_when_visible  avia-builder-el-2  el_after_av_textblock  el_before_av_textblock  avia_lazyload avia-gallery-animate avia-gallery-1'  itemprop=\"image\" itemscope=\"itemscope\" itemtype=\"https:\/\/schema.org\/ImageObject\" ><meta itemprop=\"contentURL\" content=\"https:\/\/www.vfl-westercelle.de\/fb\/vfl-hat-neuen-jugendleiter-westerceller-fussballer-waehlen-stephan-huebner-zum-nachfolger-von-marc-siegesmund\/\"><div class='avia-gallery-thumb'><a href=\"https:\/\/www.vfl-westercelle.de\/fb\/wp-content\/uploads\/sites\/3\/2025\/02\/MarcSiegesmund-773x1030.jpg\" data-srcset=\"https:\/\/www.vfl-westercelle.de\/fb\/wp-content\/uploads\/sites\/3\/2025\/02\/MarcSiegesmund-773x1030.jpg 773w, https:\/\/www.vfl-westercelle.de\/fb\/wp-content\/uploads\/sites\/3\/2025\/02\/MarcSiegesmund-225x300.jpg 225w, https:\/\/www.vfl-westercelle.de\/fb\/wp-content\/uploads\/sites\/3\/2025\/02\/MarcSiegesmund-768x1024.jpg 768w, https:\/\/www.vfl-westercelle.de\/fb\/wp-content\/uploads\/sites\/3\/2025\/02\/MarcSiegesmund-1152x1536.jpg 1152w, https:\/\/www.vfl-westercelle.de\/fb\/wp-content\/uploads\/sites\/3\/2025\/02\/MarcSiegesmund-1536x2048.jpg 1536w, https:\/\/www.vfl-westercelle.de\/fb\/wp-content\/uploads\/sites\/3\/2025\/02\/MarcSiegesmund-1125x1500.jpg 1125w, https:\/\/www.vfl-westercelle.de\/fb\/wp-content\/uploads\/sites\/3\/2025\/02\/MarcSiegesmund-529x705.jpg 529w, https:\/\/www.vfl-westercelle.de\/fb\/wp-content\/uploads\/sites\/3\/2025\/02\/MarcSiegesmund-96x128.jpg 96w, https:\/\/www.vfl-westercelle.de\/fb\/wp-content\/uploads\/sites\/3\/2025\/02\/MarcSiegesmund-24x32.jpg 24w, https:\/\/www.vfl-westercelle.de\/fb\/wp-content\/uploads\/sites\/3\/2025\/02\/MarcSiegesmund-scaled.jpg 1920w\" data-sizes=\"(max-width: 773px) 100vw, 773px\" data-rel='gallery-1' data-prev-img='https:\/\/www.vfl-westercelle.de\/fb\/wp-content\/uploads\/sites\/3\/2025\/02\/MarcSiegesmund-495x400.jpg' class='first_thumb lightbox ' data-onclick='1' title='Danke an unsere Nummer 5: Marc Siegesmund wird nach acht Jahren als Jugendleiter verabschiedet&#8230;'  itemprop=\"thumbnailUrl\"  ><img decoding=\"async\" fetchpriority=\"high\" class=\"wp-image-26368 avia-img-lazy-loading-not-26368\"  data-avia-tooltip='Danke an unsere Nummer 5: Marc Siegesmund wird nach acht Jahren als Jugendleiter verabschiedet&#8230;' src=\"https:\/\/www.vfl-westercelle.de\/fb\/wp-content\/uploads\/sites\/3\/2025\/02\/MarcSiegesmund-495x400.jpg\" width=\"495\" height=\"400\"  title='Marc Siegesmund Jugendleiter 2017-2025' alt='' srcset=\"https:\/\/www.vfl-westercelle.de\/fb\/wp-content\/uploads\/sites\/3\/2025\/02\/MarcSiegesmund-495x400.jpg 495w, https:\/\/www.vfl-westercelle.de\/fb\/wp-content\/uploads\/sites\/3\/2025\/02\/MarcSiegesmund-845x684.jpg 845w\" sizes=\"(max-width: 495px) 100vw, 495px\" \/><div class='big-prev-fake'><img decoding=\"async\" loading=\"lazy\" class=\"wp-image-26368 avia-img-lazy-loading-26368\"  width=\"495\" height=\"400\" src=\"https:\/\/www.vfl-westercelle.de\/fb\/wp-content\/uploads\/sites\/3\/2025\/02\/MarcSiegesmund-495x400.jpg\" title='Marc Siegesmund Jugendleiter 2017-2025' alt='' srcset=\"https:\/\/www.vfl-westercelle.de\/fb\/wp-content\/uploads\/sites\/3\/2025\/02\/MarcSiegesmund-495x400.jpg 495w, https:\/\/www.vfl-westercelle.de\/fb\/wp-content\/uploads\/sites\/3\/2025\/02\/MarcSiegesmund-845x684.jpg 845w\" sizes=\"auto, (max-width: 495px) 100vw, 495px\" \/><\/div><\/a><a href=\"https:\/\/www.vfl-westercelle.de\/fb\/wp-content\/uploads\/sites\/3\/2023\/08\/DSC04007-1030x687.jpg\" data-srcset=\"https:\/\/www.vfl-westercelle.de\/fb\/wp-content\/uploads\/sites\/3\/2023\/08\/DSC04007-1030x687.jpg 1030w, https:\/\/www.vfl-westercelle.de\/fb\/wp-content\/uploads\/sites\/3\/2023\/08\/DSC04007-300x200.jpg 300w, https:\/\/www.vfl-westercelle.de\/fb\/wp-content\/uploads\/sites\/3\/2023\/08\/DSC04007-768x512.jpg 768w, https:\/\/www.vfl-westercelle.de\/fb\/wp-content\/uploads\/sites\/3\/2023\/08\/DSC04007-1536x1024.jpg 1536w, https:\/\/www.vfl-westercelle.de\/fb\/wp-content\/uploads\/sites\/3\/2023\/08\/DSC04007-2048x1365.jpg 2048w, https:\/\/www.vfl-westercelle.de\/fb\/wp-content\/uploads\/sites\/3\/2023\/08\/DSC04007-1500x1000.jpg 1500w, https:\/\/www.vfl-westercelle.de\/fb\/wp-content\/uploads\/sites\/3\/2023\/08\/DSC04007-705x470.jpg 705w, https:\/\/www.vfl-westercelle.de\/fb\/wp-content\/uploads\/sites\/3\/2023\/08\/DSC04007-128x85.jpg 128w, https:\/\/www.vfl-westercelle.de\/fb\/wp-content\/uploads\/sites\/3\/2023\/08\/DSC04007-32x21.jpg 32w\" data-sizes=\"(max-width: 1030px) 100vw, 1030px\" data-rel='gallery-1' data-prev-img='https:\/\/www.vfl-westercelle.de\/fb\/wp-content\/uploads\/sites\/3\/2023\/08\/DSC04007-495x400.jpg' class='lightbox ' data-onclick='2' title='Nicht nur Jugendtrainer, sondern jetzt auch Jugendleiter: Stephan H\u00fcber wurde einstimmig gew\u00e4hlt.'  itemprop=\"thumbnailUrl\"  ><img decoding=\"async\" fetchpriority=\"high\" class=\"wp-image-22058 avia-img-lazy-loading-not-22058\"  data-avia-tooltip='Nicht nur Jugendtrainer, sondern jetzt auch Jugendleiter: Stephan H\u00fcber wurde einstimmig gew\u00e4hlt.' src=\"https:\/\/www.vfl-westercelle.de\/fb\/wp-content\/uploads\/sites\/3\/2023\/08\/DSC04007-495x400.jpg\" width=\"495\" height=\"400\"  title='Trainer H\u00fcbner 23-24' alt='' srcset=\"https:\/\/www.vfl-westercelle.de\/fb\/wp-content\/uploads\/sites\/3\/2023\/08\/DSC04007-495x400.jpg 495w, https:\/\/www.vfl-westercelle.de\/fb\/wp-content\/uploads\/sites\/3\/2023\/08\/DSC04007-845x684.jpg 845w\" sizes=\"(max-width: 495px) 100vw, 495px\" \/><div class='big-prev-fake'><img decoding=\"async\" loading=\"lazy\" class=\"wp-image-22058 avia-img-lazy-loading-22058\"  width=\"495\" height=\"400\" src=\"https:\/\/www.vfl-westercelle.de\/fb\/wp-content\/uploads\/sites\/3\/2023\/08\/DSC04007-495x400.jpg\" title='Trainer H\u00fcbner 23-24' alt='' srcset=\"https:\/\/www.vfl-westercelle.de\/fb\/wp-content\/uploads\/sites\/3\/2023\/08\/DSC04007-495x400.jpg 495w, https:\/\/www.vfl-westercelle.de\/fb\/wp-content\/uploads\/sites\/3\/2023\/08\/DSC04007-845x684.jpg 845w\" sizes=\"auto, (max-width: 495px) 100vw, 495px\" \/><\/div><\/a><\/div><\/div><br \/>\n<section  class='av_textblock_section av-m6q6ojpx-248c092c02ac805011c7388fa92673bd '   itemscope=\"itemscope\" itemtype=\"https:\/\/schema.org\/BlogPosting\" itemprop=\"blogPost\" ><div class='avia_textblock'  itemprop=\"text\" ><p>Neben der Wahl von Stephan H\u00fcbner zum neuen Jugendleiter best\u00e4tigte die Spartenversammlung Christopher Menge (Spartenleiter), Michael Kruse (Koordinator Vereinsorganisation), Hans Weger (Koordinator Entwicklung Infrastruktur) und Sebastian Paschke (Koordinator Veranstaltungen) f\u00fcr weitere zwei Jahre in ihren \u00c4mtern. Alle Wahlen waren einstimmig. Zur Spartenleitung geh\u00f6ren zudem weiterhin Matthias Stiekel (Stellvertretender Spartenleiter und Kassenwart), Phillip Garmann (Herrenobmann), Magnus Hausknecht (Koordinator Werbung\/Sponsoring) und Rolf Peter Nieber (Koordinator Freiwilligenmanagment). Zudem \u00fcbernehmen 15 weitere Ehrenamtliche einzelne Aufgaben der Spartenleitung als Beauftragte.<\/p>\n<p>Zum Stichtag 1. Januar 2025 z\u00e4hlte die Fu\u00dfball-Sparte des VfL Westercelle 618 Mitglieder. In der laufenden Saison nehmen 31 Mannschaft am Punktspielbetrieb teil, darunter 25 Jugendmannschaften. F\u00fcr diese ist jetzt Stephan H\u00fcbner als neuer Jugendleiter \u2013 gemeinsam mit den Jugendkoordinatoren Stefan Mainka, Jens Tjaden, Uwe Gebhardt, Birte Wei\u00df und Ren\u00e9 de Waardt \u2013 zust\u00e4ndig.<\/p>\n<\/div><\/section><\/p><\/div>\n","protected":false},"excerpt":{"rendered":"","protected":false},"author":9,"featured_media":26369,"comment_status":"closed","ping_status":"closed","sticky":false,"template":"","format":"standard","meta":{"footnotes":""},"categories":[17],"tags":[],"class_list":["post-26367","post","type-post","status-publish","format-standard","has-post-thumbnail","hentry","category-fussball"],"_links":{"self":[{"href":"https:\/\/www.vfl-westercelle.de\/fb\/wp-json\/wp\/v2\/posts\/26367","targetHints":{"allow":["GET"]}}],"collection":[{"href":"https:\/\/www.vfl-westercelle.de\/fb\/wp-json\/wp\/v2\/posts"}],"about":[{"href":"https:\/\/www.vfl-westercelle.de\/fb\/wp-json\/wp\/v2\/types\/post"}],"author":[{"embeddable":true,"href":"https:\/\/www.vfl-westercelle.de\/fb\/wp-json\/wp\/v2\/users\/9"}],"replies":[{"embeddable":true,"href":"https:\/\/www.vfl-westercelle.de\/fb\/wp-json\/wp\/v2\/comments?post=26367"}],"version-history":[{"count":2,"href":"https:\/\/www.vfl-westercelle.de\/fb\/wp-json\/wp\/v2\/posts\/26367\/revisions"}],"predecessor-version":[{"id":26374,"href":"https:\/\/www.vfl-westercelle.de\/fb\/wp-json\/wp\/v2\/posts\/26367\/revisions\/26374"}],"wp:featuredmedia":[{"embeddable":true,"href":"https:\/\/www.vfl-westercelle.de\/fb\/wp-json\/wp\/v2\/media\/26369"}],"wp:attachment":[{"href":"https:\/\/www.vfl-westercelle.de\/fb\/wp-json\/wp\/v2\/media?parent=26367"}],"wp:term":[{"taxonomy":"category","embeddable":true,"href":"https:\/\/www.vfl-westercelle.de\/fb\/wp-json\/wp\/v2\/categories?post=26367"},{"taxonomy":"post_tag","embeddable":true,"href":"https:\/\/www.vfl-westercelle.de\/fb\/wp-json\/wp\/v2\/tags?post=26367"}],"curies":[{"name":"wp","href":"https:\/\/api.w.org\/{rel}","templated":true}]}}