{"id":26564,"date":"2025-02-15T15:58:41","date_gmt":"2025-02-15T14:58:41","guid":{"rendered":"https:\/\/www.vfl-westercelle.de\/fb\/?p=26564"},"modified":"2025-04-09T08:35:31","modified_gmt":"2025-04-09T06:35:31","slug":"10-westerceller-grundschulcup-fussball-statt-schulbank","status":"publish","type":"post","link":"https:\/\/www.vfl-westercelle.de\/fb\/10-westerceller-grundschulcup-fussball-statt-schulbank\/","title":{"rendered":"10. Westerceller Grundschulcup: Fu\u00dfball statt Schulbank"},"content":{"rendered":"<div  class='flex_column av-av_one_full-a2cef933b0a555f25d1e39b22a8e9dae av_one_full  avia-builder-el-0  el_before_av_gallery  avia-builder-el-first  first flex_column_div  '     ><p>\n<style type=\"text\/css\" data-created_by=\"avia_inline_auto\" id=\"style-css-av-m76bovai-b594959cdbaa09647d795ddc52e28ff8\">\n.avia-image-container.av-m76bovai-b594959cdbaa09647d795ddc52e28ff8 img.avia_image{\nbox-shadow:none;\n}\n.avia-image-container.av-m76bovai-b594959cdbaa09647d795ddc52e28ff8 .av-image-caption-overlay-center{\ncolor:#ffffff;\n}\n<\/style>\n<div  class='avia-image-container av-m76bovai-b594959cdbaa09647d795ddc52e28ff8 av-styling- avia-align-center  avia-builder-el-1  el_before_av_textblock  avia-builder-el-first '   itemprop=\"image\" itemscope=\"itemscope\" itemtype=\"https:\/\/schema.org\/ImageObject\" ><div class=\"avia-image-container-inner\"><div class=\"avia-image-overlay-wrap\"><img decoding=\"async\" fetchpriority=\"high\" class='wp-image-26567 avia-img-lazy-loading-not-26567 avia_image ' src=\"https:\/\/www.vfl-westercelle.de\/fb\/wp-content\/uploads\/sites\/3\/2025\/02\/250130_CZ_BOR012-scaled-e1739631499341-1030x386.jpg\" alt='' title='Westerceller Grundschulcup'  height=\"386\" width=\"1030\"  itemprop=\"thumbnailUrl\" srcset=\"https:\/\/www.vfl-westercelle.de\/fb\/wp-content\/uploads\/sites\/3\/2025\/02\/250130_CZ_BOR012-scaled-e1739631499341-1030x386.jpg 1030w, https:\/\/www.vfl-westercelle.de\/fb\/wp-content\/uploads\/sites\/3\/2025\/02\/250130_CZ_BOR012-scaled-e1739631499341-300x113.jpg 300w, https:\/\/www.vfl-westercelle.de\/fb\/wp-content\/uploads\/sites\/3\/2025\/02\/250130_CZ_BOR012-scaled-e1739631499341-768x288.jpg 768w, https:\/\/www.vfl-westercelle.de\/fb\/wp-content\/uploads\/sites\/3\/2025\/02\/250130_CZ_BOR012-scaled-e1739631499341-1536x576.jpg 1536w, https:\/\/www.vfl-westercelle.de\/fb\/wp-content\/uploads\/sites\/3\/2025\/02\/250130_CZ_BOR012-scaled-e1739631499341-2048x768.jpg 2048w, https:\/\/www.vfl-westercelle.de\/fb\/wp-content\/uploads\/sites\/3\/2025\/02\/250130_CZ_BOR012-scaled-e1739631499341-1500x563.jpg 1500w, https:\/\/www.vfl-westercelle.de\/fb\/wp-content\/uploads\/sites\/3\/2025\/02\/250130_CZ_BOR012-scaled-e1739631499341-705x264.jpg 705w, https:\/\/www.vfl-westercelle.de\/fb\/wp-content\/uploads\/sites\/3\/2025\/02\/250130_CZ_BOR012-scaled-e1739631499341-128x48.jpg 128w, https:\/\/www.vfl-westercelle.de\/fb\/wp-content\/uploads\/sites\/3\/2025\/02\/250130_CZ_BOR012-scaled-e1739631499341-32x12.jpg 32w\" sizes=\"(max-width: 1030px) 100vw, 1030px\" \/><\/div><\/div><\/div><br \/>\n<section  class='av_textblock_section av-m76b9xh7-f6b350a0eb13b160a44620670c5f3748 '   itemscope=\"itemscope\" itemtype=\"https:\/\/schema.org\/BlogPosting\" itemprop=\"blogPost\" ><div class='avia_textblock'  itemprop=\"text\" ><p>Begeisternde Stimmung am 30. Januar in der Nadelberghalle: Auf dem Fu\u00dfballfeld spielen 12 Teams der Erst- und Zweitkl\u00e4ssler aus 11 Celler Grundschulen mit h\u00f6chstem Einsatz um den Westerceller Grundschulcup, auf den Zuschauerr\u00e4ngen unentwegt angefeuert von Fangruppen und Eltern der beteiligten Schulen. In einer Vorrunde, aufgeteilt in Gruppe A und B, ermitteln die Mannschaften aus 6 Spielern und Spielerinnen (mindestens 1 M\u00e4dchen) 4 Finalisten. Im ersten Halbfinale schl\u00e4gt die GS Vorwerk die GS Heese S\u00fcd I mit 1:0, und im 2. Halbfinale kommt es zu einem brisanten 7-Meter-Schie\u00dfen, das die GS Hehlentor gegen die GS Klein Hehlen knapp mit 3:2 entscheidet. Das spannende Finale gewinnt schlie\u00dflich die GS Vorwerk gegen die GS Hehlentor mit 3:0. Unbeschreiblicher Jubel aufseiten der kleinen Fu\u00dfballk\u00f6nige aus Vorwerk, die von zwei Lehrerinnen und einer Mutter gemanagt werden!<\/p>\n<\/div><\/section><\/p><\/div>\n<style type=\"text\/css\" data-created_by=\"avia_inline_auto\" id=\"style-css-av-m76bmzzf-fa286b0d9394f2f2f7942b7bb5c91ca2\">\n#top .avia-gallery.av-m76bmzzf-fa286b0d9394f2f2f7942b7bb5c91ca2 .avia-gallery-thumb a{\nwidth:25%;\n}\n<\/style>\n<div  class='avia-gallery av-m76bmzzf-fa286b0d9394f2f2f7942b7bb5c91ca2 avia_animate_when_visible  avia-builder-el-3  el_after_av_one_full  el_before_av_textblock  avia_lazyload avia-gallery-animate avia-gallery-1'  itemprop=\"image\" itemscope=\"itemscope\" itemtype=\"https:\/\/schema.org\/ImageObject\" ><meta itemprop=\"contentURL\" content=\"https:\/\/www.vfl-westercelle.de\/fb\/10-westerceller-grundschulcup-fussball-statt-schulbank\/\"><div class='avia-gallery-thumb'><a href=\"https:\/\/www.vfl-westercelle.de\/fb\/wp-content\/uploads\/sites\/3\/2025\/02\/250130_CZ_BOR175-1030x687.jpg\" data-srcset=\"https:\/\/www.vfl-westercelle.de\/fb\/wp-content\/uploads\/sites\/3\/2025\/02\/250130_CZ_BOR175-1030x687.jpg 1030w, https:\/\/www.vfl-westercelle.de\/fb\/wp-content\/uploads\/sites\/3\/2025\/02\/250130_CZ_BOR175-300x200.jpg 300w, https:\/\/www.vfl-westercelle.de\/fb\/wp-content\/uploads\/sites\/3\/2025\/02\/250130_CZ_BOR175-768x512.jpg 768w, https:\/\/www.vfl-westercelle.de\/fb\/wp-content\/uploads\/sites\/3\/2025\/02\/250130_CZ_BOR175-1536x1025.jpg 1536w, https:\/\/www.vfl-westercelle.de\/fb\/wp-content\/uploads\/sites\/3\/2025\/02\/250130_CZ_BOR175-2048x1366.jpg 2048w, https:\/\/www.vfl-westercelle.de\/fb\/wp-content\/uploads\/sites\/3\/2025\/02\/250130_CZ_BOR175-1500x1001.jpg 1500w, https:\/\/www.vfl-westercelle.de\/fb\/wp-content\/uploads\/sites\/3\/2025\/02\/250130_CZ_BOR175-705x470.jpg 705w, https:\/\/www.vfl-westercelle.de\/fb\/wp-content\/uploads\/sites\/3\/2025\/02\/250130_CZ_BOR175-128x85.jpg 128w, https:\/\/www.vfl-westercelle.de\/fb\/wp-content\/uploads\/sites\/3\/2025\/02\/250130_CZ_BOR175-32x21.jpg 32w\" data-sizes=\"(max-width: 1030px) 100vw, 1030px\" data-rel='gallery-1' data-prev-img='https:\/\/www.vfl-westercelle.de\/fb\/wp-content\/uploads\/sites\/3\/2025\/02\/250130_CZ_BOR175-495x400.jpg' class='first_thumb lightbox ' data-onclick='1' title='Celle, 30.01.2025: Grundschulcup des VfL Westercelle (GS Wietzenbruch &#8211; ?)'  itemprop=\"thumbnailUrl\"  ><img decoding=\"async\" fetchpriority=\"high\" class=\"wp-image-26574 avia-img-lazy-loading-not-26574\"  data-avia-tooltip='Celle, 30.01.2025: Grundschulcup des VfL Westercelle (GS Wietzenbruch &#8211; ?)' src=\"https:\/\/www.vfl-westercelle.de\/fb\/wp-content\/uploads\/sites\/3\/2025\/02\/250130_CZ_BOR175-495x400.jpg\" width=\"495\" height=\"400\"  title='Westerceller Grundschulcup' alt='' srcset=\"https:\/\/www.vfl-westercelle.de\/fb\/wp-content\/uploads\/sites\/3\/2025\/02\/250130_CZ_BOR175-495x400.jpg 495w, https:\/\/www.vfl-westercelle.de\/fb\/wp-content\/uploads\/sites\/3\/2025\/02\/250130_CZ_BOR175-845x684.jpg 845w\" sizes=\"(max-width: 495px) 100vw, 495px\" \/><div class='big-prev-fake'><img decoding=\"async\" loading=\"lazy\" class=\"wp-image-26574 avia-img-lazy-loading-26574\"  width=\"495\" height=\"400\" src=\"https:\/\/www.vfl-westercelle.de\/fb\/wp-content\/uploads\/sites\/3\/2025\/02\/250130_CZ_BOR175-495x400.jpg\" title='Westerceller Grundschulcup' alt='' srcset=\"https:\/\/www.vfl-westercelle.de\/fb\/wp-content\/uploads\/sites\/3\/2025\/02\/250130_CZ_BOR175-495x400.jpg 495w, https:\/\/www.vfl-westercelle.de\/fb\/wp-content\/uploads\/sites\/3\/2025\/02\/250130_CZ_BOR175-845x684.jpg 845w\" sizes=\"auto, (max-width: 495px) 100vw, 495px\" \/><\/div><\/a><a href=\"https:\/\/www.vfl-westercelle.de\/fb\/wp-content\/uploads\/sites\/3\/2025\/02\/250130_CZ_BOR163-1030x687.jpg\" data-srcset=\"https:\/\/www.vfl-westercelle.de\/fb\/wp-content\/uploads\/sites\/3\/2025\/02\/250130_CZ_BOR163-1030x687.jpg 1030w, https:\/\/www.vfl-westercelle.de\/fb\/wp-content\/uploads\/sites\/3\/2025\/02\/250130_CZ_BOR163-300x200.jpg 300w, https:\/\/www.vfl-westercelle.de\/fb\/wp-content\/uploads\/sites\/3\/2025\/02\/250130_CZ_BOR163-768x512.jpg 768w, https:\/\/www.vfl-westercelle.de\/fb\/wp-content\/uploads\/sites\/3\/2025\/02\/250130_CZ_BOR163-1536x1025.jpg 1536w, https:\/\/www.vfl-westercelle.de\/fb\/wp-content\/uploads\/sites\/3\/2025\/02\/250130_CZ_BOR163-2048x1366.jpg 2048w, https:\/\/www.vfl-westercelle.de\/fb\/wp-content\/uploads\/sites\/3\/2025\/02\/250130_CZ_BOR163-1500x1001.jpg 1500w, https:\/\/www.vfl-westercelle.de\/fb\/wp-content\/uploads\/sites\/3\/2025\/02\/250130_CZ_BOR163-705x470.jpg 705w, https:\/\/www.vfl-westercelle.de\/fb\/wp-content\/uploads\/sites\/3\/2025\/02\/250130_CZ_BOR163-128x85.jpg 128w, https:\/\/www.vfl-westercelle.de\/fb\/wp-content\/uploads\/sites\/3\/2025\/02\/250130_CZ_BOR163-32x21.jpg 32w\" data-sizes=\"(max-width: 1030px) 100vw, 1030px\" data-rel='gallery-1' data-prev-img='https:\/\/www.vfl-westercelle.de\/fb\/wp-content\/uploads\/sites\/3\/2025\/02\/250130_CZ_BOR163-495x400.jpg' class='lightbox ' data-onclick='2' title='Celle, 30.01.2025: Grundschulcup des VfL Westercelle (GS Vorwerk &#8211; Katholische Grundschule)'  itemprop=\"thumbnailUrl\"  ><img decoding=\"async\" fetchpriority=\"high\" class=\"wp-image-26573 avia-img-lazy-loading-not-26573\"  data-avia-tooltip='Celle, 30.01.2025: Grundschulcup des VfL Westercelle (GS Vorwerk &#8211; Katholische Grundschule)' src=\"https:\/\/www.vfl-westercelle.de\/fb\/wp-content\/uploads\/sites\/3\/2025\/02\/250130_CZ_BOR163-495x400.jpg\" width=\"495\" height=\"400\"  title='Westerceller Grundschulcup' alt='' srcset=\"https:\/\/www.vfl-westercelle.de\/fb\/wp-content\/uploads\/sites\/3\/2025\/02\/250130_CZ_BOR163-495x400.jpg 495w, https:\/\/www.vfl-westercelle.de\/fb\/wp-content\/uploads\/sites\/3\/2025\/02\/250130_CZ_BOR163-845x684.jpg 845w\" sizes=\"(max-width: 495px) 100vw, 495px\" \/><div class='big-prev-fake'><img decoding=\"async\" loading=\"lazy\" class=\"wp-image-26573 avia-img-lazy-loading-26573\"  width=\"495\" height=\"400\" src=\"https:\/\/www.vfl-westercelle.de\/fb\/wp-content\/uploads\/sites\/3\/2025\/02\/250130_CZ_BOR163-495x400.jpg\" title='Westerceller Grundschulcup' alt='' srcset=\"https:\/\/www.vfl-westercelle.de\/fb\/wp-content\/uploads\/sites\/3\/2025\/02\/250130_CZ_BOR163-495x400.jpg 495w, https:\/\/www.vfl-westercelle.de\/fb\/wp-content\/uploads\/sites\/3\/2025\/02\/250130_CZ_BOR163-845x684.jpg 845w\" sizes=\"auto, (max-width: 495px) 100vw, 495px\" \/><\/div><\/a><a href=\"https:\/\/www.vfl-westercelle.de\/fb\/wp-content\/uploads\/sites\/3\/2025\/02\/250130_CZ_BOR141-1030x687.jpg\" data-srcset=\"https:\/\/www.vfl-westercelle.de\/fb\/wp-content\/uploads\/sites\/3\/2025\/02\/250130_CZ_BOR141-1030x687.jpg 1030w, https:\/\/www.vfl-westercelle.de\/fb\/wp-content\/uploads\/sites\/3\/2025\/02\/250130_CZ_BOR141-300x200.jpg 300w, https:\/\/www.vfl-westercelle.de\/fb\/wp-content\/uploads\/sites\/3\/2025\/02\/250130_CZ_BOR141-768x512.jpg 768w, https:\/\/www.vfl-westercelle.de\/fb\/wp-content\/uploads\/sites\/3\/2025\/02\/250130_CZ_BOR141-1536x1025.jpg 1536w, https:\/\/www.vfl-westercelle.de\/fb\/wp-content\/uploads\/sites\/3\/2025\/02\/250130_CZ_BOR141-2048x1366.jpg 2048w, https:\/\/www.vfl-westercelle.de\/fb\/wp-content\/uploads\/sites\/3\/2025\/02\/250130_CZ_BOR141-1500x1001.jpg 1500w, https:\/\/www.vfl-westercelle.de\/fb\/wp-content\/uploads\/sites\/3\/2025\/02\/250130_CZ_BOR141-705x470.jpg 705w, https:\/\/www.vfl-westercelle.de\/fb\/wp-content\/uploads\/sites\/3\/2025\/02\/250130_CZ_BOR141-128x85.jpg 128w, https:\/\/www.vfl-westercelle.de\/fb\/wp-content\/uploads\/sites\/3\/2025\/02\/250130_CZ_BOR141-32x21.jpg 32w\" data-sizes=\"(max-width: 1030px) 100vw, 1030px\" data-rel='gallery-1' data-prev-img='https:\/\/www.vfl-westercelle.de\/fb\/wp-content\/uploads\/sites\/3\/2025\/02\/250130_CZ_BOR141-495x400.jpg' class='lightbox ' data-onclick='3' title='Celle, 30.01.2025: Grundschulcup des VfL Westercelle (GS Vorwerk &#8211; Katholische Grundschule)'  itemprop=\"thumbnailUrl\"  ><img decoding=\"async\" fetchpriority=\"high\" class=\"wp-image-26572 avia-img-lazy-loading-not-26572\"  data-avia-tooltip='Celle, 30.01.2025: Grundschulcup des VfL Westercelle (GS Vorwerk &#8211; Katholische Grundschule)' src=\"https:\/\/www.vfl-westercelle.de\/fb\/wp-content\/uploads\/sites\/3\/2025\/02\/250130_CZ_BOR141-495x400.jpg\" width=\"495\" height=\"400\"  title='Westerceller Grundschulcup' alt='' srcset=\"https:\/\/www.vfl-westercelle.de\/fb\/wp-content\/uploads\/sites\/3\/2025\/02\/250130_CZ_BOR141-495x400.jpg 495w, https:\/\/www.vfl-westercelle.de\/fb\/wp-content\/uploads\/sites\/3\/2025\/02\/250130_CZ_BOR141-845x684.jpg 845w\" sizes=\"(max-width: 495px) 100vw, 495px\" \/><div class='big-prev-fake'><img decoding=\"async\" loading=\"lazy\" class=\"wp-image-26572 avia-img-lazy-loading-26572\"  width=\"495\" height=\"400\" src=\"https:\/\/www.vfl-westercelle.de\/fb\/wp-content\/uploads\/sites\/3\/2025\/02\/250130_CZ_BOR141-495x400.jpg\" title='Westerceller Grundschulcup' alt='' srcset=\"https:\/\/www.vfl-westercelle.de\/fb\/wp-content\/uploads\/sites\/3\/2025\/02\/250130_CZ_BOR141-495x400.jpg 495w, https:\/\/www.vfl-westercelle.de\/fb\/wp-content\/uploads\/sites\/3\/2025\/02\/250130_CZ_BOR141-845x684.jpg 845w\" sizes=\"auto, (max-width: 495px) 100vw, 495px\" \/><\/div><\/a><a href=\"https:\/\/www.vfl-westercelle.de\/fb\/wp-content\/uploads\/sites\/3\/2025\/02\/250130_CZ_BOR116-1030x687.jpg\" data-srcset=\"https:\/\/www.vfl-westercelle.de\/fb\/wp-content\/uploads\/sites\/3\/2025\/02\/250130_CZ_BOR116-1030x687.jpg 1030w, https:\/\/www.vfl-westercelle.de\/fb\/wp-content\/uploads\/sites\/3\/2025\/02\/250130_CZ_BOR116-300x200.jpg 300w, https:\/\/www.vfl-westercelle.de\/fb\/wp-content\/uploads\/sites\/3\/2025\/02\/250130_CZ_BOR116-768x512.jpg 768w, https:\/\/www.vfl-westercelle.de\/fb\/wp-content\/uploads\/sites\/3\/2025\/02\/250130_CZ_BOR116-1536x1025.jpg 1536w, https:\/\/www.vfl-westercelle.de\/fb\/wp-content\/uploads\/sites\/3\/2025\/02\/250130_CZ_BOR116-2048x1366.jpg 2048w, https:\/\/www.vfl-westercelle.de\/fb\/wp-content\/uploads\/sites\/3\/2025\/02\/250130_CZ_BOR116-1500x1001.jpg 1500w, https:\/\/www.vfl-westercelle.de\/fb\/wp-content\/uploads\/sites\/3\/2025\/02\/250130_CZ_BOR116-705x470.jpg 705w, https:\/\/www.vfl-westercelle.de\/fb\/wp-content\/uploads\/sites\/3\/2025\/02\/250130_CZ_BOR116-128x85.jpg 128w, https:\/\/www.vfl-westercelle.de\/fb\/wp-content\/uploads\/sites\/3\/2025\/02\/250130_CZ_BOR116-32x21.jpg 32w\" data-sizes=\"(max-width: 1030px) 100vw, 1030px\" data-rel='gallery-1' data-prev-img='https:\/\/www.vfl-westercelle.de\/fb\/wp-content\/uploads\/sites\/3\/2025\/02\/250130_CZ_BOR116-495x400.jpg' class='lightbox ' data-onclick='4' title='Celle, 30.01.2025: Grundschulcup des VfL Westercelle (GS Heese-S\u00fcd &#8211; GS Westercelle)'  itemprop=\"thumbnailUrl\"  ><img decoding=\"async\" fetchpriority=\"high\" class=\"wp-image-26571 avia-img-lazy-loading-not-26571\"  data-avia-tooltip='Celle, 30.01.2025: Grundschulcup des VfL Westercelle (GS Heese-S\u00fcd &#8211; GS Westercelle)' src=\"https:\/\/www.vfl-westercelle.de\/fb\/wp-content\/uploads\/sites\/3\/2025\/02\/250130_CZ_BOR116-495x400.jpg\" width=\"495\" height=\"400\"  title='Westerceller Grundschulcup' alt='' srcset=\"https:\/\/www.vfl-westercelle.de\/fb\/wp-content\/uploads\/sites\/3\/2025\/02\/250130_CZ_BOR116-495x400.jpg 495w, https:\/\/www.vfl-westercelle.de\/fb\/wp-content\/uploads\/sites\/3\/2025\/02\/250130_CZ_BOR116-845x684.jpg 845w\" sizes=\"(max-width: 495px) 100vw, 495px\" \/><div class='big-prev-fake'><img decoding=\"async\" loading=\"lazy\" class=\"wp-image-26571 avia-img-lazy-loading-26571\"  width=\"495\" height=\"400\" src=\"https:\/\/www.vfl-westercelle.de\/fb\/wp-content\/uploads\/sites\/3\/2025\/02\/250130_CZ_BOR116-495x400.jpg\" title='Westerceller Grundschulcup' alt='' srcset=\"https:\/\/www.vfl-westercelle.de\/fb\/wp-content\/uploads\/sites\/3\/2025\/02\/250130_CZ_BOR116-495x400.jpg 495w, https:\/\/www.vfl-westercelle.de\/fb\/wp-content\/uploads\/sites\/3\/2025\/02\/250130_CZ_BOR116-845x684.jpg 845w\" sizes=\"auto, (max-width: 495px) 100vw, 495px\" \/><\/div><\/a><a href=\"https:\/\/www.vfl-westercelle.de\/fb\/wp-content\/uploads\/sites\/3\/2025\/02\/250130_CZ_BOR102-1030x687.jpg\" data-srcset=\"https:\/\/www.vfl-westercelle.de\/fb\/wp-content\/uploads\/sites\/3\/2025\/02\/250130_CZ_BOR102-1030x687.jpg 1030w, https:\/\/www.vfl-westercelle.de\/fb\/wp-content\/uploads\/sites\/3\/2025\/02\/250130_CZ_BOR102-300x200.jpg 300w, https:\/\/www.vfl-westercelle.de\/fb\/wp-content\/uploads\/sites\/3\/2025\/02\/250130_CZ_BOR102-768x512.jpg 768w, https:\/\/www.vfl-westercelle.de\/fb\/wp-content\/uploads\/sites\/3\/2025\/02\/250130_CZ_BOR102-1536x1025.jpg 1536w, https:\/\/www.vfl-westercelle.de\/fb\/wp-content\/uploads\/sites\/3\/2025\/02\/250130_CZ_BOR102-2048x1366.jpg 2048w, https:\/\/www.vfl-westercelle.de\/fb\/wp-content\/uploads\/sites\/3\/2025\/02\/250130_CZ_BOR102-1500x1001.jpg 1500w, https:\/\/www.vfl-westercelle.de\/fb\/wp-content\/uploads\/sites\/3\/2025\/02\/250130_CZ_BOR102-705x470.jpg 705w, https:\/\/www.vfl-westercelle.de\/fb\/wp-content\/uploads\/sites\/3\/2025\/02\/250130_CZ_BOR102-128x85.jpg 128w, https:\/\/www.vfl-westercelle.de\/fb\/wp-content\/uploads\/sites\/3\/2025\/02\/250130_CZ_BOR102-32x21.jpg 32w\" data-sizes=\"(max-width: 1030px) 100vw, 1030px\" data-rel='gallery-1' data-prev-img='https:\/\/www.vfl-westercelle.de\/fb\/wp-content\/uploads\/sites\/3\/2025\/02\/250130_CZ_BOR102-495x400.jpg' class='first_thumb lightbox ' data-onclick='5' title='Grundschulcup des VfL Westercelle (GS Heese-S\u00fcd &#8211; GS Westercelle)'  itemprop=\"thumbnailUrl\"  ><img decoding=\"async\" fetchpriority=\"high\" class=\"wp-image-26570 avia-img-lazy-loading-not-26570\"  data-avia-tooltip='Grundschulcup des VfL Westercelle (GS Heese-S\u00fcd &#8211; GS Westercelle)' src=\"https:\/\/www.vfl-westercelle.de\/fb\/wp-content\/uploads\/sites\/3\/2025\/02\/250130_CZ_BOR102-495x400.jpg\" width=\"495\" height=\"400\"  title='Westerceller Grundschulcup' alt='' srcset=\"https:\/\/www.vfl-westercelle.de\/fb\/wp-content\/uploads\/sites\/3\/2025\/02\/250130_CZ_BOR102-495x400.jpg 495w, https:\/\/www.vfl-westercelle.de\/fb\/wp-content\/uploads\/sites\/3\/2025\/02\/250130_CZ_BOR102-845x684.jpg 845w\" sizes=\"(max-width: 495px) 100vw, 495px\" \/><div class='big-prev-fake'><img decoding=\"async\" loading=\"lazy\" class=\"wp-image-26570 avia-img-lazy-loading-26570\"  width=\"495\" height=\"400\" src=\"https:\/\/www.vfl-westercelle.de\/fb\/wp-content\/uploads\/sites\/3\/2025\/02\/250130_CZ_BOR102-495x400.jpg\" title='Westerceller Grundschulcup' alt='' srcset=\"https:\/\/www.vfl-westercelle.de\/fb\/wp-content\/uploads\/sites\/3\/2025\/02\/250130_CZ_BOR102-495x400.jpg 495w, https:\/\/www.vfl-westercelle.de\/fb\/wp-content\/uploads\/sites\/3\/2025\/02\/250130_CZ_BOR102-845x684.jpg 845w\" sizes=\"auto, (max-width: 495px) 100vw, 495px\" \/><\/div><\/a><a href=\"https:\/\/www.vfl-westercelle.de\/fb\/wp-content\/uploads\/sites\/3\/2025\/02\/250130_CZ_BOR034-1030x687.jpg\" data-srcset=\"https:\/\/www.vfl-westercelle.de\/fb\/wp-content\/uploads\/sites\/3\/2025\/02\/250130_CZ_BOR034-1030x687.jpg 1030w, https:\/\/www.vfl-westercelle.de\/fb\/wp-content\/uploads\/sites\/3\/2025\/02\/250130_CZ_BOR034-300x200.jpg 300w, https:\/\/www.vfl-westercelle.de\/fb\/wp-content\/uploads\/sites\/3\/2025\/02\/250130_CZ_BOR034-768x512.jpg 768w, https:\/\/www.vfl-westercelle.de\/fb\/wp-content\/uploads\/sites\/3\/2025\/02\/250130_CZ_BOR034-1536x1025.jpg 1536w, https:\/\/www.vfl-westercelle.de\/fb\/wp-content\/uploads\/sites\/3\/2025\/02\/250130_CZ_BOR034-2048x1366.jpg 2048w, https:\/\/www.vfl-westercelle.de\/fb\/wp-content\/uploads\/sites\/3\/2025\/02\/250130_CZ_BOR034-1500x1001.jpg 1500w, https:\/\/www.vfl-westercelle.de\/fb\/wp-content\/uploads\/sites\/3\/2025\/02\/250130_CZ_BOR034-705x470.jpg 705w, https:\/\/www.vfl-westercelle.de\/fb\/wp-content\/uploads\/sites\/3\/2025\/02\/250130_CZ_BOR034-128x85.jpg 128w, https:\/\/www.vfl-westercelle.de\/fb\/wp-content\/uploads\/sites\/3\/2025\/02\/250130_CZ_BOR034-32x21.jpg 32w\" data-sizes=\"(max-width: 1030px) 100vw, 1030px\" data-rel='gallery-1' data-prev-img='https:\/\/www.vfl-westercelle.de\/fb\/wp-content\/uploads\/sites\/3\/2025\/02\/250130_CZ_BOR034-495x400.jpg' class='lightbox ' data-onclick='6' title='Celle, 30.01.2025: Grundschulcup des VfL Westercelle (GS Gar\u00dfen &#8211; Hehlentorschule)'  itemprop=\"thumbnailUrl\"  ><img decoding=\"async\" fetchpriority=\"high\" class=\"wp-image-26568 avia-img-lazy-loading-not-26568\"  data-avia-tooltip='Celle, 30.01.2025: Grundschulcup des VfL Westercelle (GS Gar\u00dfen &#8211; Hehlentorschule)' src=\"https:\/\/www.vfl-westercelle.de\/fb\/wp-content\/uploads\/sites\/3\/2025\/02\/250130_CZ_BOR034-495x400.jpg\" width=\"495\" height=\"400\"  title='Westerceller Grundschulcup' alt='' srcset=\"https:\/\/www.vfl-westercelle.de\/fb\/wp-content\/uploads\/sites\/3\/2025\/02\/250130_CZ_BOR034-495x400.jpg 495w, https:\/\/www.vfl-westercelle.de\/fb\/wp-content\/uploads\/sites\/3\/2025\/02\/250130_CZ_BOR034-845x684.jpg 845w\" sizes=\"(max-width: 495px) 100vw, 495px\" \/><div class='big-prev-fake'><img decoding=\"async\" loading=\"lazy\" class=\"wp-image-26568 avia-img-lazy-loading-26568\"  width=\"495\" height=\"400\" src=\"https:\/\/www.vfl-westercelle.de\/fb\/wp-content\/uploads\/sites\/3\/2025\/02\/250130_CZ_BOR034-495x400.jpg\" title='Westerceller Grundschulcup' alt='' srcset=\"https:\/\/www.vfl-westercelle.de\/fb\/wp-content\/uploads\/sites\/3\/2025\/02\/250130_CZ_BOR034-495x400.jpg 495w, https:\/\/www.vfl-westercelle.de\/fb\/wp-content\/uploads\/sites\/3\/2025\/02\/250130_CZ_BOR034-845x684.jpg 845w\" sizes=\"auto, (max-width: 495px) 100vw, 495px\" \/><\/div><\/a><a href=\"https:\/\/www.vfl-westercelle.de\/fb\/wp-content\/uploads\/sites\/3\/2025\/02\/250130_CZ_BOR051-1030x687.jpg\" data-srcset=\"https:\/\/www.vfl-westercelle.de\/fb\/wp-content\/uploads\/sites\/3\/2025\/02\/250130_CZ_BOR051-1030x687.jpg 1030w, https:\/\/www.vfl-westercelle.de\/fb\/wp-content\/uploads\/sites\/3\/2025\/02\/250130_CZ_BOR051-300x200.jpg 300w, https:\/\/www.vfl-westercelle.de\/fb\/wp-content\/uploads\/sites\/3\/2025\/02\/250130_CZ_BOR051-768x512.jpg 768w, https:\/\/www.vfl-westercelle.de\/fb\/wp-content\/uploads\/sites\/3\/2025\/02\/250130_CZ_BOR051-1536x1025.jpg 1536w, https:\/\/www.vfl-westercelle.de\/fb\/wp-content\/uploads\/sites\/3\/2025\/02\/250130_CZ_BOR051-2048x1366.jpg 2048w, https:\/\/www.vfl-westercelle.de\/fb\/wp-content\/uploads\/sites\/3\/2025\/02\/250130_CZ_BOR051-1500x1001.jpg 1500w, https:\/\/www.vfl-westercelle.de\/fb\/wp-content\/uploads\/sites\/3\/2025\/02\/250130_CZ_BOR051-705x470.jpg 705w, https:\/\/www.vfl-westercelle.de\/fb\/wp-content\/uploads\/sites\/3\/2025\/02\/250130_CZ_BOR051-128x85.jpg 128w, https:\/\/www.vfl-westercelle.de\/fb\/wp-content\/uploads\/sites\/3\/2025\/02\/250130_CZ_BOR051-32x21.jpg 32w\" data-sizes=\"(max-width: 1030px) 100vw, 1030px\" data-rel='gallery-1' data-prev-img='https:\/\/www.vfl-westercelle.de\/fb\/wp-content\/uploads\/sites\/3\/2025\/02\/250130_CZ_BOR051-495x400.jpg' class='lightbox ' data-onclick='7' title='Celle, 30.01.2025: Grundschulcup des VfL Westercelle'  itemprop=\"thumbnailUrl\"  ><img decoding=\"async\" fetchpriority=\"high\" class=\"wp-image-26569 avia-img-lazy-loading-not-26569\"  data-avia-tooltip='Celle, 30.01.2025: Grundschulcup des VfL Westercelle' src=\"https:\/\/www.vfl-westercelle.de\/fb\/wp-content\/uploads\/sites\/3\/2025\/02\/250130_CZ_BOR051-495x400.jpg\" width=\"495\" height=\"400\"  title='Westerceller Grundschulcup' alt='' srcset=\"https:\/\/www.vfl-westercelle.de\/fb\/wp-content\/uploads\/sites\/3\/2025\/02\/250130_CZ_BOR051-495x400.jpg 495w, https:\/\/www.vfl-westercelle.de\/fb\/wp-content\/uploads\/sites\/3\/2025\/02\/250130_CZ_BOR051-845x684.jpg 845w\" sizes=\"(max-width: 495px) 100vw, 495px\" \/><div class='big-prev-fake'><img decoding=\"async\" loading=\"lazy\" class=\"wp-image-26569 avia-img-lazy-loading-26569\"  width=\"495\" height=\"400\" src=\"https:\/\/www.vfl-westercelle.de\/fb\/wp-content\/uploads\/sites\/3\/2025\/02\/250130_CZ_BOR051-495x400.jpg\" title='Westerceller Grundschulcup' alt='' srcset=\"https:\/\/www.vfl-westercelle.de\/fb\/wp-content\/uploads\/sites\/3\/2025\/02\/250130_CZ_BOR051-495x400.jpg 495w, https:\/\/www.vfl-westercelle.de\/fb\/wp-content\/uploads\/sites\/3\/2025\/02\/250130_CZ_BOR051-845x684.jpg 845w\" sizes=\"auto, (max-width: 495px) 100vw, 495px\" \/><\/div><\/a><a href=\"https:\/\/www.vfl-westercelle.de\/fb\/wp-content\/uploads\/sites\/3\/2025\/02\/IMG-20250130-WA0023-1030x464.jpg\" data-srcset=\"https:\/\/www.vfl-westercelle.de\/fb\/wp-content\/uploads\/sites\/3\/2025\/02\/IMG-20250130-WA0023-1030x464.jpg 1030w, https:\/\/www.vfl-westercelle.de\/fb\/wp-content\/uploads\/sites\/3\/2025\/02\/IMG-20250130-WA0023-300x135.jpg 300w, https:\/\/www.vfl-westercelle.de\/fb\/wp-content\/uploads\/sites\/3\/2025\/02\/IMG-20250130-WA0023-768x346.jpg 768w, https:\/\/www.vfl-westercelle.de\/fb\/wp-content\/uploads\/sites\/3\/2025\/02\/IMG-20250130-WA0023-1536x692.jpg 1536w, https:\/\/www.vfl-westercelle.de\/fb\/wp-content\/uploads\/sites\/3\/2025\/02\/IMG-20250130-WA0023-1500x676.jpg 1500w, https:\/\/www.vfl-westercelle.de\/fb\/wp-content\/uploads\/sites\/3\/2025\/02\/IMG-20250130-WA0023-705x318.jpg 705w, https:\/\/www.vfl-westercelle.de\/fb\/wp-content\/uploads\/sites\/3\/2025\/02\/IMG-20250130-WA0023-128x58.jpg 128w, https:\/\/www.vfl-westercelle.de\/fb\/wp-content\/uploads\/sites\/3\/2025\/02\/IMG-20250130-WA0023-32x14.jpg 32w, https:\/\/www.vfl-westercelle.de\/fb\/wp-content\/uploads\/sites\/3\/2025\/02\/IMG-20250130-WA0023.jpg 2048w\" data-sizes=\"(max-width: 1030px) 100vw, 1030px\" data-rel='gallery-1' data-prev-img='https:\/\/www.vfl-westercelle.de\/fb\/wp-content\/uploads\/sites\/3\/2025\/02\/IMG-20250130-WA0023-495x400.jpg' class='lightbox ' data-onclick='8' title='Celle, 30.01.2025: Grundschulcup des VfL Westercelle'  itemprop=\"thumbnailUrl\"  ><img decoding=\"async\" fetchpriority=\"high\" class=\"wp-image-26575 avia-img-lazy-loading-not-26575\"  data-avia-tooltip='Celle, 30.01.2025: Grundschulcup des VfL Westercelle' src=\"https:\/\/www.vfl-westercelle.de\/fb\/wp-content\/uploads\/sites\/3\/2025\/02\/IMG-20250130-WA0023-495x400.jpg\" width=\"495\" height=\"400\"  title='IMG-20250130-WA0023' alt='' srcset=\"https:\/\/www.vfl-westercelle.de\/fb\/wp-content\/uploads\/sites\/3\/2025\/02\/IMG-20250130-WA0023-495x400.jpg 495w, https:\/\/www.vfl-westercelle.de\/fb\/wp-content\/uploads\/sites\/3\/2025\/02\/IMG-20250130-WA0023-845x684.jpg 845w\" sizes=\"(max-width: 495px) 100vw, 495px\" \/><div class='big-prev-fake'><img decoding=\"async\" loading=\"lazy\" class=\"wp-image-26575 avia-img-lazy-loading-26575\"  width=\"495\" height=\"400\" src=\"https:\/\/www.vfl-westercelle.de\/fb\/wp-content\/uploads\/sites\/3\/2025\/02\/IMG-20250130-WA0023-495x400.jpg\" title='IMG-20250130-WA0023' alt='' srcset=\"https:\/\/www.vfl-westercelle.de\/fb\/wp-content\/uploads\/sites\/3\/2025\/02\/IMG-20250130-WA0023-495x400.jpg 495w, https:\/\/www.vfl-westercelle.de\/fb\/wp-content\/uploads\/sites\/3\/2025\/02\/IMG-20250130-WA0023-845x684.jpg 845w\" sizes=\"auto, (max-width: 495px) 100vw, 495px\" \/><\/div><\/a><\/div><\/div><\/p>\n<section  class='av_textblock_section av-m76beo5a-7b49a63f511ed30b2fd0d48a0b094532 '   itemscope=\"itemscope\" itemtype=\"https:\/\/schema.org\/BlogPosting\" itemprop=\"blogPost\" ><div class='avia_textblock'  itemprop=\"text\" ><p>Beim Grundschulcup z\u00e4hlen aber nicht nur die Tore, sondern auch faires Spielen, Zusammenhalt und Engagement, beurteilt von den Schiedsrichtern. Dieses Jahr vergaben die beiden Jungschiedsrichter Marten Kr\u00fcger und Konstantin Gl\u00fcck die meisten Punkte an die GS Wietzenbruch, die somit den Fairness-Pokal gewann. Das Turnier, das eine hohe Eigendynamik entwickelte, wurde zum ersten Mal haupts\u00e4chlich von einem jungen FSJler organisiert: Hannes Neumann, begleitet von den seit dem 1. Grundschulcup bew\u00e4hrten VfL-Kr\u00e4ften Michael Kruse und Fritz Spering.<\/p>\n<p>Mit Ausnahme der beiden Corona-Jahre 2021\/22 hat der Grundschulcup seit 2013\/14 j\u00e4hrlich mit insgesamt 104 Mannschaften stattgefunden. Eine \u00dcbersicht findet sich auf der Seite des <a href=\"https:\/\/www.vfl-westercelle.de\/fb\/grundschulcup\/\" target=\"_blank\" rel=\"noopener\">Westerceller Grundschulcups<\/a>.<\/p>\n<p>Zum Aufbau der Energiereserven nach dem anstrengenden Kicken konnten sich die Sch\u00fcler und Sch\u00fclerinnen an einem Versorgungsstand bedienen. Die Lebensmittel wurden von Westerceller Gesch\u00e4ftsleuten (2025: EDEKA Cramer, Fleischerei Zimmermann, S\u00f6nke&#8217;s Gr\u00fcnzeug und B\u00e4ckerei Stremmel) freundlicherweise zur Verf\u00fcgung gestellt und seit 2016 von der UNICEF-Arbeitsgruppe Celle angeboten, m\u00f6glichst gegen eine kleine Spende. In 8 Jahren wurden insgesamt 1801,30 Euro f\u00fcr aktuelle Entwicklungsprojekte gesammelt.<\/p>\n<p>So f\u00f6rdert die Jugendabteilung des VfL Westercelle nicht nur die Fu\u00dfball-Freude der 7- und 8-j\u00e4hrigen Sch\u00fcler und Sch\u00fclerinnen, sondern tr\u00e4gt auch zur globalen Nothilfe bei, dieses Jahr in den Konfliktgebieten Ukraine, Gaza und Sudan!<\/p>\n<p>Text: Dr. Fritz Spering<br \/>\nBilder: David Borghoff<\/p>\n<\/div><\/section>\n","protected":false},"excerpt":{"rendered":"","protected":false},"author":9,"featured_media":26567,"comment_status":"closed","ping_status":"closed","sticky":false,"template":"","format":"standard","meta":{"footnotes":""},"categories":[17],"tags":[190],"class_list":["post-26564","post","type-post","status-publish","format-standard","has-post-thumbnail","hentry","category-fussball","tag-grundschulcup"],"_links":{"self":[{"href":"https:\/\/www.vfl-westercelle.de\/fb\/wp-json\/wp\/v2\/posts\/26564","targetHints":{"allow":["GET"]}}],"collection":[{"href":"https:\/\/www.vfl-westercelle.de\/fb\/wp-json\/wp\/v2\/posts"}],"about":[{"href":"https:\/\/www.vfl-westercelle.de\/fb\/wp-json\/wp\/v2\/types\/post"}],"author":[{"embeddable":true,"href":"https:\/\/www.vfl-westercelle.de\/fb\/wp-json\/wp\/v2\/users\/9"}],"replies":[{"embeddable":true,"href":"https:\/\/www.vfl-westercelle.de\/fb\/wp-json\/wp\/v2\/comments?post=26564"}],"version-history":[{"count":2,"href":"https:\/\/www.vfl-westercelle.de\/fb\/wp-json\/wp\/v2\/posts\/26564\/revisions"}],"predecessor-version":[{"id":26577,"href":"https:\/\/www.vfl-westercelle.de\/fb\/wp-json\/wp\/v2\/posts\/26564\/revisions\/26577"}],"wp:featuredmedia":[{"embeddable":true,"href":"https:\/\/www.vfl-westercelle.de\/fb\/wp-json\/wp\/v2\/media\/26567"}],"wp:attachment":[{"href":"https:\/\/www.vfl-westercelle.de\/fb\/wp-json\/wp\/v2\/media?parent=26564"}],"wp:term":[{"taxonomy":"category","embeddable":true,"href":"https:\/\/www.vfl-westercelle.de\/fb\/wp-json\/wp\/v2\/categories?post=26564"},{"taxonomy":"post_tag","embeddable":true,"href":"https:\/\/www.vfl-westercelle.de\/fb\/wp-json\/wp\/v2\/tags?post=26564"}],"curies":[{"name":"wp","href":"https:\/\/api.w.org\/{rel}","templated":true}]}}