{"id":26579,"date":"2025-02-15T16:07:01","date_gmt":"2025-02-15T15:07:01","guid":{"rendered":"https:\/\/www.vfl-westercelle.de\/fb\/?p=26579"},"modified":"2025-04-07T09:44:56","modified_gmt":"2025-04-07T07:44:56","slug":"westerceller-laufen-in-jubilaeumstrikots-auf","status":"publish","type":"post","link":"https:\/\/www.vfl-westercelle.de\/fb\/westerceller-laufen-in-jubilaeumstrikots-auf\/","title":{"rendered":"Westerceller laufen in Jubil\u00e4umstrikots auf"},"content":{"rendered":"<div  class='flex_column av-1b177sj-10c31701cdd79c959153b82813b7ad1f av_one_full  avia-builder-el-0  avia-builder-el-no-sibling  first flex_column_div  '     ><p>\n<style type=\"text\/css\" data-created_by=\"avia_inline_auto\" id=\"style-css-av-m76bz7tl-a79fe21c6b1196f4a14f135892cb2797\">\n.avia-image-container.av-m76bz7tl-a79fe21c6b1196f4a14f135892cb2797 img.avia_image{\nbox-shadow:none;\n}\n.avia-image-container.av-m76bz7tl-a79fe21c6b1196f4a14f135892cb2797 .av-image-caption-overlay-center{\ncolor:#ffffff;\n}\n<\/style>\n<div  class='avia-image-container av-m76bz7tl-a79fe21c6b1196f4a14f135892cb2797 av-styling- avia-align-center  avia-builder-el-1  el_before_av_textblock  avia-builder-el-first '   itemprop=\"image\" itemscope=\"itemscope\" itemtype=\"https:\/\/schema.org\/ImageObject\" ><div class=\"avia-image-container-inner\"><div class=\"avia-image-overlay-wrap\"><img decoding=\"async\" fetchpriority=\"high\" class='wp-image-26580 avia-img-lazy-loading-not-26580 avia_image ' src=\"https:\/\/www.vfl-westercelle.de\/fb\/wp-content\/uploads\/sites\/3\/2025\/02\/IMG-20250214-WA0080-scaled-e1739631928944-1030x386.jpg\" alt='' title='Jubil\u00e4umstrikot (2)'  height=\"386\" width=\"1030\"  itemprop=\"thumbnailUrl\" srcset=\"https:\/\/www.vfl-westercelle.de\/fb\/wp-content\/uploads\/sites\/3\/2025\/02\/IMG-20250214-WA0080-scaled-e1739631928944-1030x386.jpg 1030w, https:\/\/www.vfl-westercelle.de\/fb\/wp-content\/uploads\/sites\/3\/2025\/02\/IMG-20250214-WA0080-scaled-e1739631928944-300x113.jpg 300w, https:\/\/www.vfl-westercelle.de\/fb\/wp-content\/uploads\/sites\/3\/2025\/02\/IMG-20250214-WA0080-scaled-e1739631928944-768x288.jpg 768w, https:\/\/www.vfl-westercelle.de\/fb\/wp-content\/uploads\/sites\/3\/2025\/02\/IMG-20250214-WA0080-scaled-e1739631928944-1536x576.jpg 1536w, https:\/\/www.vfl-westercelle.de\/fb\/wp-content\/uploads\/sites\/3\/2025\/02\/IMG-20250214-WA0080-scaled-e1739631928944-2048x768.jpg 2048w, https:\/\/www.vfl-westercelle.de\/fb\/wp-content\/uploads\/sites\/3\/2025\/02\/IMG-20250214-WA0080-scaled-e1739631928944-1500x563.jpg 1500w, https:\/\/www.vfl-westercelle.de\/fb\/wp-content\/uploads\/sites\/3\/2025\/02\/IMG-20250214-WA0080-scaled-e1739631928944-705x264.jpg 705w, https:\/\/www.vfl-westercelle.de\/fb\/wp-content\/uploads\/sites\/3\/2025\/02\/IMG-20250214-WA0080-scaled-e1739631928944-128x48.jpg 128w, https:\/\/www.vfl-westercelle.de\/fb\/wp-content\/uploads\/sites\/3\/2025\/02\/IMG-20250214-WA0080-scaled-e1739631928944-32x12.jpg 32w\" sizes=\"(max-width: 1030px) 100vw, 1030px\" \/><\/div><\/div><\/div><br \/>\n<section  class='av_textblock_section av-m76btr3w-443f5a6b23c68b5fc9a240d7cda9a31a '   itemscope=\"itemscope\" itemtype=\"https:\/\/schema.org\/BlogPosting\" itemprop=\"blogPost\" ><div class='avia_textblock'  itemprop=\"text\" ><p><strong>VfL-Fans k\u00f6nnen Shirt bis Ende Februar bestellen<\/strong><\/p>\n<p>Mit vielen Veranstaltungen und Aktionen feiern die Fu\u00dfballer des VfL Westercelle in diesem Jahr ihr 75-j\u00e4hriges Vereinsjubil\u00e4um. Das Bezirksliga-Derby der 1.Herren gegen den TuS Eschede am Sonntag, 6. April, 15 Uhr, wurde zum Jubil\u00e4umsspiel ausgerufen. <em>\u201eUnser Verein und unsere Sparte wurden am 1. April 1950 gegr\u00fcndet\u201c<\/em>, berichtet Fu\u00dfballspartenleiter Christopher Menge. <em>\u201eDaher haben wir uns f\u00fcr dieses Spiel entschieden.\u201c<\/em> Als besonderes Highlight wird die 1.Herren an diesem Tag in Jubil\u00e4umstrikots auflaufen.<\/p>\n<p>Und auch die Fans k\u00f6nnen dieses Jubil\u00e4umstrikot ab sofort bis zum 28. Februar bestellen. Eine Nachricht mit Gr\u00f6\u00dfe sowie Wunschnummer und Wunschname an Spartenleiter Christopher Menge gen\u00fcgt. Der Druck ist im Sonderpreis von 40 Euro inbegriffen.<\/p>\n<p>\u201e<em>Am 6. April werden wir ausnahmsweise ohne unseren Hauptsponsor Wecon Massivhaus auf der Brust auflaufen, denn 1950 hatten wir auch keinen Sponsor auf dem Trikot. Daf\u00fcr gilt unser Dank Matthias Wede\u201c<\/em>, sagt Menge.<\/p>\n<\/div><\/section><br \/>\n\n<style type=\"text\/css\" data-created_by=\"avia_inline_auto\" id=\"style-css-av-26b2k3-72555b7ebb62db94106b0f402fd8cbc8\">\n.avia-image-container.av-26b2k3-72555b7ebb62db94106b0f402fd8cbc8 img.avia_image{\nbox-shadow:none;\n}\n.avia-image-container.av-26b2k3-72555b7ebb62db94106b0f402fd8cbc8 .av-image-caption-overlay-center{\ncolor:#ffffff;\n}\n<\/style>\n<div  class='avia-image-container av-26b2k3-72555b7ebb62db94106b0f402fd8cbc8 av-styling- avia-align-center  avia-builder-el-3  el_after_av_textblock  el_before_av_textblock '   itemprop=\"image\" itemscope=\"itemscope\" itemtype=\"https:\/\/schema.org\/ImageObject\" ><div class=\"avia-image-container-inner\"><div class=\"avia-image-overlay-wrap\"><img decoding=\"async\" fetchpriority=\"high\" class='wp-image-26581 avia-img-lazy-loading-not-26581 avia_image ' src=\"https:\/\/www.vfl-westercelle.de\/fb\/wp-content\/uploads\/sites\/3\/2025\/02\/IMG-20250214-WA0072-scaled-e1739631891384-1030x913.jpg\" alt='' title='Jubil\u00e4umstrikot (1)'  height=\"913\" width=\"1030\"  itemprop=\"thumbnailUrl\" srcset=\"https:\/\/www.vfl-westercelle.de\/fb\/wp-content\/uploads\/sites\/3\/2025\/02\/IMG-20250214-WA0072-scaled-e1739631891384-1030x913.jpg 1030w, https:\/\/www.vfl-westercelle.de\/fb\/wp-content\/uploads\/sites\/3\/2025\/02\/IMG-20250214-WA0072-scaled-e1739631891384-300x266.jpg 300w, https:\/\/www.vfl-westercelle.de\/fb\/wp-content\/uploads\/sites\/3\/2025\/02\/IMG-20250214-WA0072-scaled-e1739631891384-768x681.jpg 768w, https:\/\/www.vfl-westercelle.de\/fb\/wp-content\/uploads\/sites\/3\/2025\/02\/IMG-20250214-WA0072-scaled-e1739631891384-1536x1362.jpg 1536w, https:\/\/www.vfl-westercelle.de\/fb\/wp-content\/uploads\/sites\/3\/2025\/02\/IMG-20250214-WA0072-scaled-e1739631891384-1500x1330.jpg 1500w, https:\/\/www.vfl-westercelle.de\/fb\/wp-content\/uploads\/sites\/3\/2025\/02\/IMG-20250214-WA0072-scaled-e1739631891384-705x625.jpg 705w, https:\/\/www.vfl-westercelle.de\/fb\/wp-content\/uploads\/sites\/3\/2025\/02\/IMG-20250214-WA0072-scaled-e1739631891384-128x113.jpg 128w, https:\/\/www.vfl-westercelle.de\/fb\/wp-content\/uploads\/sites\/3\/2025\/02\/IMG-20250214-WA0072-scaled-e1739631891384-32x28.jpg 32w, https:\/\/www.vfl-westercelle.de\/fb\/wp-content\/uploads\/sites\/3\/2025\/02\/IMG-20250214-WA0072-scaled-e1739631891384.jpg 1920w\" sizes=\"(max-width: 1030px) 100vw, 1030px\" \/><\/div><\/div><\/div><br \/>\n<section  class='av_textblock_section av-m76btxmm-2904e65abff80f615e6cfe0cf1bdd48f '   itemscope=\"itemscope\" itemtype=\"https:\/\/schema.org\/BlogPosting\" itemprop=\"blogPost\" ><div class='avia_textblock'  itemprop=\"text\" ><p>Gemeinsam mit Hartmut Urban, Matthias Stiekel und Sebastian Paschke organisiert der Spartenleiter au\u00dferdem ein Ehemaligentreffen f\u00fcr alle ehemaligen Fu\u00dfballerinnen und Fu\u00dfballer, die zwischen 1950 uns 2025 f\u00fcr eine VfL-Herren- oder Frauenmannschaft aufgelaufen sind. <em>\u201eWir haben schon sehr viele Anmeldungen\u201c<\/em>; freut sich der Spartenleiter. <em>\u201eBis zum 15. M\u00e4rz kann man sich noch anmelden.\u201c<\/em><\/p>\n<p>Das Ehemaligentreffen beginnt am Sonntag, 6. April, offiziell um 14 Uhr, bereits ab 12.30 Uhr spielt die 2.Herren in der Kreisliga gegen Firat Bergen. <em>\u201eUnsere Zweite spielt eine ganz starke Saison\u201c<\/em>, sagt Menge. Es lohnt sich daher, fr\u00fchzeitig in den Westerceller Sportpark zu kommen.<\/p>\n<p><em>\u201eAlle Fans, die im VfL-Outfit kommen, haben freien Eintritt\u201c<\/em>, k\u00fcndigt Christopher Menge an. Er freut sich auf viele Bestellungen des Jubil\u00e4umstrikots.<\/p>\n<\/div><\/section><\/p><\/div>\n","protected":false},"excerpt":{"rendered":"","protected":false},"author":9,"featured_media":26580,"comment_status":"closed","ping_status":"closed","sticky":false,"template":"","format":"standard","meta":{"footnotes":""},"categories":[17],"tags":[605],"class_list":["post-26579","post","type-post","status-publish","format-standard","has-post-thumbnail","hentry","category-fussball","tag-75-jahre"],"_links":{"self":[{"href":"https:\/\/www.vfl-westercelle.de\/fb\/wp-json\/wp\/v2\/posts\/26579","targetHints":{"allow":["GET"]}}],"collection":[{"href":"https:\/\/www.vfl-westercelle.de\/fb\/wp-json\/wp\/v2\/posts"}],"about":[{"href":"https:\/\/www.vfl-westercelle.de\/fb\/wp-json\/wp\/v2\/types\/post"}],"author":[{"embeddable":true,"href":"https:\/\/www.vfl-westercelle.de\/fb\/wp-json\/wp\/v2\/users\/9"}],"replies":[{"embeddable":true,"href":"https:\/\/www.vfl-westercelle.de\/fb\/wp-json\/wp\/v2\/comments?post=26579"}],"version-history":[{"count":3,"href":"https:\/\/www.vfl-westercelle.de\/fb\/wp-json\/wp\/v2\/posts\/26579\/revisions"}],"predecessor-version":[{"id":26584,"href":"https:\/\/www.vfl-westercelle.de\/fb\/wp-json\/wp\/v2\/posts\/26579\/revisions\/26584"}],"wp:featuredmedia":[{"embeddable":true,"href":"https:\/\/www.vfl-westercelle.de\/fb\/wp-json\/wp\/v2\/media\/26580"}],"wp:attachment":[{"href":"https:\/\/www.vfl-westercelle.de\/fb\/wp-json\/wp\/v2\/media?parent=26579"}],"wp:term":[{"taxonomy":"category","embeddable":true,"href":"https:\/\/www.vfl-westercelle.de\/fb\/wp-json\/wp\/v2\/categories?post=26579"},{"taxonomy":"post_tag","embeddable":true,"href":"https:\/\/www.vfl-westercelle.de\/fb\/wp-json\/wp\/v2\/tags?post=26579"}],"curies":[{"name":"wp","href":"https:\/\/api.w.org\/{rel}","templated":true}]}}