{"id":26874,"date":"2025-04-01T10:57:03","date_gmt":"2025-04-01T08:57:03","guid":{"rendered":"https:\/\/www.vfl-westercelle.de\/fb\/?p=26874"},"modified":"2025-04-20T12:10:00","modified_gmt":"2025-04-20T10:10:00","slug":"so-feiern-westerceller-fussballer-ihr-jubilaeum","status":"publish","type":"post","link":"https:\/\/www.vfl-westercelle.de\/fb\/so-feiern-westerceller-fussballer-ihr-jubilaeum\/","title":{"rendered":"So feiern Westerceller Fu\u00dfballer ihr Jubil\u00e4um"},"content":{"rendered":"<div  class='flex_column av-1aibs56-e32b477fb0852b558935e5931490c40c av_one_full  avia-builder-el-0  el_before_av_three_fourth  avia-builder-el-first  first flex_column_div  '     ><p>\n<style type=\"text\/css\" data-created_by=\"avia_inline_auto\" id=\"style-css-av-t3imgq-b03f7e906efd782189a210d81f00c4e5\">\n.avia-image-container.av-t3imgq-b03f7e906efd782189a210d81f00c4e5 img.avia_image{\nbox-shadow:none;\n}\n.avia-image-container.av-t3imgq-b03f7e906efd782189a210d81f00c4e5 .av-image-caption-overlay-center{\ncolor:#ffffff;\n}\n<\/style>\n<div  class='avia-image-container av-t3imgq-b03f7e906efd782189a210d81f00c4e5 av-styling- avia-align-center  avia-builder-el-1  el_before_av_textblock  avia-builder-el-first '   itemprop=\"image\" itemscope=\"itemscope\" itemtype=\"https:\/\/schema.org\/ImageObject\" ><div class=\"avia-image-container-inner\"><div class=\"avia-image-overlay-wrap\"><img decoding=\"async\" fetchpriority=\"high\" class='wp-image-26877 avia-img-lazy-loading-not-26877 avia_image ' src=\"https:\/\/www.vfl-westercelle.de\/fb\/wp-content\/uploads\/sites\/3\/2025\/04\/75Jahre-vflfussball-1-e1743496430650-1030x403.jpg\" alt='' title='75Jahre-vflfussball_Titel'  height=\"403\" width=\"1030\"  itemprop=\"thumbnailUrl\" srcset=\"https:\/\/www.vfl-westercelle.de\/fb\/wp-content\/uploads\/sites\/3\/2025\/04\/75Jahre-vflfussball-1-e1743496430650-1030x403.jpg 1030w, https:\/\/www.vfl-westercelle.de\/fb\/wp-content\/uploads\/sites\/3\/2025\/04\/75Jahre-vflfussball-1-e1743496430650-300x117.jpg 300w, https:\/\/www.vfl-westercelle.de\/fb\/wp-content\/uploads\/sites\/3\/2025\/04\/75Jahre-vflfussball-1-e1743496430650-768x301.jpg 768w, https:\/\/www.vfl-westercelle.de\/fb\/wp-content\/uploads\/sites\/3\/2025\/04\/75Jahre-vflfussball-1-e1743496430650-1536x601.jpg 1536w, https:\/\/www.vfl-westercelle.de\/fb\/wp-content\/uploads\/sites\/3\/2025\/04\/75Jahre-vflfussball-1-e1743496430650-1500x587.jpg 1500w, https:\/\/www.vfl-westercelle.de\/fb\/wp-content\/uploads\/sites\/3\/2025\/04\/75Jahre-vflfussball-1-e1743496430650-705x276.jpg 705w, https:\/\/www.vfl-westercelle.de\/fb\/wp-content\/uploads\/sites\/3\/2025\/04\/75Jahre-vflfussball-1-e1743496430650-128x50.jpg 128w, https:\/\/www.vfl-westercelle.de\/fb\/wp-content\/uploads\/sites\/3\/2025\/04\/75Jahre-vflfussball-1-e1743496430650-32x13.jpg 32w, https:\/\/www.vfl-westercelle.de\/fb\/wp-content\/uploads\/sites\/3\/2025\/04\/75Jahre-vflfussball-1-e1743496430650.jpg 2000w\" sizes=\"(max-width: 1030px) 100vw, 1030px\" \/><\/div><\/div><\/div><br \/>\n<section  class='av_textblock_section av-m8y8h4tq-c4778ed34400365726386cc3afab381c '   itemscope=\"itemscope\" itemtype=\"https:\/\/schema.org\/BlogPosting\" itemprop=\"blogPost\" ><div class='avia_textblock'  itemprop=\"text\" ><p><strong>1. Herren spielt in Sondertrikots \/ \u00dcber 100 Ehemalige erwartet<\/strong><\/p>\n<p>Vor 75 Jahren \u2013 am 1. April 1950 \u2013 wurde der VfL Westercelle gegr\u00fcndet. Von Anfang an wurde Fu\u00dfball gespielt, sodass auch die Sparte in diesem Jahr 75. Geburtstag feiert \u2013 und zwar mit einem Jubil\u00e4umsspieltag am Sonntag, 6. April, im Westerceller Sportpark.<\/p>\n<p><em>\u201eZu unserem Ehemaligentreffen haben sich \u00fcber 100 ehemalige VfLerinnen und <\/em><em>VfLer angemeldet, die zwischen 1950 und 2025 f\u00fcr eine Westerceller Herren- oder <\/em><em>Damenmannschaft aufgelaufen sind\u201c<\/em>, berichtet Spartenleiter Christopher Menge, dernsich freut, dass auch seine Vorg\u00e4nger Matthias Paschke (2007 bis 2017) und Hartmut Urban (1989 bis 2007) an der Veranstaltung teilnehmen werden. Im Mittelpunkt steht das Bezirksliga-Derby zwischen der 1.Herren des VfL und dem TuS Eschede, das zum Jubil\u00e4umsspiel ernannt wurde. Die Westerceller Mannschaft wird diese Partie in Jubil\u00e4umstrikots bestreiten. Ansto\u00df ist um 15 Uhr im Westerceller Sportpark. Auf den Platz begleitet werden die Teams von den\u00a0 Auflaufkindern aus der U8 und U9 des VfL.<\/p>\n<\/div><\/section><\/p><\/div><div  class='flex_column av-1oo7em2-d83c02b5a15f70c0a30253b377db41da av_three_fourth  avia-builder-el-3  el_after_av_one_full  el_before_av_one_fourth  first flex_column_div  column-top-margin'     ><section  class='av_textblock_section av-m8y9fgxk-8086cd01fd810ffd084bd2c89a622277 '   itemscope=\"itemscope\" itemtype=\"https:\/\/schema.org\/BlogPosting\" itemprop=\"blogPost\" ><div class='avia_textblock'  itemprop=\"text\" ><p><em>\u201eZum Jubilumsspiel wird unsere 1.Herren ausnahmsweise ohne unseren <\/em><em>Hauptsponsor Wecon Massivhaus auf der Brust auflaufen, denn 1950 hatten wir <\/em><em>auch keinen Sponsor auf dem Trikot. Daf\u00fcr gilt unser Dank Matthias Wede\u201c<\/em>, sagt Menge. Wecon Massivhaus ist daf\u00fcr an diesem Sonntag Spieltagssponsor. Und auch bevor das Jubil\u00e4umsspiel angepfiffen wird, ist schon einiges los. Um 11 Uhr spielt die U11 I gegen die JSG Celle. Zeitgleich empf\u00e4ngt die U18 im Bezirkspokal-Viertelfinale den MTV Ramelsloh auf dem Kunstrasenplatz, den der Verein im Februar 2020 feierlich er\u00f6ffnete. Auf Naturrasen spielt dann um 12.30 Uhr die 2. Herren in der Kreisliga gegen den FC Firat Bergen.<\/p>\n<\/div><\/section><\/div><div  class='flex_column av-12bk2je-72b6aaf5a398f0cadec016bc17b28140 av_one_fourth  avia-builder-el-5  el_after_av_three_fourth  el_before_av_one_full  flex_column_div  column-top-margin'     ><style type=\"text\/css\" data-created_by=\"avia_inline_auto\" id=\"style-css-av-m8y9eavt-e898f5dbd188b11006e229f4fd792578\">\n.avia-image-container.av-m8y9eavt-e898f5dbd188b11006e229f4fd792578 img.avia_image{\nbox-shadow:none;\n}\n.avia-image-container.av-m8y9eavt-e898f5dbd188b11006e229f4fd792578 .av-image-caption-overlay-center{\ncolor:#ffffff;\n}\n<\/style>\n<div  class='avia-image-container av-m8y9eavt-e898f5dbd188b11006e229f4fd792578 av-styling- av-img-linked avia-align-center  avia-builder-el-6  avia-builder-el-no-sibling '   itemprop=\"image\" itemscope=\"itemscope\" itemtype=\"https:\/\/schema.org\/ImageObject\" ><div class=\"avia-image-container-inner\"><div class=\"avia-image-overlay-wrap\"><a href=\"https:\/\/www.vfl-westercelle.de\/fb\/wp-content\/uploads\/sites\/3\/2025\/04\/75Jahre-vflfussball-824x1030.jpg\" data-srcset=\"https:\/\/www.vfl-westercelle.de\/fb\/wp-content\/uploads\/sites\/3\/2025\/04\/75Jahre-vflfussball-824x1030.jpg 824w, https:\/\/www.vfl-westercelle.de\/fb\/wp-content\/uploads\/sites\/3\/2025\/04\/75Jahre-vflfussball-240x300.jpg 240w, https:\/\/www.vfl-westercelle.de\/fb\/wp-content\/uploads\/sites\/3\/2025\/04\/75Jahre-vflfussball-768x960.jpg 768w, https:\/\/www.vfl-westercelle.de\/fb\/wp-content\/uploads\/sites\/3\/2025\/04\/75Jahre-vflfussball-1229x1536.jpg 1229w, https:\/\/www.vfl-westercelle.de\/fb\/wp-content\/uploads\/sites\/3\/2025\/04\/75Jahre-vflfussball-1638x2048.jpg 1638w, https:\/\/www.vfl-westercelle.de\/fb\/wp-content\/uploads\/sites\/3\/2025\/04\/75Jahre-vflfussball-1200x1500.jpg 1200w, https:\/\/www.vfl-westercelle.de\/fb\/wp-content\/uploads\/sites\/3\/2025\/04\/75Jahre-vflfussball-564x705.jpg 564w, https:\/\/www.vfl-westercelle.de\/fb\/wp-content\/uploads\/sites\/3\/2025\/04\/75Jahre-vflfussball-102x128.jpg 102w, https:\/\/www.vfl-westercelle.de\/fb\/wp-content\/uploads\/sites\/3\/2025\/04\/75Jahre-vflfussball-26x32.jpg 26w, https:\/\/www.vfl-westercelle.de\/fb\/wp-content\/uploads\/sites\/3\/2025\/04\/75Jahre-vflfussball.jpg 2000w\" data-sizes=\"(max-width: 824px) 100vw, 824px\" class='avia_image '  aria-label='75Jahre-vflfussball'><img decoding=\"async\" fetchpriority=\"high\" class='wp-image-26876 avia-img-lazy-loading-not-26876 avia_image ' src=\"https:\/\/www.vfl-westercelle.de\/fb\/wp-content\/uploads\/sites\/3\/2025\/04\/75Jahre-vflfussball-240x300.jpg\" alt='' title='75Jahre-vflfussball'  height=\"300\" width=\"240\"  itemprop=\"thumbnailUrl\" srcset=\"https:\/\/www.vfl-westercelle.de\/fb\/wp-content\/uploads\/sites\/3\/2025\/04\/75Jahre-vflfussball-240x300.jpg 240w, https:\/\/www.vfl-westercelle.de\/fb\/wp-content\/uploads\/sites\/3\/2025\/04\/75Jahre-vflfussball-824x1030.jpg 824w, https:\/\/www.vfl-westercelle.de\/fb\/wp-content\/uploads\/sites\/3\/2025\/04\/75Jahre-vflfussball-768x960.jpg 768w, https:\/\/www.vfl-westercelle.de\/fb\/wp-content\/uploads\/sites\/3\/2025\/04\/75Jahre-vflfussball-1229x1536.jpg 1229w, https:\/\/www.vfl-westercelle.de\/fb\/wp-content\/uploads\/sites\/3\/2025\/04\/75Jahre-vflfussball-1638x2048.jpg 1638w, https:\/\/www.vfl-westercelle.de\/fb\/wp-content\/uploads\/sites\/3\/2025\/04\/75Jahre-vflfussball-1200x1500.jpg 1200w, https:\/\/www.vfl-westercelle.de\/fb\/wp-content\/uploads\/sites\/3\/2025\/04\/75Jahre-vflfussball-564x705.jpg 564w, https:\/\/www.vfl-westercelle.de\/fb\/wp-content\/uploads\/sites\/3\/2025\/04\/75Jahre-vflfussball-102x128.jpg 102w, https:\/\/www.vfl-westercelle.de\/fb\/wp-content\/uploads\/sites\/3\/2025\/04\/75Jahre-vflfussball-26x32.jpg 26w, https:\/\/www.vfl-westercelle.de\/fb\/wp-content\/uploads\/sites\/3\/2025\/04\/75Jahre-vflfussball.jpg 2000w\" sizes=\"(max-width: 240px) 100vw, 240px\" \/><\/a><\/div><\/div><\/div><\/div><\/p>\n<div  class='flex_column av-itjv5m-c2a4a68c8e60b1dc30e53f26dd381b47 av_one_full  avia-builder-el-7  el_after_av_one_fourth  avia-builder-el-last  first flex_column_div  column-top-margin'     ><section  class='av_textblock_section av-m8y9hq2p-1b4766e6148f7d3a3dcf96bbc7b3d34a '   itemscope=\"itemscope\" itemtype=\"https:\/\/schema.org\/BlogPosting\" itemprop=\"blogPost\" ><div class='avia_textblock'  itemprop=\"text\" ><p><em>\u201eAlle Zuschauerinnen und Zuschauer, die im VfL-Outfit kommen, haben zu den <\/em><em>Spielen freien Eintritt\u201c<\/em>, sagt Menge, der zudem eine Tombola ank\u00fcndigt. <em>\u201eEs werden <\/em><em>Eintrittskarten f\u00fcr ein Spiel unseres Partnervereins Hannover 96 verlost.\u201c<\/em> Die Gewinner werden direkt im Anschluss an das Jubil\u00e4umsspiel der 1.Herren gezogen. Bereits um 14.30 Uhr werden die ehemaligen Fu\u00dfballerinnen und Fu\u00dfballer vorgestellt, nach den Spielen ist zudem ein Zusammenkommen im Sportheim geplant. Dort werden sicherlich einige Anekdoten aus 75 Jahren VfL Westercelle Fu\u00dfball zum Besten gegeben.<\/p>\n<p>Vom NFV-Kreis Celle haben der stellvertretende Vorsitzende Philipp Ziemen und der Spielausschussvorsitzende Achim Pr\u00fc\u00dfe ihr Kommen zugesagt. <em>\u201eZudem sind alle <\/em><em>Interessierten aus Westercelle und dar\u00fcber hinaus herzlich willkommen\u201c<\/em>, sagt Menge, der die Veranstaltung gemeinsam mit Matthias Stiekel, Sebastian Paschke und Hartmut Urban organisiert. Die ganze Sparte freue sich auf das Fu\u00dfballfest.<\/p>\n<\/div><\/section><\/div>\n","protected":false},"excerpt":{"rendered":"","protected":false},"author":9,"featured_media":26877,"comment_status":"closed","ping_status":"closed","sticky":false,"template":"","format":"standard","meta":{"footnotes":""},"categories":[17],"tags":[605],"class_list":["post-26874","post","type-post","status-publish","format-standard","has-post-thumbnail","hentry","category-fussball","tag-75-jahre"],"_links":{"self":[{"href":"https:\/\/www.vfl-westercelle.de\/fb\/wp-json\/wp\/v2\/posts\/26874","targetHints":{"allow":["GET"]}}],"collection":[{"href":"https:\/\/www.vfl-westercelle.de\/fb\/wp-json\/wp\/v2\/posts"}],"about":[{"href":"https:\/\/www.vfl-westercelle.de\/fb\/wp-json\/wp\/v2\/types\/post"}],"author":[{"embeddable":true,"href":"https:\/\/www.vfl-westercelle.de\/fb\/wp-json\/wp\/v2\/users\/9"}],"replies":[{"embeddable":true,"href":"https:\/\/www.vfl-westercelle.de\/fb\/wp-json\/wp\/v2\/comments?post=26874"}],"version-history":[{"count":3,"href":"https:\/\/www.vfl-westercelle.de\/fb\/wp-json\/wp\/v2\/posts\/26874\/revisions"}],"predecessor-version":[{"id":26883,"href":"https:\/\/www.vfl-westercelle.de\/fb\/wp-json\/wp\/v2\/posts\/26874\/revisions\/26883"}],"wp:featuredmedia":[{"embeddable":true,"href":"https:\/\/www.vfl-westercelle.de\/fb\/wp-json\/wp\/v2\/media\/26877"}],"wp:attachment":[{"href":"https:\/\/www.vfl-westercelle.de\/fb\/wp-json\/wp\/v2\/media?parent=26874"}],"wp:term":[{"taxonomy":"category","embeddable":true,"href":"https:\/\/www.vfl-westercelle.de\/fb\/wp-json\/wp\/v2\/categories?post=26874"},{"taxonomy":"post_tag","embeddable":true,"href":"https:\/\/www.vfl-westercelle.de\/fb\/wp-json\/wp\/v2\/tags?post=26874"}],"curies":[{"name":"wp","href":"https:\/\/api.w.org\/{rel}","templated":true}]}}