{"id":26932,"date":"2025-04-07T09:41:53","date_gmt":"2025-04-07T07:41:53","guid":{"rendered":"https:\/\/www.vfl-westercelle.de\/fb\/?p=26932"},"modified":"2025-05-12T19:14:01","modified_gmt":"2025-05-12T17:14:01","slug":"westerceller-fussballer-pflanzen-baeume","status":"publish","type":"post","link":"https:\/\/www.vfl-westercelle.de\/fb\/westerceller-fussballer-pflanzen-baeume\/","title":{"rendered":"Westerceller Fu\u00dfballer pflanzen B\u00e4ume"},"content":{"rendered":"<div  class='flex_column av-av_one_full-a2cef933b0a555f25d1e39b22a8e9dae av_one_full  avia-builder-el-0  avia-builder-el-no-sibling  first flex_column_div  '     ><p>\n<style type=\"text\/css\" data-created_by=\"avia_inline_auto\" id=\"style-css-av-m96ril16-b72a47d1e1c27ace418e6ddacc683750\">\n.avia-image-container.av-m96ril16-b72a47d1e1c27ace418e6ddacc683750 img.avia_image{\nbox-shadow:none;\n}\n.avia-image-container.av-m96ril16-b72a47d1e1c27ace418e6ddacc683750 .av-image-caption-overlay-center{\ncolor:#ffffff;\n}\n<\/style>\n<div  class='avia-image-container av-m96ril16-b72a47d1e1c27ace418e6ddacc683750 av-styling- avia-align-center  avia-builder-el-1  el_before_av_textblock  avia-builder-el-first '   itemprop=\"image\" itemscope=\"itemscope\" itemtype=\"https:\/\/schema.org\/ImageObject\" ><div class=\"avia-image-container-inner\"><div class=\"avia-image-overlay-wrap\"><img decoding=\"async\" fetchpriority=\"high\" class='wp-image-26933 avia-img-lazy-loading-not-26933 avia_image ' src=\"https:\/\/www.vfl-westercelle.de\/fb\/wp-content\/uploads\/sites\/3\/2025\/04\/IMG-20250330-WA0027-1030x773.jpg\" alt='' title='U13 pflanzt B\u00e4ume'  height=\"773\" width=\"1030\"  itemprop=\"thumbnailUrl\" srcset=\"https:\/\/www.vfl-westercelle.de\/fb\/wp-content\/uploads\/sites\/3\/2025\/04\/IMG-20250330-WA0027-1030x773.jpg 1030w, https:\/\/www.vfl-westercelle.de\/fb\/wp-content\/uploads\/sites\/3\/2025\/04\/IMG-20250330-WA0027-300x225.jpg 300w, https:\/\/www.vfl-westercelle.de\/fb\/wp-content\/uploads\/sites\/3\/2025\/04\/IMG-20250330-WA0027-768x576.jpg 768w, https:\/\/www.vfl-westercelle.de\/fb\/wp-content\/uploads\/sites\/3\/2025\/04\/IMG-20250330-WA0027-1536x1152.jpg 1536w, https:\/\/www.vfl-westercelle.de\/fb\/wp-content\/uploads\/sites\/3\/2025\/04\/IMG-20250330-WA0027-1500x1125.jpg 1500w, https:\/\/www.vfl-westercelle.de\/fb\/wp-content\/uploads\/sites\/3\/2025\/04\/IMG-20250330-WA0027-705x529.jpg 705w, https:\/\/www.vfl-westercelle.de\/fb\/wp-content\/uploads\/sites\/3\/2025\/04\/IMG-20250330-WA0027-128x96.jpg 128w, https:\/\/www.vfl-westercelle.de\/fb\/wp-content\/uploads\/sites\/3\/2025\/04\/IMG-20250330-WA0027-32x24.jpg 32w, https:\/\/www.vfl-westercelle.de\/fb\/wp-content\/uploads\/sites\/3\/2025\/04\/IMG-20250330-WA0027.jpg 1600w\" sizes=\"(max-width: 1030px) 100vw, 1030px\" \/><\/div><\/div><\/div><br \/>\n<section  class='av_textblock_section av-m96rhv1e-2ae625cc9391c16cfc55d53fe41be27a '   itemscope=\"itemscope\" itemtype=\"https:\/\/schema.org\/BlogPosting\" itemprop=\"blogPost\" ><div class='avia_textblock'  itemprop=\"text\" ><p>Teambuilding-Aktion der U13-Mannschaft des VfL Westercelle: Bei Burghorn hat die Mannschaft um die Trainer Christian Dierks und Moritz Suhr B\u00e4ume gepflanzt. 200 Roteichen, 400 Douglasien und 75 Traubeneichen k\u00f6nnen nun wachsen, f\u00fcr die Jungs gab es als Belohnung gegrillte W\u00fcrstchen! <em>\u201eEine super Aktion\u201c<\/em>, lobte Spartenleiter Christopher Menge. <em>\u201eToll, dass die Jungs nicht nur auf dem Platz alles geben, sondern sich auch dar\u00fcber hinaus engagieren.\u201c<\/em><\/p>\n<\/div><\/section><\/p><\/div>\n","protected":false},"excerpt":{"rendered":"","protected":false},"author":9,"featured_media":26934,"comment_status":"closed","ping_status":"closed","sticky":false,"template":"","format":"standard","meta":{"footnotes":""},"categories":[17],"tags":[],"class_list":["post-26932","post","type-post","status-publish","format-standard","has-post-thumbnail","hentry","category-fussball"],"_links":{"self":[{"href":"https:\/\/www.vfl-westercelle.de\/fb\/wp-json\/wp\/v2\/posts\/26932","targetHints":{"allow":["GET"]}}],"collection":[{"href":"https:\/\/www.vfl-westercelle.de\/fb\/wp-json\/wp\/v2\/posts"}],"about":[{"href":"https:\/\/www.vfl-westercelle.de\/fb\/wp-json\/wp\/v2\/types\/post"}],"author":[{"embeddable":true,"href":"https:\/\/www.vfl-westercelle.de\/fb\/wp-json\/wp\/v2\/users\/9"}],"replies":[{"embeddable":true,"href":"https:\/\/www.vfl-westercelle.de\/fb\/wp-json\/wp\/v2\/comments?post=26932"}],"version-history":[{"count":2,"href":"https:\/\/www.vfl-westercelle.de\/fb\/wp-json\/wp\/v2\/posts\/26932\/revisions"}],"predecessor-version":[{"id":26960,"href":"https:\/\/www.vfl-westercelle.de\/fb\/wp-json\/wp\/v2\/posts\/26932\/revisions\/26960"}],"wp:featuredmedia":[{"embeddable":true,"href":"https:\/\/www.vfl-westercelle.de\/fb\/wp-json\/wp\/v2\/media\/26934"}],"wp:attachment":[{"href":"https:\/\/www.vfl-westercelle.de\/fb\/wp-json\/wp\/v2\/media?parent=26932"}],"wp:term":[{"taxonomy":"category","embeddable":true,"href":"https:\/\/www.vfl-westercelle.de\/fb\/wp-json\/wp\/v2\/categories?post=26932"},{"taxonomy":"post_tag","embeddable":true,"href":"https:\/\/www.vfl-westercelle.de\/fb\/wp-json\/wp\/v2\/tags?post=26932"}],"curies":[{"name":"wp","href":"https:\/\/api.w.org\/{rel}","templated":true}]}}