{"id":29284,"date":"2025-12-29T14:16:35","date_gmt":"2025-12-29T13:16:35","guid":{"rendered":"https:\/\/www.vfl-westercelle.de\/fb\/?p=29284"},"modified":"2025-12-29T14:19:29","modified_gmt":"2025-12-29T13:19:29","slug":"rueckblick-das-vflfussball-jahr-2025","status":"publish","type":"post","link":"https:\/\/www.vfl-westercelle.de\/fb\/rueckblick-das-vflfussball-jahr-2025\/","title":{"rendered":"R\u00fcckblick: Das vflfussball-Jahr 2025"},"content":{"rendered":"<div  class='flex_column av-24bb8f8-16ebd7b00508fcd9c000da2f385e63b9 av_one_full  avia-builder-el-0  el_before_av_one_full  avia-builder-el-first  first flex_column_div  '     ><p>\n<style type=\"text\/css\" data-created_by=\"avia_inline_auto\" id=\"style-css-av-mjr6qgui-c7527c74707ab7b35ffa9a3e014485a8\">\n.avia-image-container.av-mjr6qgui-c7527c74707ab7b35ffa9a3e014485a8 img.avia_image{\nbox-shadow:none;\n}\n.avia-image-container.av-mjr6qgui-c7527c74707ab7b35ffa9a3e014485a8 .av-image-caption-overlay-center{\ncolor:#ffffff;\n}\n<\/style>\n<div  class='avia-image-container av-mjr6qgui-c7527c74707ab7b35ffa9a3e014485a8 av-styling- avia-align-center  avia-builder-el-1  el_before_av_textblock  avia-builder-el-first '   itemprop=\"image\" itemscope=\"itemscope\" itemtype=\"https:\/\/schema.org\/ImageObject\" ><div class=\"avia-image-container-inner\"><div class=\"avia-image-overlay-wrap\"><img decoding=\"async\" fetchpriority=\"high\" class='wp-image-28531 avia-img-lazy-loading-not-28531 avia_image ' src=\"https:\/\/www.vfl-westercelle.de\/fb\/wp-content\/uploads\/sites\/3\/2025\/08\/IMG-20250428-WA0001-1-e1754383736972.jpg\" alt='' title='VfL_Jubel'  height=\"342\" width=\"912\"  itemprop=\"thumbnailUrl\" srcset=\"https:\/\/www.vfl-westercelle.de\/fb\/wp-content\/uploads\/sites\/3\/2025\/08\/IMG-20250428-WA0001-1-e1754383736972.jpg 912w, https:\/\/www.vfl-westercelle.de\/fb\/wp-content\/uploads\/sites\/3\/2025\/08\/IMG-20250428-WA0001-1-e1754383736972-300x113.jpg 300w, https:\/\/www.vfl-westercelle.de\/fb\/wp-content\/uploads\/sites\/3\/2025\/08\/IMG-20250428-WA0001-1-e1754383736972-768x288.jpg 768w, https:\/\/www.vfl-westercelle.de\/fb\/wp-content\/uploads\/sites\/3\/2025\/08\/IMG-20250428-WA0001-1-e1754383736972-705x264.jpg 705w, https:\/\/www.vfl-westercelle.de\/fb\/wp-content\/uploads\/sites\/3\/2025\/08\/IMG-20250428-WA0001-1-e1754383736972-128x48.jpg 128w, https:\/\/www.vfl-westercelle.de\/fb\/wp-content\/uploads\/sites\/3\/2025\/08\/IMG-20250428-WA0001-1-e1754383736972-32x12.jpg 32w\" sizes=\"(max-width: 912px) 100vw, 912px\" \/><\/div><\/div><\/div><br \/>\n<section  class='av_textblock_section av-10nnwxw-07b2a9c24bfc993361eec32e31af95fc '   itemscope=\"itemscope\" itemtype=\"https:\/\/schema.org\/BlogPosting\" itemprop=\"blogPost\" ><div class='avia_textblock'  itemprop=\"text\" ><p>Das Jahr 2025 war gepr\u00e4gt von den Feiern zum <a href=\"https:\/\/www.vfl-westercelle.de\/fb\/mit-sportveranstaltungen-und-buntem-rahmenprogramm-vfl-westercelle-feiert-75-geburtstag\/\" target=\"_blank\" rel=\"noopener\">75-j\u00e4hrigen Jubil\u00e4um<\/a> des VfL, von erfolgreichen Mannschaften, spannenden Meisterschaften, aber auch tragischen Verlusten. Wir starten im Januar:<\/p>\n<p><strong>Januar<\/strong> Wir beginnen die R\u00fcckschau mit der <a href=\"https:\/\/www.vfl-westercelle.de\/fb\/vfl-hat-neuen-jugendleiter-westerceller-fussballer-waehlen-stephan-huebner-zum-nachfolger-von-marc-siegesmund\/\" target=\"_blank\" rel=\"noopener\">Spartenversammlung<\/a>: Nach acht erfolgreichen Jahren als Jugendleiter kandidiert Marc Siegesmund nicht mehr f\u00fcr eine weitere Amtszeit und gibt das Zepter an seinen Nachfolger Stephan H\u00fcbner ab. Unser langj\u00e4hriger Trainer und DFB-Fu\u00dfballheld Lars Trautmann wird zu Beginn des Jahres von Christopher Menge ausgezeichnet. Die U16 qualifiziert sich f\u00fcr die Futsal-Bezirksmeisterschaft, die 1. Herren bereitet sich mit vier Spielen auf Kunstrasen auf die R\u00fcckrunde vor und die Alte Herren trifft sich zum Kartfahren. Am Ende des Monats richtete der VfL mit Unterst\u00fctzung von vielen Westerceller Unternehmern den <a href=\"https:\/\/www.vfl-westercelle.de\/fb\/10-westerceller-grundschulcup-fussball-statt-schulbank\/\" target=\"_blank\" rel=\"noopener\">10. Westerceller Grundschulcup<\/a> aus.<\/p>\n<p><strong>Februar<\/strong> Nach der U16 kann sich auch die U15 f\u00fcr die Bezirksmeisterschaften im Futsal ihrer Altersklasse qualifizieren. Die Kreismeisterschaften gewinnen konnten die U9, die U10 und die U14. Das VfL-Jubil\u00e4um r\u00fcckt langsam n\u00e4her. Im Februar startet der Verkauf der <a href=\"https:\/\/www.vfl-westercelle.de\/fb\/westerceller-laufen-in-jubilaeumstrikots-auf\/\" target=\"_blank\" rel=\"noopener\">Jubil\u00e4umstrikots<\/a> und auf der Homepage wird \u00fcber das Jahr verteilt Jahrzehnt f\u00fcr Jahrzehnt die von Christopher Menge recherchierte <a href=\"https:\/\/www.vfl-westercelle.de\/fb\/75-jahre-vfl-westercelle-75-jahre-vflfussball\/\" target=\"_blank\" rel=\"noopener\">Chronik der Fu\u00dfballer<\/a> ver\u00f6ffentlicht.<\/p>\n<p><strong>M\u00e4rz<\/strong> Wichtige Weichenstellung im M\u00e4rz: Das gesamte Trainerteam um <a href=\"https:\/\/www.vfl-westercelle.de\/fb\/trainerteam-um-sebastian-zich-macht-weiter\/\" target=\"_blank\" rel=\"noopener\">Cheftrainer Sebastian Zich<\/a> wird unabh\u00e4ngig vom Ausgang der Saison auch in der n\u00e4chsten Spielzeit die Geschicke der 1. Herren lenken. Die 2. Herren wird weiterhin von Timo Papendieck und Maximilian B\u00e4hr trainiert werden. Nach 20 Jahren an der Seitenlinie diverser Mannschaften wird Jonas Sieme eine Pause einlegen. Jan Lindner bleibt der 3. Herren als Coach erhalten. Mit Marlon Hacke, Jannik Grabowski, Mohamad Fatouh und Max Hoppenstedt kann der VfL vier neue Schiedrichter in seinen Reihen begr\u00fc\u00dfen. Silas Dickmann und Timon Beyer sind da schon einen Schritt weiter und absolvierten erfoglreich den Lehrgang des NFV und werden als Schiedsrichter bzw. Assistent in der DFB-Nachwuchsliga eingesetzt.<\/p>\n<\/div><\/section><br \/>\n\n<style type=\"text\/css\" data-created_by=\"avia_inline_auto\" id=\"style-css-av-o92o2s-70329c67347f3db7efe1c46a6fd710c4\">\n#top .avia-gallery.av-o92o2s-70329c67347f3db7efe1c46a6fd710c4 .avia-gallery-thumb a{\nwidth:14.2857%;\n}\n<\/style>\n<div  class='avia-gallery av-o92o2s-70329c67347f3db7efe1c46a6fd710c4 avia_animate_when_visible  avia-builder-el-3  el_after_av_textblock  avia-builder-el-last  avia_lazyload avia-gallery-animate avia-gallery-1'  itemprop=\"image\" itemscope=\"itemscope\" itemtype=\"https:\/\/schema.org\/ImageObject\" ><meta itemprop=\"contentURL\" content=\"https:\/\/www.vfl-westercelle.de\/fb\/rueckblick-das-vflfussball-jahr-2025\/\"><div class='avia-gallery-thumb'><a href=\"https:\/\/www.vfl-westercelle.de\/fb\/wp-content\/uploads\/sites\/3\/2025\/01\/bahnhofstr_100jahr_vfl-1030x756.jpeg\" data-srcset=\"https:\/\/www.vfl-westercelle.de\/fb\/wp-content\/uploads\/sites\/3\/2025\/01\/bahnhofstr_100jahr_vfl-1030x756.jpeg 1030w, https:\/\/www.vfl-westercelle.de\/fb\/wp-content\/uploads\/sites\/3\/2025\/01\/bahnhofstr_100jahr_vfl-300x220.jpeg 300w, https:\/\/www.vfl-westercelle.de\/fb\/wp-content\/uploads\/sites\/3\/2025\/01\/bahnhofstr_100jahr_vfl-768x564.jpeg 768w, https:\/\/www.vfl-westercelle.de\/fb\/wp-content\/uploads\/sites\/3\/2025\/01\/bahnhofstr_100jahr_vfl-1536x1127.jpeg 1536w, https:\/\/www.vfl-westercelle.de\/fb\/wp-content\/uploads\/sites\/3\/2025\/01\/bahnhofstr_100jahr_vfl-1500x1101.jpeg 1500w, https:\/\/www.vfl-westercelle.de\/fb\/wp-content\/uploads\/sites\/3\/2025\/01\/bahnhofstr_100jahr_vfl-705x517.jpeg 705w, https:\/\/www.vfl-westercelle.de\/fb\/wp-content\/uploads\/sites\/3\/2025\/01\/bahnhofstr_100jahr_vfl-128x94.jpeg 128w, https:\/\/www.vfl-westercelle.de\/fb\/wp-content\/uploads\/sites\/3\/2025\/01\/bahnhofstr_100jahr_vfl-32x23.jpeg 32w, https:\/\/www.vfl-westercelle.de\/fb\/wp-content\/uploads\/sites\/3\/2025\/01\/bahnhofstr_100jahr_vfl.jpeg 1695w\" data-sizes=\"(max-width: 1030px) 100vw, 1030px\" data-rel='gallery-1' data-prev-img='https:\/\/www.vfl-westercelle.de\/fb\/wp-content\/uploads\/sites\/3\/2025\/01\/bahnhofstr_100jahr_vfl-495x400.jpeg' class='first_thumb lightbox ' data-onclick='1' title='Treibt Sport beim VfL Westercelle! Das war schon 1951 das Motto. Ein Jahr zuvor wurde der VfL Westercelle gegr\u00fcndet. Und das Motto gilt bis heute, wie die VfLer beispielsweise 2018 beim Kunstrasenlauf bewiesen haben.'  itemprop=\"thumbnailUrl\"  ><img decoding=\"async\" fetchpriority=\"high\" class=\"wp-image-26118 avia-img-lazy-loading-not-26118\"  data-avia-tooltip='Treibt Sport beim VfL Westercelle! Das war schon 1951 das Motto. Ein Jahr zuvor wurde der VfL Westercelle gegr\u00fcndet. Und das Motto gilt bis heute, wie die VfLer beispielsweise 2018 beim Kunstrasenlauf bewiesen haben.' src=\"https:\/\/www.vfl-westercelle.de\/fb\/wp-content\/uploads\/sites\/3\/2025\/01\/bahnhofstr_100jahr_vfl-495x400.jpeg\" width=\"495\" height=\"400\"  title='bahnhofstr_100jahr_vfl' alt='' srcset=\"https:\/\/www.vfl-westercelle.de\/fb\/wp-content\/uploads\/sites\/3\/2025\/01\/bahnhofstr_100jahr_vfl-495x400.jpeg 495w, https:\/\/www.vfl-westercelle.de\/fb\/wp-content\/uploads\/sites\/3\/2025\/01\/bahnhofstr_100jahr_vfl-845x684.jpeg 845w\" sizes=\"(max-width: 495px) 100vw, 495px\" \/><div class='big-prev-fake'><img decoding=\"async\" loading=\"lazy\" class=\"wp-image-26118 avia-img-lazy-loading-26118\"  width=\"495\" height=\"400\" src=\"https:\/\/www.vfl-westercelle.de\/fb\/wp-content\/uploads\/sites\/3\/2025\/01\/bahnhofstr_100jahr_vfl-495x400.jpeg\" title='bahnhofstr_100jahr_vfl' alt='' srcset=\"https:\/\/www.vfl-westercelle.de\/fb\/wp-content\/uploads\/sites\/3\/2025\/01\/bahnhofstr_100jahr_vfl-495x400.jpeg 495w, https:\/\/www.vfl-westercelle.de\/fb\/wp-content\/uploads\/sites\/3\/2025\/01\/bahnhofstr_100jahr_vfl-845x684.jpeg 845w\" sizes=\"auto, (max-width: 495px) 100vw, 495px\" \/><\/div><\/a><a href=\"https:\/\/www.vfl-westercelle.de\/fb\/wp-content\/uploads\/sites\/3\/2025\/01\/IMG-20241230-WA0003-e1736357046110-1030x710.jpg\" data-srcset=\"https:\/\/www.vfl-westercelle.de\/fb\/wp-content\/uploads\/sites\/3\/2025\/01\/IMG-20241230-WA0003-e1736357046110-1030x710.jpg 1030w, https:\/\/www.vfl-westercelle.de\/fb\/wp-content\/uploads\/sites\/3\/2025\/01\/IMG-20241230-WA0003-e1736357046110-300x207.jpg 300w, https:\/\/www.vfl-westercelle.de\/fb\/wp-content\/uploads\/sites\/3\/2025\/01\/IMG-20241230-WA0003-e1736357046110-768x529.jpg 768w, https:\/\/www.vfl-westercelle.de\/fb\/wp-content\/uploads\/sites\/3\/2025\/01\/IMG-20241230-WA0003-e1736357046110-705x486.jpg 705w, https:\/\/www.vfl-westercelle.de\/fb\/wp-content\/uploads\/sites\/3\/2025\/01\/IMG-20241230-WA0003-e1736357046110-128x88.jpg 128w, https:\/\/www.vfl-westercelle.de\/fb\/wp-content\/uploads\/sites\/3\/2025\/01\/IMG-20241230-WA0003-e1736357046110-32x22.jpg 32w, https:\/\/www.vfl-westercelle.de\/fb\/wp-content\/uploads\/sites\/3\/2025\/01\/IMG-20241230-WA0003-e1736357046110.jpg 1200w\" data-sizes=\"(max-width: 1030px) 100vw, 1030px\" data-rel='gallery-1' data-prev-img='https:\/\/www.vfl-westercelle.de\/fb\/wp-content\/uploads\/sites\/3\/2025\/01\/IMG-20241230-WA0003-e1736357046110-495x400.jpg' class='lightbox ' data-onclick='2' title='Lars Trautmann wird zum VfL-Ehrenmenschen ernannt.'  itemprop=\"thumbnailUrl\"  ><img decoding=\"async\" fetchpriority=\"high\" class=\"wp-image-26103 avia-img-lazy-loading-not-26103\"  data-avia-tooltip='Lars Trautmann wird zum VfL-Ehrenmenschen ernannt.' src=\"https:\/\/www.vfl-westercelle.de\/fb\/wp-content\/uploads\/sites\/3\/2025\/01\/IMG-20241230-WA0003-e1736357046110-495x400.jpg\" width=\"495\" height=\"400\"  title='VfL-Ehrenmensch Lars Trautmann' alt='' srcset=\"https:\/\/www.vfl-westercelle.de\/fb\/wp-content\/uploads\/sites\/3\/2025\/01\/IMG-20241230-WA0003-e1736357046110-495x400.jpg 495w, https:\/\/www.vfl-westercelle.de\/fb\/wp-content\/uploads\/sites\/3\/2025\/01\/IMG-20241230-WA0003-e1736357046110-845x684.jpg 845w\" sizes=\"(max-width: 495px) 100vw, 495px\" \/><div class='big-prev-fake'><img decoding=\"async\" loading=\"lazy\" class=\"wp-image-26103 avia-img-lazy-loading-26103\"  width=\"495\" height=\"400\" src=\"https:\/\/www.vfl-westercelle.de\/fb\/wp-content\/uploads\/sites\/3\/2025\/01\/IMG-20241230-WA0003-e1736357046110-495x400.jpg\" title='VfL-Ehrenmensch Lars Trautmann' alt='' srcset=\"https:\/\/www.vfl-westercelle.de\/fb\/wp-content\/uploads\/sites\/3\/2025\/01\/IMG-20241230-WA0003-e1736357046110-495x400.jpg 495w, https:\/\/www.vfl-westercelle.de\/fb\/wp-content\/uploads\/sites\/3\/2025\/01\/IMG-20241230-WA0003-e1736357046110-845x684.jpg 845w\" sizes=\"auto, (max-width: 495px) 100vw, 495px\" \/><\/div><\/a><a href=\"https:\/\/www.vfl-westercelle.de\/fb\/wp-content\/uploads\/sites\/3\/2025\/02\/MarcSiegesmund-773x1030.jpg\" data-srcset=\"https:\/\/www.vfl-westercelle.de\/fb\/wp-content\/uploads\/sites\/3\/2025\/02\/MarcSiegesmund-773x1030.jpg 773w, https:\/\/www.vfl-westercelle.de\/fb\/wp-content\/uploads\/sites\/3\/2025\/02\/MarcSiegesmund-225x300.jpg 225w, https:\/\/www.vfl-westercelle.de\/fb\/wp-content\/uploads\/sites\/3\/2025\/02\/MarcSiegesmund-768x1024.jpg 768w, https:\/\/www.vfl-westercelle.de\/fb\/wp-content\/uploads\/sites\/3\/2025\/02\/MarcSiegesmund-1152x1536.jpg 1152w, https:\/\/www.vfl-westercelle.de\/fb\/wp-content\/uploads\/sites\/3\/2025\/02\/MarcSiegesmund-1536x2048.jpg 1536w, https:\/\/www.vfl-westercelle.de\/fb\/wp-content\/uploads\/sites\/3\/2025\/02\/MarcSiegesmund-1125x1500.jpg 1125w, https:\/\/www.vfl-westercelle.de\/fb\/wp-content\/uploads\/sites\/3\/2025\/02\/MarcSiegesmund-529x705.jpg 529w, https:\/\/www.vfl-westercelle.de\/fb\/wp-content\/uploads\/sites\/3\/2025\/02\/MarcSiegesmund-96x128.jpg 96w, https:\/\/www.vfl-westercelle.de\/fb\/wp-content\/uploads\/sites\/3\/2025\/02\/MarcSiegesmund-24x32.jpg 24w, https:\/\/www.vfl-westercelle.de\/fb\/wp-content\/uploads\/sites\/3\/2025\/02\/MarcSiegesmund-scaled.jpg 1920w\" data-sizes=\"(max-width: 773px) 100vw, 773px\" data-rel='gallery-1' data-prev-img='https:\/\/www.vfl-westercelle.de\/fb\/wp-content\/uploads\/sites\/3\/2025\/02\/MarcSiegesmund-495x400.jpg' class='lightbox ' data-onclick='3' title='Danke an unsere Nummer 5: Marc Siegesmund wird nach acht Jahren als Jugendleiter verabschiedet&#8230;'  itemprop=\"thumbnailUrl\"  ><img decoding=\"async\" fetchpriority=\"high\" class=\"wp-image-26368 avia-img-lazy-loading-not-26368\"  data-avia-tooltip='Danke an unsere Nummer 5: Marc Siegesmund wird nach acht Jahren als Jugendleiter verabschiedet&#8230;' src=\"https:\/\/www.vfl-westercelle.de\/fb\/wp-content\/uploads\/sites\/3\/2025\/02\/MarcSiegesmund-495x400.jpg\" width=\"495\" height=\"400\"  title='Marc Siegesmund Jugendleiter 2017-2025' alt='' srcset=\"https:\/\/www.vfl-westercelle.de\/fb\/wp-content\/uploads\/sites\/3\/2025\/02\/MarcSiegesmund-495x400.jpg 495w, https:\/\/www.vfl-westercelle.de\/fb\/wp-content\/uploads\/sites\/3\/2025\/02\/MarcSiegesmund-845x684.jpg 845w\" sizes=\"(max-width: 495px) 100vw, 495px\" \/><div class='big-prev-fake'><img decoding=\"async\" loading=\"lazy\" class=\"wp-image-26368 avia-img-lazy-loading-26368\"  width=\"495\" height=\"400\" src=\"https:\/\/www.vfl-westercelle.de\/fb\/wp-content\/uploads\/sites\/3\/2025\/02\/MarcSiegesmund-495x400.jpg\" title='Marc Siegesmund Jugendleiter 2017-2025' alt='' srcset=\"https:\/\/www.vfl-westercelle.de\/fb\/wp-content\/uploads\/sites\/3\/2025\/02\/MarcSiegesmund-495x400.jpg 495w, https:\/\/www.vfl-westercelle.de\/fb\/wp-content\/uploads\/sites\/3\/2025\/02\/MarcSiegesmund-845x684.jpg 845w\" sizes=\"auto, (max-width: 495px) 100vw, 495px\" \/><\/div><\/a><a href=\"https:\/\/www.vfl-westercelle.de\/fb\/wp-content\/uploads\/sites\/3\/2025\/08\/DSC07893-1030x687.jpg\" data-srcset=\"https:\/\/www.vfl-westercelle.de\/fb\/wp-content\/uploads\/sites\/3\/2025\/08\/DSC07893-1030x687.jpg 1030w, https:\/\/www.vfl-westercelle.de\/fb\/wp-content\/uploads\/sites\/3\/2025\/08\/DSC07893-300x200.jpg 300w, https:\/\/www.vfl-westercelle.de\/fb\/wp-content\/uploads\/sites\/3\/2025\/08\/DSC07893-768x512.jpg 768w, https:\/\/www.vfl-westercelle.de\/fb\/wp-content\/uploads\/sites\/3\/2025\/08\/DSC07893-1536x1024.jpg 1536w, https:\/\/www.vfl-westercelle.de\/fb\/wp-content\/uploads\/sites\/3\/2025\/08\/DSC07893-2048x1365.jpg 2048w, https:\/\/www.vfl-westercelle.de\/fb\/wp-content\/uploads\/sites\/3\/2025\/08\/DSC07893-1500x1000.jpg 1500w, https:\/\/www.vfl-westercelle.de\/fb\/wp-content\/uploads\/sites\/3\/2025\/08\/DSC07893-705x470.jpg 705w, https:\/\/www.vfl-westercelle.de\/fb\/wp-content\/uploads\/sites\/3\/2025\/08\/DSC07893-128x85.jpg 128w, https:\/\/www.vfl-westercelle.de\/fb\/wp-content\/uploads\/sites\/3\/2025\/08\/DSC07893-32x21.jpg 32w\" data-sizes=\"(max-width: 1030px) 100vw, 1030px\" data-rel='gallery-1' data-prev-img='https:\/\/www.vfl-westercelle.de\/fb\/wp-content\/uploads\/sites\/3\/2025\/08\/DSC07893-495x400.jpg' class='lightbox ' data-onclick='4' title='&#8230;und viel Erfolg seinem Nachfolger Stephan H\u00fcbner.'  itemprop=\"thumbnailUrl\"  ><img decoding=\"async\" fetchpriority=\"high\" class=\"wp-image-28624 avia-img-lazy-loading-not-28624\"  data-avia-tooltip='&#8230;und viel Erfolg seinem Nachfolger Stephan H\u00fcbner.' src=\"https:\/\/www.vfl-westercelle.de\/fb\/wp-content\/uploads\/sites\/3\/2025\/08\/DSC07893-495x400.jpg\" width=\"495\" height=\"400\"  title='Trainer H\u00fcbner 25-26' alt='' srcset=\"https:\/\/www.vfl-westercelle.de\/fb\/wp-content\/uploads\/sites\/3\/2025\/08\/DSC07893-495x400.jpg 495w, https:\/\/www.vfl-westercelle.de\/fb\/wp-content\/uploads\/sites\/3\/2025\/08\/DSC07893-845x684.jpg 845w\" sizes=\"(max-width: 495px) 100vw, 495px\" \/><div class='big-prev-fake'><img decoding=\"async\" loading=\"lazy\" class=\"wp-image-28624 avia-img-lazy-loading-28624\"  width=\"495\" height=\"400\" src=\"https:\/\/www.vfl-westercelle.de\/fb\/wp-content\/uploads\/sites\/3\/2025\/08\/DSC07893-495x400.jpg\" title='Trainer H\u00fcbner 25-26' alt='' srcset=\"https:\/\/www.vfl-westercelle.de\/fb\/wp-content\/uploads\/sites\/3\/2025\/08\/DSC07893-495x400.jpg 495w, https:\/\/www.vfl-westercelle.de\/fb\/wp-content\/uploads\/sites\/3\/2025\/08\/DSC07893-845x684.jpg 845w\" sizes=\"auto, (max-width: 495px) 100vw, 495px\" \/><\/div><\/a><a href=\"https:\/\/www.vfl-westercelle.de\/fb\/wp-content\/uploads\/sites\/3\/2025\/02\/250130_CZ_BOR102-1030x687.jpg\" data-srcset=\"https:\/\/www.vfl-westercelle.de\/fb\/wp-content\/uploads\/sites\/3\/2025\/02\/250130_CZ_BOR102-1030x687.jpg 1030w, https:\/\/www.vfl-westercelle.de\/fb\/wp-content\/uploads\/sites\/3\/2025\/02\/250130_CZ_BOR102-300x200.jpg 300w, https:\/\/www.vfl-westercelle.de\/fb\/wp-content\/uploads\/sites\/3\/2025\/02\/250130_CZ_BOR102-768x512.jpg 768w, https:\/\/www.vfl-westercelle.de\/fb\/wp-content\/uploads\/sites\/3\/2025\/02\/250130_CZ_BOR102-1536x1025.jpg 1536w, https:\/\/www.vfl-westercelle.de\/fb\/wp-content\/uploads\/sites\/3\/2025\/02\/250130_CZ_BOR102-2048x1366.jpg 2048w, https:\/\/www.vfl-westercelle.de\/fb\/wp-content\/uploads\/sites\/3\/2025\/02\/250130_CZ_BOR102-1500x1001.jpg 1500w, https:\/\/www.vfl-westercelle.de\/fb\/wp-content\/uploads\/sites\/3\/2025\/02\/250130_CZ_BOR102-705x470.jpg 705w, https:\/\/www.vfl-westercelle.de\/fb\/wp-content\/uploads\/sites\/3\/2025\/02\/250130_CZ_BOR102-128x85.jpg 128w, https:\/\/www.vfl-westercelle.de\/fb\/wp-content\/uploads\/sites\/3\/2025\/02\/250130_CZ_BOR102-32x21.jpg 32w\" data-sizes=\"(max-width: 1030px) 100vw, 1030px\" data-rel='gallery-1' data-prev-img='https:\/\/www.vfl-westercelle.de\/fb\/wp-content\/uploads\/sites\/3\/2025\/02\/250130_CZ_BOR102-495x400.jpg' class='lightbox ' data-onclick='5' title='Grundschulcup des VfL Westercelle (GS Heese-S\u00fcd &#8211; GS Westercelle)'  itemprop=\"thumbnailUrl\"  ><img decoding=\"async\" fetchpriority=\"high\" class=\"wp-image-26570 avia-img-lazy-loading-not-26570\"  data-avia-tooltip='Grundschulcup des VfL Westercelle (GS Heese-S\u00fcd &#8211; GS Westercelle)' src=\"https:\/\/www.vfl-westercelle.de\/fb\/wp-content\/uploads\/sites\/3\/2025\/02\/250130_CZ_BOR102-495x400.jpg\" width=\"495\" height=\"400\"  title='Westerceller Grundschulcup' alt='' srcset=\"https:\/\/www.vfl-westercelle.de\/fb\/wp-content\/uploads\/sites\/3\/2025\/02\/250130_CZ_BOR102-495x400.jpg 495w, https:\/\/www.vfl-westercelle.de\/fb\/wp-content\/uploads\/sites\/3\/2025\/02\/250130_CZ_BOR102-845x684.jpg 845w\" sizes=\"(max-width: 495px) 100vw, 495px\" \/><div class='big-prev-fake'><img decoding=\"async\" loading=\"lazy\" class=\"wp-image-26570 avia-img-lazy-loading-26570\"  width=\"495\" height=\"400\" src=\"https:\/\/www.vfl-westercelle.de\/fb\/wp-content\/uploads\/sites\/3\/2025\/02\/250130_CZ_BOR102-495x400.jpg\" title='Westerceller Grundschulcup' alt='' srcset=\"https:\/\/www.vfl-westercelle.de\/fb\/wp-content\/uploads\/sites\/3\/2025\/02\/250130_CZ_BOR102-495x400.jpg 495w, https:\/\/www.vfl-westercelle.de\/fb\/wp-content\/uploads\/sites\/3\/2025\/02\/250130_CZ_BOR102-845x684.jpg 845w\" sizes=\"auto, (max-width: 495px) 100vw, 495px\" \/><\/div><\/a><a href=\"https:\/\/www.vfl-westercelle.de\/fb\/wp-content\/uploads\/sites\/3\/2025\/03\/IMG-20250224-WA0000-1030x772.jpg\" data-srcset=\"https:\/\/www.vfl-westercelle.de\/fb\/wp-content\/uploads\/sites\/3\/2025\/03\/IMG-20250224-WA0000-1030x772.jpg 1030w, https:\/\/www.vfl-westercelle.de\/fb\/wp-content\/uploads\/sites\/3\/2025\/03\/IMG-20250224-WA0000-300x225.jpg 300w, https:\/\/www.vfl-westercelle.de\/fb\/wp-content\/uploads\/sites\/3\/2025\/03\/IMG-20250224-WA0000-768x576.jpg 768w, https:\/\/www.vfl-westercelle.de\/fb\/wp-content\/uploads\/sites\/3\/2025\/03\/IMG-20250224-WA0000-1536x1151.jpg 1536w, https:\/\/www.vfl-westercelle.de\/fb\/wp-content\/uploads\/sites\/3\/2025\/03\/IMG-20250224-WA0000-1500x1124.jpg 1500w, https:\/\/www.vfl-westercelle.de\/fb\/wp-content\/uploads\/sites\/3\/2025\/03\/IMG-20250224-WA0000-705x528.jpg 705w, https:\/\/www.vfl-westercelle.de\/fb\/wp-content\/uploads\/sites\/3\/2025\/03\/IMG-20250224-WA0000-128x96.jpg 128w, https:\/\/www.vfl-westercelle.de\/fb\/wp-content\/uploads\/sites\/3\/2025\/03\/IMG-20250224-WA0000-32x24.jpg 32w, https:\/\/www.vfl-westercelle.de\/fb\/wp-content\/uploads\/sites\/3\/2025\/03\/IMG-20250224-WA0000.jpg 2048w\" data-sizes=\"(max-width: 1030px) 100vw, 1030px\" data-rel='gallery-1' data-prev-img='https:\/\/www.vfl-westercelle.de\/fb\/wp-content\/uploads\/sites\/3\/2025\/03\/IMG-20250224-WA0000-495x400.jpg' class='lightbox ' data-onclick='6' title='Herzlichen Gl\u00fcckwunsch an die U10 zum Kreismeistertitel!'  itemprop=\"thumbnailUrl\"  ><img decoding=\"async\" fetchpriority=\"high\" class=\"wp-image-26718 avia-img-lazy-loading-not-26718\"  data-avia-tooltip='Herzlichen Gl\u00fcckwunsch an die U10 zum Kreismeistertitel!' src=\"https:\/\/www.vfl-westercelle.de\/fb\/wp-content\/uploads\/sites\/3\/2025\/03\/IMG-20250224-WA0000-495x400.jpg\" width=\"495\" height=\"400\"  title='U11 Hallenkreismeister 2025' alt='' srcset=\"https:\/\/www.vfl-westercelle.de\/fb\/wp-content\/uploads\/sites\/3\/2025\/03\/IMG-20250224-WA0000-495x400.jpg 495w, https:\/\/www.vfl-westercelle.de\/fb\/wp-content\/uploads\/sites\/3\/2025\/03\/IMG-20250224-WA0000-845x684.jpg 845w\" sizes=\"(max-width: 495px) 100vw, 495px\" \/><div class='big-prev-fake'><img decoding=\"async\" loading=\"lazy\" class=\"wp-image-26718 avia-img-lazy-loading-26718\"  width=\"495\" height=\"400\" src=\"https:\/\/www.vfl-westercelle.de\/fb\/wp-content\/uploads\/sites\/3\/2025\/03\/IMG-20250224-WA0000-495x400.jpg\" title='U11 Hallenkreismeister 2025' alt='' srcset=\"https:\/\/www.vfl-westercelle.de\/fb\/wp-content\/uploads\/sites\/3\/2025\/03\/IMG-20250224-WA0000-495x400.jpg 495w, https:\/\/www.vfl-westercelle.de\/fb\/wp-content\/uploads\/sites\/3\/2025\/03\/IMG-20250224-WA0000-845x684.jpg 845w\" sizes=\"auto, (max-width: 495px) 100vw, 495px\" \/><\/div><\/a><a href=\"https:\/\/www.vfl-westercelle.de\/fb\/wp-content\/uploads\/sites\/3\/2023\/07\/230721_CZ_BOR087-1030x687.jpg\" data-srcset=\"https:\/\/www.vfl-westercelle.de\/fb\/wp-content\/uploads\/sites\/3\/2023\/07\/230721_CZ_BOR087-1030x687.jpg 1030w, https:\/\/www.vfl-westercelle.de\/fb\/wp-content\/uploads\/sites\/3\/2023\/07\/230721_CZ_BOR087-300x200.jpg 300w, https:\/\/www.vfl-westercelle.de\/fb\/wp-content\/uploads\/sites\/3\/2023\/07\/230721_CZ_BOR087-768x512.jpg 768w, https:\/\/www.vfl-westercelle.de\/fb\/wp-content\/uploads\/sites\/3\/2023\/07\/230721_CZ_BOR087-1536x1025.jpg 1536w, https:\/\/www.vfl-westercelle.de\/fb\/wp-content\/uploads\/sites\/3\/2023\/07\/230721_CZ_BOR087-2048x1366.jpg 2048w, https:\/\/www.vfl-westercelle.de\/fb\/wp-content\/uploads\/sites\/3\/2023\/07\/230721_CZ_BOR087-1500x1001.jpg 1500w, https:\/\/www.vfl-westercelle.de\/fb\/wp-content\/uploads\/sites\/3\/2023\/07\/230721_CZ_BOR087-705x470.jpg 705w, https:\/\/www.vfl-westercelle.de\/fb\/wp-content\/uploads\/sites\/3\/2023\/07\/230721_CZ_BOR087-128x85.jpg 128w, https:\/\/www.vfl-westercelle.de\/fb\/wp-content\/uploads\/sites\/3\/2023\/07\/230721_CZ_BOR087-32x21.jpg 32w\" data-sizes=\"(max-width: 1030px) 100vw, 1030px\" data-rel='gallery-1' data-prev-img='https:\/\/www.vfl-westercelle.de\/fb\/wp-content\/uploads\/sites\/3\/2023\/07\/230721_CZ_BOR087-495x400.jpg' class='lightbox ' data-onclick='7' title='Nach 20 Jahren an der Seitenlinie macht Jonas Sieme eine Pause.'  itemprop=\"thumbnailUrl\"  ><img decoding=\"async\" fetchpriority=\"high\" class=\"wp-image-21439 avia-img-lazy-loading-not-21439\"  data-avia-tooltip='Nach 20 Jahren an der Seitenlinie macht Jonas Sieme eine Pause.' src=\"https:\/\/www.vfl-westercelle.de\/fb\/wp-content\/uploads\/sites\/3\/2023\/07\/230721_CZ_BOR087-495x400.jpg\" width=\"495\" height=\"400\"  title='Trainer Sieme 23-24' alt='' srcset=\"https:\/\/www.vfl-westercelle.de\/fb\/wp-content\/uploads\/sites\/3\/2023\/07\/230721_CZ_BOR087-495x400.jpg 495w, https:\/\/www.vfl-westercelle.de\/fb\/wp-content\/uploads\/sites\/3\/2023\/07\/230721_CZ_BOR087-845x684.jpg 845w\" sizes=\"(max-width: 495px) 100vw, 495px\" \/><div class='big-prev-fake'><img decoding=\"async\" loading=\"lazy\" class=\"wp-image-21439 avia-img-lazy-loading-21439\"  width=\"495\" height=\"400\" src=\"https:\/\/www.vfl-westercelle.de\/fb\/wp-content\/uploads\/sites\/3\/2023\/07\/230721_CZ_BOR087-495x400.jpg\" title='Trainer Sieme 23-24' alt='' srcset=\"https:\/\/www.vfl-westercelle.de\/fb\/wp-content\/uploads\/sites\/3\/2023\/07\/230721_CZ_BOR087-495x400.jpg 495w, https:\/\/www.vfl-westercelle.de\/fb\/wp-content\/uploads\/sites\/3\/2023\/07\/230721_CZ_BOR087-845x684.jpg 845w\" sizes=\"auto, (max-width: 495px) 100vw, 495px\" \/><\/div><\/a><\/div><\/div><\/p><\/div><div  class='flex_column av-1fti4ck-24fdae138c7b6aa68b704bbf9dfebb55 av_one_full  avia-builder-el-4  el_after_av_one_full  el_before_av_one_full  first flex_column_div  column-top-margin'     ><p><section  class='av_textblock_section av-mjr3lln0-f04f4ec965b6393a1c987e56db445c02 '   itemscope=\"itemscope\" itemtype=\"https:\/\/schema.org\/BlogPosting\" itemprop=\"blogPost\" ><div class='avia_textblock'  itemprop=\"text\" ><p><strong>April <\/strong>Der VfL feiert! Und wie! Am 4. April begeht der VfL Westercelle sein 75-j\u00e4hriges Jubil\u00e4um mit einem Empfang und der anschlie\u00dfenden Party im Inkognito. \u00dcber 100 geladene G\u00e4ste, \u00fcber 300 im Pascha &#8211; die Nacht gerieht zum Tage in gelb-schwarz. Als Gr\u00fcndungssparte zogen die Fu\u00dfballer zwei Tage sp\u00e4ter nach. Zum Jubil\u00e4umsspieltag im Westerceller Sportpark siegten 1. &amp; 2. Herren souver\u00e4n und zum <a href=\"https:\/\/www.vfl-westercelle.de\/fb\/westerceller-fussballer-feiern-rundum-gelungene-geburtstagsparty\/\" target=\"_blank\" rel=\"noopener\">Ehemaligentreffen<\/a> kamen \u00fcber 100 ehemalige Spielerinnen und Spieler und gaben der Veranstaltung einen sehr w\u00fcrdigen Rahmen. In der kommenden Saison wird die Westerceller <a href=\"https:\/\/www.vfl-westercelle.de\/fb\/fleischerei-zimmermann-wird-neuer-hauptsponsor-der-vfl-fussballer\/\" target=\"_blank\" rel=\"noopener\">Fleischerei Zimmermann<\/a> neuer Hauptsponsor werden. Die leckeren W\u00fcrstchen werden also auch weiterhin an den Heimspieltagen verkauft.<\/p>\n<p><strong>Mai <\/strong>Letztes Spiel der VfL-Frauen &#8211; aufgrund zu vieler Abg\u00e4nge wird es in der n\u00e4chsten Saison leider keine Frauenmannschaft beim VfL geben. Die Mannschaft bedankt sich insbesondere bei Trainer Robin Krause f\u00fcr die gro\u00dfartige Unterst\u00fctzung auf und neben dem Platz. Im Mai hagelt es triditionell Erfolge: Die 2. Herren feiert den Kreismeistertitel ebenso wie die U10 und die U13 I. Die U13 II steigt in die Kreisliga auf und die U14 sichert sich den Titel in der Bezirksliga und somit den Aufstieg in die Landesliga. Im Rahmen des VfL-Jubil\u00e4ums wurde das Kreispokalendspiel im Westerceller Sportpark ausgetragen. Vor mehr als 1.000 Zuschauern gewann der TuS Oldau-Ovelg\u00f6nne mit 6:5 n. E. gegen den TuS Eversen\/S\u00fclze. Die \u00dc40 vertritt die Westerceller Farben bei der Niedersachsenmeisterschaft und scheidet \u00e4u\u00dferst ungl\u00fccklich im Viertelfinale mit 0:1 aus. Herausragende Leistung unserer (fast) \u00c4ltesten!<\/p>\n<p><strong>Juni<\/strong> Der <a href=\"https:\/\/www.vfl-westercelle.de\/fb\/27213-2\/\" target=\"_blank\" rel=\"noopener\">22. Westerceller Niedersachsencup<\/a> hielt wieder einmal, was er zuvor versprach. 111 Mannschaften k\u00e4mpften um die sieben Pokale und mit der U9 und der U10 konnten wir zwei Heimsiege feiern! Nach dem Abbau wurde gebangt und gezittert, aber alles Daumendr\u00fccken half nichts. <a href=\"https:\/\/www.vfl-westercelle.de\/fb\/nur-ein-punkt-fehlt-zum-doppel-aufstieg-blick-geht-beim-vfl-westercelle-wieder-nach-vorne\/\" target=\"_blank\" rel=\"noopener\">Am Ende fehlte der 1. Herren ein Punkt<\/a> oder acht Tore zur Meisterschaft und zum Aufstieg in die Landesliga. Dennoch war es eine \u00fcberragende Saison, die die Jungs auf Malle ausklingen lie\u00dfen. Die U18 steigt in die Niedersachsenliga auf und spielt wie die U15 und U17 im n\u00e4chsten Jahr in der h\u00f6chsten Spielklasse des Landes. Die \u00dc40 holt mit \u00fcberragenden 10 Punkten Vorsprung den Kreismeistertitel. Im Kreispokal sind die U10, U13 und die U14 siegreich, die Alte Herren verspielt eine fr\u00fche 3:0 F\u00fchrung. \u00dcberragend der 3:2 Erfolg der U16 im Bezirkspokalfinale gegen den JFV AOHBB! Beim Westerceller Stadtteilturnier, das wir im Rahmen des Jubil\u00e4ums ausrichteten, war das Team der Oberschule Westercelle siegreich.<\/p>\n<\/div><\/section><br \/>\n\n<style type=\"text\/css\" data-created_by=\"avia_inline_auto\" id=\"style-css-av-mjr3r6e0-a5ff59119fa69a59011b420cde6f18d3\">\n#top .avia-gallery.av-mjr3r6e0-a5ff59119fa69a59011b420cde6f18d3 .avia-gallery-thumb a{\nwidth:14.2857%;\n}\n<\/style>\n<div  class='avia-gallery av-mjr3r6e0-a5ff59119fa69a59011b420cde6f18d3 avia_animate_when_visible  avia-builder-el-6  el_after_av_textblock  avia-builder-el-last  avia_lazyload avia-gallery-animate avia-gallery-2'  itemprop=\"image\" itemscope=\"itemscope\" itemtype=\"https:\/\/schema.org\/ImageObject\" ><meta itemprop=\"contentURL\" content=\"https:\/\/www.vfl-westercelle.de\/fb\/rueckblick-das-vflfussball-jahr-2025\/\"><div class='avia-gallery-thumb'><a href=\"https:\/\/www.vfl-westercelle.de\/fb\/wp-content\/uploads\/sites\/3\/2025\/04\/75Jahre-vflfussball-824x1030.jpg\" data-srcset=\"https:\/\/www.vfl-westercelle.de\/fb\/wp-content\/uploads\/sites\/3\/2025\/04\/75Jahre-vflfussball-824x1030.jpg 824w, https:\/\/www.vfl-westercelle.de\/fb\/wp-content\/uploads\/sites\/3\/2025\/04\/75Jahre-vflfussball-240x300.jpg 240w, https:\/\/www.vfl-westercelle.de\/fb\/wp-content\/uploads\/sites\/3\/2025\/04\/75Jahre-vflfussball-768x960.jpg 768w, https:\/\/www.vfl-westercelle.de\/fb\/wp-content\/uploads\/sites\/3\/2025\/04\/75Jahre-vflfussball-1229x1536.jpg 1229w, https:\/\/www.vfl-westercelle.de\/fb\/wp-content\/uploads\/sites\/3\/2025\/04\/75Jahre-vflfussball-1638x2048.jpg 1638w, https:\/\/www.vfl-westercelle.de\/fb\/wp-content\/uploads\/sites\/3\/2025\/04\/75Jahre-vflfussball-1200x1500.jpg 1200w, https:\/\/www.vfl-westercelle.de\/fb\/wp-content\/uploads\/sites\/3\/2025\/04\/75Jahre-vflfussball-564x705.jpg 564w, https:\/\/www.vfl-westercelle.de\/fb\/wp-content\/uploads\/sites\/3\/2025\/04\/75Jahre-vflfussball-102x128.jpg 102w, https:\/\/www.vfl-westercelle.de\/fb\/wp-content\/uploads\/sites\/3\/2025\/04\/75Jahre-vflfussball-26x32.jpg 26w, https:\/\/www.vfl-westercelle.de\/fb\/wp-content\/uploads\/sites\/3\/2025\/04\/75Jahre-vflfussball.jpg 2000w\" data-sizes=\"(max-width: 824px) 100vw, 824px\" data-rel='gallery-2' data-prev-img='https:\/\/www.vfl-westercelle.de\/fb\/wp-content\/uploads\/sites\/3\/2025\/04\/75Jahre-vflfussball-495x400.jpg' class='first_thumb lightbox ' data-onclick='1' title='75 Jahre vflfussball: Eine Erfolgsgeschcihte.'  itemprop=\"thumbnailUrl\"  ><img decoding=\"async\" fetchpriority=\"high\" class=\"wp-image-26876 avia-img-lazy-loading-not-26876\"  data-avia-tooltip='75 Jahre vflfussball: Eine Erfolgsgeschcihte.' src=\"https:\/\/www.vfl-westercelle.de\/fb\/wp-content\/uploads\/sites\/3\/2025\/04\/75Jahre-vflfussball-495x400.jpg\" width=\"495\" height=\"400\"  title='75Jahre-vflfussball' alt='' srcset=\"https:\/\/www.vfl-westercelle.de\/fb\/wp-content\/uploads\/sites\/3\/2025\/04\/75Jahre-vflfussball-495x400.jpg 495w, https:\/\/www.vfl-westercelle.de\/fb\/wp-content\/uploads\/sites\/3\/2025\/04\/75Jahre-vflfussball-845x684.jpg 845w\" sizes=\"(max-width: 495px) 100vw, 495px\" \/><div class='big-prev-fake'><img decoding=\"async\" loading=\"lazy\" class=\"wp-image-26876 avia-img-lazy-loading-26876\"  width=\"495\" height=\"400\" src=\"https:\/\/www.vfl-westercelle.de\/fb\/wp-content\/uploads\/sites\/3\/2025\/04\/75Jahre-vflfussball-495x400.jpg\" title='75Jahre-vflfussball' alt='' srcset=\"https:\/\/www.vfl-westercelle.de\/fb\/wp-content\/uploads\/sites\/3\/2025\/04\/75Jahre-vflfussball-495x400.jpg 495w, https:\/\/www.vfl-westercelle.de\/fb\/wp-content\/uploads\/sites\/3\/2025\/04\/75Jahre-vflfussball-845x684.jpg 845w\" sizes=\"auto, (max-width: 495px) 100vw, 495px\" \/><\/div><\/a><a href=\"https:\/\/www.vfl-westercelle.de\/fb\/wp-content\/uploads\/sites\/3\/2025\/04\/Ehemaligentreffen1-1030x773.jpg\" data-srcset=\"https:\/\/www.vfl-westercelle.de\/fb\/wp-content\/uploads\/sites\/3\/2025\/04\/Ehemaligentreffen1-1030x773.jpg 1030w, https:\/\/www.vfl-westercelle.de\/fb\/wp-content\/uploads\/sites\/3\/2025\/04\/Ehemaligentreffen1-300x225.jpg 300w, https:\/\/www.vfl-westercelle.de\/fb\/wp-content\/uploads\/sites\/3\/2025\/04\/Ehemaligentreffen1-768x576.jpg 768w, https:\/\/www.vfl-westercelle.de\/fb\/wp-content\/uploads\/sites\/3\/2025\/04\/Ehemaligentreffen1-1536x1152.jpg 1536w, https:\/\/www.vfl-westercelle.de\/fb\/wp-content\/uploads\/sites\/3\/2025\/04\/Ehemaligentreffen1-1500x1125.jpg 1500w, https:\/\/www.vfl-westercelle.de\/fb\/wp-content\/uploads\/sites\/3\/2025\/04\/Ehemaligentreffen1-705x529.jpg 705w, https:\/\/www.vfl-westercelle.de\/fb\/wp-content\/uploads\/sites\/3\/2025\/04\/Ehemaligentreffen1-128x96.jpg 128w, https:\/\/www.vfl-westercelle.de\/fb\/wp-content\/uploads\/sites\/3\/2025\/04\/Ehemaligentreffen1-32x24.jpg 32w, https:\/\/www.vfl-westercelle.de\/fb\/wp-content\/uploads\/sites\/3\/2025\/04\/Ehemaligentreffen1.jpg 1600w\" data-sizes=\"(max-width: 1030px) 100vw, 1030px\" data-rel='gallery-2' data-prev-img='https:\/\/www.vfl-westercelle.de\/fb\/wp-content\/uploads\/sites\/3\/2025\/04\/Ehemaligentreffen1-495x400.jpg' class='lightbox ' data-onclick='2' title='75 Jahre vflfussball: Treffen von ehemaligen Spielern der 1. &amp; 2. Herren.'  itemprop=\"thumbnailUrl\"  ><img decoding=\"async\" fetchpriority=\"high\" class=\"wp-image-26953 avia-img-lazy-loading-not-26953\"  data-avia-tooltip='75 Jahre vflfussball: Treffen von ehemaligen Spielern der 1. &amp; 2. Herren.' src=\"https:\/\/www.vfl-westercelle.de\/fb\/wp-content\/uploads\/sites\/3\/2025\/04\/Ehemaligentreffen1-495x400.jpg\" width=\"495\" height=\"400\"  title='Ehemaligentreffen1' alt='' srcset=\"https:\/\/www.vfl-westercelle.de\/fb\/wp-content\/uploads\/sites\/3\/2025\/04\/Ehemaligentreffen1-495x400.jpg 495w, https:\/\/www.vfl-westercelle.de\/fb\/wp-content\/uploads\/sites\/3\/2025\/04\/Ehemaligentreffen1-845x684.jpg 845w\" sizes=\"(max-width: 495px) 100vw, 495px\" \/><div class='big-prev-fake'><img decoding=\"async\" loading=\"lazy\" class=\"wp-image-26953 avia-img-lazy-loading-26953\"  width=\"495\" height=\"400\" src=\"https:\/\/www.vfl-westercelle.de\/fb\/wp-content\/uploads\/sites\/3\/2025\/04\/Ehemaligentreffen1-495x400.jpg\" title='Ehemaligentreffen1' alt='' srcset=\"https:\/\/www.vfl-westercelle.de\/fb\/wp-content\/uploads\/sites\/3\/2025\/04\/Ehemaligentreffen1-495x400.jpg 495w, https:\/\/www.vfl-westercelle.de\/fb\/wp-content\/uploads\/sites\/3\/2025\/04\/Ehemaligentreffen1-845x684.jpg 845w\" sizes=\"auto, (max-width: 495px) 100vw, 495px\" \/><\/div><\/a><a href=\"https:\/\/www.vfl-westercelle.de\/fb\/wp-content\/uploads\/sites\/3\/2025\/04\/Ehemaligentreffen2-1030x773.jpg\" data-srcset=\"https:\/\/www.vfl-westercelle.de\/fb\/wp-content\/uploads\/sites\/3\/2025\/04\/Ehemaligentreffen2-1030x773.jpg 1030w, https:\/\/www.vfl-westercelle.de\/fb\/wp-content\/uploads\/sites\/3\/2025\/04\/Ehemaligentreffen2-300x225.jpg 300w, https:\/\/www.vfl-westercelle.de\/fb\/wp-content\/uploads\/sites\/3\/2025\/04\/Ehemaligentreffen2-768x576.jpg 768w, https:\/\/www.vfl-westercelle.de\/fb\/wp-content\/uploads\/sites\/3\/2025\/04\/Ehemaligentreffen2-1536x1152.jpg 1536w, https:\/\/www.vfl-westercelle.de\/fb\/wp-content\/uploads\/sites\/3\/2025\/04\/Ehemaligentreffen2-2048x1536.jpg 2048w, https:\/\/www.vfl-westercelle.de\/fb\/wp-content\/uploads\/sites\/3\/2025\/04\/Ehemaligentreffen2-1500x1125.jpg 1500w, https:\/\/www.vfl-westercelle.de\/fb\/wp-content\/uploads\/sites\/3\/2025\/04\/Ehemaligentreffen2-705x529.jpg 705w, https:\/\/www.vfl-westercelle.de\/fb\/wp-content\/uploads\/sites\/3\/2025\/04\/Ehemaligentreffen2-128x96.jpg 128w, https:\/\/www.vfl-westercelle.de\/fb\/wp-content\/uploads\/sites\/3\/2025\/04\/Ehemaligentreffen2-32x24.jpg 32w\" data-sizes=\"(max-width: 1030px) 100vw, 1030px\" data-rel='gallery-2' data-prev-img='https:\/\/www.vfl-westercelle.de\/fb\/wp-content\/uploads\/sites\/3\/2025\/04\/Ehemaligentreffen2-495x400.jpg' class='lightbox ' data-onclick='3' title='75 Jahre vflfussball: Treffen von ehemaligen Spielerninnen der Damenmannschaften.'  itemprop=\"thumbnailUrl\"  ><img decoding=\"async\" fetchpriority=\"high\" class=\"wp-image-26954 avia-img-lazy-loading-not-26954\"  data-avia-tooltip='75 Jahre vflfussball: Treffen von ehemaligen Spielerninnen der Damenmannschaften.' src=\"https:\/\/www.vfl-westercelle.de\/fb\/wp-content\/uploads\/sites\/3\/2025\/04\/Ehemaligentreffen2-495x400.jpg\" width=\"495\" height=\"400\"  title='Ehemaligentreffen2' alt='' srcset=\"https:\/\/www.vfl-westercelle.de\/fb\/wp-content\/uploads\/sites\/3\/2025\/04\/Ehemaligentreffen2-495x400.jpg 495w, https:\/\/www.vfl-westercelle.de\/fb\/wp-content\/uploads\/sites\/3\/2025\/04\/Ehemaligentreffen2-845x684.jpg 845w\" sizes=\"(max-width: 495px) 100vw, 495px\" \/><div class='big-prev-fake'><img decoding=\"async\" loading=\"lazy\" class=\"wp-image-26954 avia-img-lazy-loading-26954\"  width=\"495\" height=\"400\" src=\"https:\/\/www.vfl-westercelle.de\/fb\/wp-content\/uploads\/sites\/3\/2025\/04\/Ehemaligentreffen2-495x400.jpg\" title='Ehemaligentreffen2' alt='' srcset=\"https:\/\/www.vfl-westercelle.de\/fb\/wp-content\/uploads\/sites\/3\/2025\/04\/Ehemaligentreffen2-495x400.jpg 495w, https:\/\/www.vfl-westercelle.de\/fb\/wp-content\/uploads\/sites\/3\/2025\/04\/Ehemaligentreffen2-845x684.jpg 845w\" sizes=\"auto, (max-width: 495px) 100vw, 495px\" \/><\/div><\/a><a href=\"https:\/\/www.vfl-westercelle.de\/fb\/wp-content\/uploads\/sites\/3\/2025\/04\/Zimmermann-1-1030x773.png\" data-srcset=\"https:\/\/www.vfl-westercelle.de\/fb\/wp-content\/uploads\/sites\/3\/2025\/04\/Zimmermann-1-1030x773.png 1030w, https:\/\/www.vfl-westercelle.de\/fb\/wp-content\/uploads\/sites\/3\/2025\/04\/Zimmermann-1-300x225.png 300w, https:\/\/www.vfl-westercelle.de\/fb\/wp-content\/uploads\/sites\/3\/2025\/04\/Zimmermann-1-768x576.png 768w, https:\/\/www.vfl-westercelle.de\/fb\/wp-content\/uploads\/sites\/3\/2025\/04\/Zimmermann-1-1536x1152.png 1536w, https:\/\/www.vfl-westercelle.de\/fb\/wp-content\/uploads\/sites\/3\/2025\/04\/Zimmermann-1-2048x1536.png 2048w, https:\/\/www.vfl-westercelle.de\/fb\/wp-content\/uploads\/sites\/3\/2025\/04\/Zimmermann-1-1500x1125.png 1500w, https:\/\/www.vfl-westercelle.de\/fb\/wp-content\/uploads\/sites\/3\/2025\/04\/Zimmermann-1-705x529.png 705w, https:\/\/www.vfl-westercelle.de\/fb\/wp-content\/uploads\/sites\/3\/2025\/04\/Zimmermann-1-128x96.png 128w, https:\/\/www.vfl-westercelle.de\/fb\/wp-content\/uploads\/sites\/3\/2025\/04\/Zimmermann-1-32x24.png 32w\" data-sizes=\"(max-width: 1030px) 100vw, 1030px\" data-rel='gallery-2' data-prev-img='https:\/\/www.vfl-westercelle.de\/fb\/wp-content\/uploads\/sites\/3\/2025\/04\/Zimmermann-1-495x400.png' class='lightbox ' data-onclick='4' title='Neuer Hauptsponsor ist die Fleischerei Zimmermann, eine echte Westerceller Marke.'  itemprop=\"thumbnailUrl\"  ><img decoding=\"async\" fetchpriority=\"high\" class=\"wp-image-27011 avia-img-lazy-loading-not-27011\"  data-avia-tooltip='Neuer Hauptsponsor ist die Fleischerei Zimmermann, eine echte Westerceller Marke.' src=\"https:\/\/www.vfl-westercelle.de\/fb\/wp-content\/uploads\/sites\/3\/2025\/04\/Zimmermann-1-495x400.png\" width=\"495\" height=\"400\"  title='Zimmermann' alt='' srcset=\"https:\/\/www.vfl-westercelle.de\/fb\/wp-content\/uploads\/sites\/3\/2025\/04\/Zimmermann-1-495x400.png 495w, https:\/\/www.vfl-westercelle.de\/fb\/wp-content\/uploads\/sites\/3\/2025\/04\/Zimmermann-1-845x684.png 845w\" sizes=\"(max-width: 495px) 100vw, 495px\" \/><div class='big-prev-fake'><img decoding=\"async\" loading=\"lazy\" class=\"wp-image-27011 avia-img-lazy-loading-27011\"  width=\"495\" height=\"400\" src=\"https:\/\/www.vfl-westercelle.de\/fb\/wp-content\/uploads\/sites\/3\/2025\/04\/Zimmermann-1-495x400.png\" title='Zimmermann' alt='' srcset=\"https:\/\/www.vfl-westercelle.de\/fb\/wp-content\/uploads\/sites\/3\/2025\/04\/Zimmermann-1-495x400.png 495w, https:\/\/www.vfl-westercelle.de\/fb\/wp-content\/uploads\/sites\/3\/2025\/04\/Zimmermann-1-845x684.png 845w\" sizes=\"auto, (max-width: 495px) 100vw, 495px\" \/><\/div><\/a><a href=\"https:\/\/www.vfl-westercelle.de\/fb\/wp-content\/uploads\/sites\/3\/2025\/06\/250531_CZ_BOR164-1030x687.jpg\" data-srcset=\"https:\/\/www.vfl-westercelle.de\/fb\/wp-content\/uploads\/sites\/3\/2025\/06\/250531_CZ_BOR164-1030x687.jpg 1030w, https:\/\/www.vfl-westercelle.de\/fb\/wp-content\/uploads\/sites\/3\/2025\/06\/250531_CZ_BOR164-300x200.jpg 300w, https:\/\/www.vfl-westercelle.de\/fb\/wp-content\/uploads\/sites\/3\/2025\/06\/250531_CZ_BOR164-768x512.jpg 768w, https:\/\/www.vfl-westercelle.de\/fb\/wp-content\/uploads\/sites\/3\/2025\/06\/250531_CZ_BOR164-1536x1025.jpg 1536w, https:\/\/www.vfl-westercelle.de\/fb\/wp-content\/uploads\/sites\/3\/2025\/06\/250531_CZ_BOR164-2048x1366.jpg 2048w, https:\/\/www.vfl-westercelle.de\/fb\/wp-content\/uploads\/sites\/3\/2025\/06\/250531_CZ_BOR164-1500x1001.jpg 1500w, https:\/\/www.vfl-westercelle.de\/fb\/wp-content\/uploads\/sites\/3\/2025\/06\/250531_CZ_BOR164-705x470.jpg 705w, https:\/\/www.vfl-westercelle.de\/fb\/wp-content\/uploads\/sites\/3\/2025\/06\/250531_CZ_BOR164-128x85.jpg 128w, https:\/\/www.vfl-westercelle.de\/fb\/wp-content\/uploads\/sites\/3\/2025\/06\/250531_CZ_BOR164-32x21.jpg 32w\" data-sizes=\"(max-width: 1030px) 100vw, 1030px\" data-rel='gallery-2' data-prev-img='https:\/\/www.vfl-westercelle.de\/fb\/wp-content\/uploads\/sites\/3\/2025\/06\/250531_CZ_BOR164-495x400.jpg' class='lightbox ' data-onclick='5' title='22. Westerceller VGH-Niedersachsencup'  itemprop=\"thumbnailUrl\"  ><img decoding=\"async\" fetchpriority=\"high\" class=\"wp-image-27215 avia-img-lazy-loading-not-27215\"  data-avia-tooltip='22. Westerceller VGH-Niedersachsencup' src=\"https:\/\/www.vfl-westercelle.de\/fb\/wp-content\/uploads\/sites\/3\/2025\/06\/250531_CZ_BOR164-495x400.jpg\" width=\"495\" height=\"400\"  title='22. Westerceller VGH-Niedersachsencup' alt='' srcset=\"https:\/\/www.vfl-westercelle.de\/fb\/wp-content\/uploads\/sites\/3\/2025\/06\/250531_CZ_BOR164-495x400.jpg 495w, https:\/\/www.vfl-westercelle.de\/fb\/wp-content\/uploads\/sites\/3\/2025\/06\/250531_CZ_BOR164-845x684.jpg 845w\" sizes=\"(max-width: 495px) 100vw, 495px\" \/><div class='big-prev-fake'><img decoding=\"async\" loading=\"lazy\" class=\"wp-image-27215 avia-img-lazy-loading-27215\"  width=\"495\" height=\"400\" src=\"https:\/\/www.vfl-westercelle.de\/fb\/wp-content\/uploads\/sites\/3\/2025\/06\/250531_CZ_BOR164-495x400.jpg\" title='22. Westerceller VGH-Niedersachsencup' alt='' srcset=\"https:\/\/www.vfl-westercelle.de\/fb\/wp-content\/uploads\/sites\/3\/2025\/06\/250531_CZ_BOR164-495x400.jpg 495w, https:\/\/www.vfl-westercelle.de\/fb\/wp-content\/uploads\/sites\/3\/2025\/06\/250531_CZ_BOR164-845x684.jpg 845w\" sizes=\"auto, (max-width: 495px) 100vw, 495px\" \/><\/div><\/a><a href=\"https:\/\/www.vfl-westercelle.de\/fb\/wp-content\/uploads\/sites\/3\/2025\/06\/Zweite-Meister25-scaled-e1750708231612-1030x774.jpg\" data-srcset=\"https:\/\/www.vfl-westercelle.de\/fb\/wp-content\/uploads\/sites\/3\/2025\/06\/Zweite-Meister25-scaled-e1750708231612-1030x774.jpg 1030w, https:\/\/www.vfl-westercelle.de\/fb\/wp-content\/uploads\/sites\/3\/2025\/06\/Zweite-Meister25-scaled-e1750708231612-300x225.jpg 300w, https:\/\/www.vfl-westercelle.de\/fb\/wp-content\/uploads\/sites\/3\/2025\/06\/Zweite-Meister25-scaled-e1750708231612-768x577.jpg 768w, https:\/\/www.vfl-westercelle.de\/fb\/wp-content\/uploads\/sites\/3\/2025\/06\/Zweite-Meister25-scaled-e1750708231612-1536x1154.jpg 1536w, https:\/\/www.vfl-westercelle.de\/fb\/wp-content\/uploads\/sites\/3\/2025\/06\/Zweite-Meister25-scaled-e1750708231612-1500x1127.jpg 1500w, https:\/\/www.vfl-westercelle.de\/fb\/wp-content\/uploads\/sites\/3\/2025\/06\/Zweite-Meister25-scaled-e1750708231612-705x529.jpg 705w, https:\/\/www.vfl-westercelle.de\/fb\/wp-content\/uploads\/sites\/3\/2025\/06\/Zweite-Meister25-scaled-e1750708231612-128x96.jpg 128w, https:\/\/www.vfl-westercelle.de\/fb\/wp-content\/uploads\/sites\/3\/2025\/06\/Zweite-Meister25-scaled-e1750708231612-32x24.jpg 32w, https:\/\/www.vfl-westercelle.de\/fb\/wp-content\/uploads\/sites\/3\/2025\/06\/Zweite-Meister25-scaled-e1750708231612.jpg 1920w\" data-sizes=\"(max-width: 1030px) 100vw, 1030px\" data-rel='gallery-2' data-prev-img='https:\/\/www.vfl-westercelle.de\/fb\/wp-content\/uploads\/sites\/3\/2025\/06\/Zweite-Meister25-scaled-e1750708231612-495x400.jpg' class='lightbox ' data-onclick='6' title='Kreismeister 2025: Die 2. Herren des VfL.'  itemprop=\"thumbnailUrl\"  ><img decoding=\"async\" fetchpriority=\"high\" class=\"wp-image-27445 avia-img-lazy-loading-not-27445\"  data-avia-tooltip='Kreismeister 2025: Die 2. Herren des VfL.' src=\"https:\/\/www.vfl-westercelle.de\/fb\/wp-content\/uploads\/sites\/3\/2025\/06\/Zweite-Meister25-scaled-e1750708231612-495x400.jpg\" width=\"495\" height=\"400\"  title='2. Herren Kreismeister 2025' alt='' srcset=\"https:\/\/www.vfl-westercelle.de\/fb\/wp-content\/uploads\/sites\/3\/2025\/06\/Zweite-Meister25-scaled-e1750708231612-495x400.jpg 495w, https:\/\/www.vfl-westercelle.de\/fb\/wp-content\/uploads\/sites\/3\/2025\/06\/Zweite-Meister25-scaled-e1750708231612-845x684.jpg 845w\" sizes=\"(max-width: 495px) 100vw, 495px\" \/><div class='big-prev-fake'><img decoding=\"async\" loading=\"lazy\" class=\"wp-image-27445 avia-img-lazy-loading-27445\"  width=\"495\" height=\"400\" src=\"https:\/\/www.vfl-westercelle.de\/fb\/wp-content\/uploads\/sites\/3\/2025\/06\/Zweite-Meister25-scaled-e1750708231612-495x400.jpg\" title='2. Herren Kreismeister 2025' alt='' srcset=\"https:\/\/www.vfl-westercelle.de\/fb\/wp-content\/uploads\/sites\/3\/2025\/06\/Zweite-Meister25-scaled-e1750708231612-495x400.jpg 495w, https:\/\/www.vfl-westercelle.de\/fb\/wp-content\/uploads\/sites\/3\/2025\/06\/Zweite-Meister25-scaled-e1750708231612-845x684.jpg 845w\" sizes=\"auto, (max-width: 495px) 100vw, 495px\" \/><\/div><\/a><a href=\"https:\/\/www.vfl-westercelle.de\/fb\/wp-content\/uploads\/sites\/3\/2024\/08\/DSC09937-1030x687.jpg\" data-srcset=\"https:\/\/www.vfl-westercelle.de\/fb\/wp-content\/uploads\/sites\/3\/2024\/08\/DSC09937-1030x687.jpg 1030w, https:\/\/www.vfl-westercelle.de\/fb\/wp-content\/uploads\/sites\/3\/2024\/08\/DSC09937-300x200.jpg 300w, https:\/\/www.vfl-westercelle.de\/fb\/wp-content\/uploads\/sites\/3\/2024\/08\/DSC09937-768x512.jpg 768w, https:\/\/www.vfl-westercelle.de\/fb\/wp-content\/uploads\/sites\/3\/2024\/08\/DSC09937-1536x1024.jpg 1536w, https:\/\/www.vfl-westercelle.de\/fb\/wp-content\/uploads\/sites\/3\/2024\/08\/DSC09937-2048x1365.jpg 2048w, https:\/\/www.vfl-westercelle.de\/fb\/wp-content\/uploads\/sites\/3\/2024\/08\/DSC09937-1500x1000.jpg 1500w, https:\/\/www.vfl-westercelle.de\/fb\/wp-content\/uploads\/sites\/3\/2024\/08\/DSC09937-705x470.jpg 705w, https:\/\/www.vfl-westercelle.de\/fb\/wp-content\/uploads\/sites\/3\/2024\/08\/DSC09937-128x85.jpg 128w, https:\/\/www.vfl-westercelle.de\/fb\/wp-content\/uploads\/sites\/3\/2024\/08\/DSC09937-32x21.jpg 32w\" data-sizes=\"(max-width: 1030px) 100vw, 1030px\" data-rel='gallery-2' data-prev-img='https:\/\/www.vfl-westercelle.de\/fb\/wp-content\/uploads\/sites\/3\/2024\/08\/DSC09937-495x400.jpg' class='lightbox ' data-onclick='7' title='Bezirkspokalsieger 2025: Die westerceller U16.'  itemprop=\"thumbnailUrl\"  ><img decoding=\"async\" fetchpriority=\"high\" class=\"wp-image-24986 avia-img-lazy-loading-not-24986\"  data-avia-tooltip='Bezirkspokalsieger 2025: Die westerceller U16.' src=\"https:\/\/www.vfl-westercelle.de\/fb\/wp-content\/uploads\/sites\/3\/2024\/08\/DSC09937-495x400.jpg\" width=\"495\" height=\"400\"  title='U16 I 24-25' alt='' srcset=\"https:\/\/www.vfl-westercelle.de\/fb\/wp-content\/uploads\/sites\/3\/2024\/08\/DSC09937-495x400.jpg 495w, https:\/\/www.vfl-westercelle.de\/fb\/wp-content\/uploads\/sites\/3\/2024\/08\/DSC09937-845x684.jpg 845w\" sizes=\"(max-width: 495px) 100vw, 495px\" \/><div class='big-prev-fake'><img decoding=\"async\" loading=\"lazy\" class=\"wp-image-24986 avia-img-lazy-loading-24986\"  width=\"495\" height=\"400\" src=\"https:\/\/www.vfl-westercelle.de\/fb\/wp-content\/uploads\/sites\/3\/2024\/08\/DSC09937-495x400.jpg\" title='U16 I 24-25' alt='' srcset=\"https:\/\/www.vfl-westercelle.de\/fb\/wp-content\/uploads\/sites\/3\/2024\/08\/DSC09937-495x400.jpg 495w, https:\/\/www.vfl-westercelle.de\/fb\/wp-content\/uploads\/sites\/3\/2024\/08\/DSC09937-845x684.jpg 845w\" sizes=\"auto, (max-width: 495px) 100vw, 495px\" \/><\/div><\/a><\/div><\/div><\/p><\/div><\/p>\n<div  class='flex_column av-182ie9w-e029e62aec4bc4f5531616013ea72de1 av_one_full  avia-builder-el-7  el_after_av_one_full  el_before_av_one_full  first flex_column_div  column-top-margin'     ><p><section  class='av_textblock_section av-mjr3v8pf-2dbc0a7ae0d6f5369029b0ecbeb04626 '   itemscope=\"itemscope\" itemtype=\"https:\/\/schema.org\/BlogPosting\" itemprop=\"blogPost\" ><div class='avia_textblock'  itemprop=\"text\" ><p><strong>Juli <\/strong>Mit der U17 und der U18 vertraten uns zwei Mannschaften beim <a href=\"https:\/\/www.vfl-westercelle.de\/fb\/gothia-cup\/\" target=\"_blank\" rel=\"noopener\">Gothia-Cup<\/a> in G\u00f6teborg. Nach zwei Gruppensiegen reichte es f\u00fcr das 32stel- bzw. 16tel-Finale. F\u00fcr die Trainer Tobi Sewerin und Lars Trautmann war es der letzte Einsatz an der Seitenlinie. Beide machen nach vielen Jahren unerm\u00fcdlichen Einsatzes eine wohlverdiente Pause. Das gilt auch f\u00fcr Max Aurin, der den 2010er-Jahrgang zusammen mit Michael Moraitis von der Kreis- bis in die Niedersachsenliga coachte. Stefan Mainka steigt zu seinem Abschied mit dem 2007er-Jahrgang in die Niedersachsenliga auf. Er wird uns nach wie vor im Sportheim begegnen. Nils Ersfeld (SV Werder Bremen) und Yasin Ozan (Eintracht Braunschweig) <a href=\"https:\/\/www.vfl-westercelle.de\/fb\/traum-vom-profifussball-zwei-jugendspieler-verlassen-vfl-westercelle-in-richtung-nlz\/\" target=\"_blank\" rel=\"noopener\">wechseln vom VfL<\/a> in die Nachwuchsleistungszentren zweier Bundesligisten!<\/p>\n<p><strong>August <\/strong>Die neue Spielzeit startet mit MediaDay und <a href=\"https:\/\/www.vfl-westercelle.de\/fb\/mit-derby-und-spitzenspiel-vfl-westercelle-feiert-am-sonntag-saisoneroeffnung\/\" target=\"_blank\" rel=\"noopener\">Saisoner\u00f6ffnung<\/a> im Westerceller Sportpark. Die 2. Herren besiegt den MTV Eintracht II und die 1. Herren trennt sich vom Topfavoriten TSV Elstorf mit 0:0. In der Jugend starten mit der U15, U17 und der U19 erstmals in der Vereinsgeschichte <a href=\"https:\/\/www.vfl-westercelle.de\/fb\/als-erster-verein-im-celler-fussball-vfl-westercelle-stellt-drei-jugendmannschaften-in-der-niedersachsenliga\/\" target=\"_blank\" rel=\"noopener\">drei Teams in der Niedersachsenliga<\/a>! Zu Beginn gab es im Niedersachsenpokal gegen Eintracht Braunschweig bzw. TSV Havelse zwar nichts zu holen, aber in der Liga sieht es dann schon anders aus. Hannes Neumann hat im August sein FSJ im VfL Westercelle beendet, bleibt uns aber als Trainer erhalten.<\/p>\n<p><strong>September<\/strong> \u00dcberraschend m\u00fcssen wir Abschied nehmen von unserem fr\u00fcheren Trainer der 2. Herren und jetzigen Coach des SV Gar\u00dfen Stephan Bergmann. Er stand bei uns von Juli 2019 bis M\u00e4rz 2020 in Verantwortung an der Seitenlinie. F\u00fcr die kleinen Zuschauer wird mit Unterst\u00fczung der Stadtwerke Celle ein Spielplatz auf dem A-Platz errichtet. Eine Crowdfunding-Aktion hilft, die Mittel daf\u00fcr zu bekommen.<\/p>\n<\/div><\/section><br \/>\n\n<style type=\"text\/css\" data-created_by=\"avia_inline_auto\" id=\"style-css-av-nkubr8-e84424f4251e4b5a60baac93af378f9d\">\n#top .avia-gallery.av-nkubr8-e84424f4251e4b5a60baac93af378f9d .avia-gallery-thumb a{\nwidth:14.2857%;\n}\n<\/style>\n<div  class='avia-gallery av-nkubr8-e84424f4251e4b5a60baac93af378f9d avia_animate_when_visible  avia-builder-el-9  el_after_av_textblock  avia-builder-el-last  avia_lazyload avia-gallery-animate avia-gallery-3'  itemprop=\"image\" itemscope=\"itemscope\" itemtype=\"https:\/\/schema.org\/ImageObject\" ><meta itemprop=\"contentURL\" content=\"https:\/\/www.vfl-westercelle.de\/fb\/rueckblick-das-vflfussball-jahr-2025\/\"><div class='avia-gallery-thumb'><a href=\"https:\/\/www.vfl-westercelle.de\/fb\/wp-content\/uploads\/sites\/3\/2023\/08\/DSC04129-1030x687.jpg\" data-srcset=\"https:\/\/www.vfl-westercelle.de\/fb\/wp-content\/uploads\/sites\/3\/2023\/08\/DSC04129-1030x687.jpg 1030w, https:\/\/www.vfl-westercelle.de\/fb\/wp-content\/uploads\/sites\/3\/2023\/08\/DSC04129-300x200.jpg 300w, https:\/\/www.vfl-westercelle.de\/fb\/wp-content\/uploads\/sites\/3\/2023\/08\/DSC04129-768x512.jpg 768w, https:\/\/www.vfl-westercelle.de\/fb\/wp-content\/uploads\/sites\/3\/2023\/08\/DSC04129-1536x1024.jpg 1536w, https:\/\/www.vfl-westercelle.de\/fb\/wp-content\/uploads\/sites\/3\/2023\/08\/DSC04129-2048x1365.jpg 2048w, https:\/\/www.vfl-westercelle.de\/fb\/wp-content\/uploads\/sites\/3\/2023\/08\/DSC04129-1500x1000.jpg 1500w, https:\/\/www.vfl-westercelle.de\/fb\/wp-content\/uploads\/sites\/3\/2023\/08\/DSC04129-705x470.jpg 705w, https:\/\/www.vfl-westercelle.de\/fb\/wp-content\/uploads\/sites\/3\/2023\/08\/DSC04129-128x85.jpg 128w, https:\/\/www.vfl-westercelle.de\/fb\/wp-content\/uploads\/sites\/3\/2023\/08\/DSC04129-32x21.jpg 32w\" data-sizes=\"(max-width: 1030px) 100vw, 1030px\" data-rel='gallery-3' data-prev-img='https:\/\/www.vfl-westercelle.de\/fb\/wp-content\/uploads\/sites\/3\/2023\/08\/DSC04129-495x400.jpg' class='first_thumb lightbox ' data-onclick='1' title='Legt eine Pause als Trainer ein, bleibt uns als Fu\u00dfballgott erhalten: Tobias Sewerin.'  itemprop=\"thumbnailUrl\"  ><img decoding=\"async\" fetchpriority=\"high\" class=\"wp-image-22015 avia-img-lazy-loading-not-22015\"  data-avia-tooltip='Legt eine Pause als Trainer ein, bleibt uns als Fu\u00dfballgott erhalten: Tobias Sewerin.' src=\"https:\/\/www.vfl-westercelle.de\/fb\/wp-content\/uploads\/sites\/3\/2023\/08\/DSC04129-495x400.jpg\" width=\"495\" height=\"400\"  title='Trainer Siewerin 23-24' alt='' srcset=\"https:\/\/www.vfl-westercelle.de\/fb\/wp-content\/uploads\/sites\/3\/2023\/08\/DSC04129-495x400.jpg 495w, https:\/\/www.vfl-westercelle.de\/fb\/wp-content\/uploads\/sites\/3\/2023\/08\/DSC04129-845x684.jpg 845w\" sizes=\"(max-width: 495px) 100vw, 495px\" \/><div class='big-prev-fake'><img decoding=\"async\" loading=\"lazy\" class=\"wp-image-22015 avia-img-lazy-loading-22015\"  width=\"495\" height=\"400\" src=\"https:\/\/www.vfl-westercelle.de\/fb\/wp-content\/uploads\/sites\/3\/2023\/08\/DSC04129-495x400.jpg\" title='Trainer Siewerin 23-24' alt='' srcset=\"https:\/\/www.vfl-westercelle.de\/fb\/wp-content\/uploads\/sites\/3\/2023\/08\/DSC04129-495x400.jpg 495w, https:\/\/www.vfl-westercelle.de\/fb\/wp-content\/uploads\/sites\/3\/2023\/08\/DSC04129-845x684.jpg 845w\" sizes=\"auto, (max-width: 495px) 100vw, 495px\" \/><\/div><\/a><a href=\"https:\/\/www.vfl-westercelle.de\/fb\/wp-content\/uploads\/sites\/3\/2024\/08\/DSC00140-1030x687.jpg\" data-srcset=\"https:\/\/www.vfl-westercelle.de\/fb\/wp-content\/uploads\/sites\/3\/2024\/08\/DSC00140-1030x687.jpg 1030w, https:\/\/www.vfl-westercelle.de\/fb\/wp-content\/uploads\/sites\/3\/2024\/08\/DSC00140-300x200.jpg 300w, https:\/\/www.vfl-westercelle.de\/fb\/wp-content\/uploads\/sites\/3\/2024\/08\/DSC00140-768x512.jpg 768w, https:\/\/www.vfl-westercelle.de\/fb\/wp-content\/uploads\/sites\/3\/2024\/08\/DSC00140-1536x1024.jpg 1536w, https:\/\/www.vfl-westercelle.de\/fb\/wp-content\/uploads\/sites\/3\/2024\/08\/DSC00140-2048x1365.jpg 2048w, https:\/\/www.vfl-westercelle.de\/fb\/wp-content\/uploads\/sites\/3\/2024\/08\/DSC00140-1500x1000.jpg 1500w, https:\/\/www.vfl-westercelle.de\/fb\/wp-content\/uploads\/sites\/3\/2024\/08\/DSC00140-705x470.jpg 705w, https:\/\/www.vfl-westercelle.de\/fb\/wp-content\/uploads\/sites\/3\/2024\/08\/DSC00140-128x85.jpg 128w, https:\/\/www.vfl-westercelle.de\/fb\/wp-content\/uploads\/sites\/3\/2024\/08\/DSC00140-32x21.jpg 32w\" data-sizes=\"(max-width: 1030px) 100vw, 1030px\" data-rel='gallery-3' data-prev-img='https:\/\/www.vfl-westercelle.de\/fb\/wp-content\/uploads\/sites\/3\/2024\/08\/DSC00140-495x400.jpg' class='lightbox ' data-onclick='2' title='Legt eine Pause als Trainer ein, bleibt uns als Spieler erhalten: Max Aurin.'  itemprop=\"thumbnailUrl\"  ><img decoding=\"async\" fetchpriority=\"high\" class=\"wp-image-24937 avia-img-lazy-loading-not-24937\"  data-avia-tooltip='Legt eine Pause als Trainer ein, bleibt uns als Spieler erhalten: Max Aurin.' src=\"https:\/\/www.vfl-westercelle.de\/fb\/wp-content\/uploads\/sites\/3\/2024\/08\/DSC00140-495x400.jpg\" width=\"495\" height=\"400\"  title='Trainer Aurin 24-25' alt='' srcset=\"https:\/\/www.vfl-westercelle.de\/fb\/wp-content\/uploads\/sites\/3\/2024\/08\/DSC00140-495x400.jpg 495w, https:\/\/www.vfl-westercelle.de\/fb\/wp-content\/uploads\/sites\/3\/2024\/08\/DSC00140-845x684.jpg 845w\" sizes=\"(max-width: 495px) 100vw, 495px\" \/><div class='big-prev-fake'><img decoding=\"async\" loading=\"lazy\" class=\"wp-image-24937 avia-img-lazy-loading-24937\"  width=\"495\" height=\"400\" src=\"https:\/\/www.vfl-westercelle.de\/fb\/wp-content\/uploads\/sites\/3\/2024\/08\/DSC00140-495x400.jpg\" title='Trainer Aurin 24-25' alt='' srcset=\"https:\/\/www.vfl-westercelle.de\/fb\/wp-content\/uploads\/sites\/3\/2024\/08\/DSC00140-495x400.jpg 495w, https:\/\/www.vfl-westercelle.de\/fb\/wp-content\/uploads\/sites\/3\/2024\/08\/DSC00140-845x684.jpg 845w\" sizes=\"auto, (max-width: 495px) 100vw, 495px\" \/><\/div><\/a><a href=\"https:\/\/www.vfl-westercelle.de\/fb\/wp-content\/uploads\/sites\/3\/2024\/08\/DSC00240-1030x687.jpg\" data-srcset=\"https:\/\/www.vfl-westercelle.de\/fb\/wp-content\/uploads\/sites\/3\/2024\/08\/DSC00240-1030x687.jpg 1030w, https:\/\/www.vfl-westercelle.de\/fb\/wp-content\/uploads\/sites\/3\/2024\/08\/DSC00240-300x200.jpg 300w, https:\/\/www.vfl-westercelle.de\/fb\/wp-content\/uploads\/sites\/3\/2024\/08\/DSC00240-768x512.jpg 768w, https:\/\/www.vfl-westercelle.de\/fb\/wp-content\/uploads\/sites\/3\/2024\/08\/DSC00240-1536x1024.jpg 1536w, https:\/\/www.vfl-westercelle.de\/fb\/wp-content\/uploads\/sites\/3\/2024\/08\/DSC00240-2048x1365.jpg 2048w, https:\/\/www.vfl-westercelle.de\/fb\/wp-content\/uploads\/sites\/3\/2024\/08\/DSC00240-1500x1000.jpg 1500w, https:\/\/www.vfl-westercelle.de\/fb\/wp-content\/uploads\/sites\/3\/2024\/08\/DSC00240-705x470.jpg 705w, https:\/\/www.vfl-westercelle.de\/fb\/wp-content\/uploads\/sites\/3\/2024\/08\/DSC00240-128x85.jpg 128w, https:\/\/www.vfl-westercelle.de\/fb\/wp-content\/uploads\/sites\/3\/2024\/08\/DSC00240-32x21.jpg 32w\" data-sizes=\"(max-width: 1030px) 100vw, 1030px\" data-rel='gallery-3' data-prev-img='https:\/\/www.vfl-westercelle.de\/fb\/wp-content\/uploads\/sites\/3\/2024\/08\/DSC00240-495x400.jpg' class='lightbox ' data-onclick='3' title='Legt eine Pause als Trainer ein, bleibt uns als Sportheimwirt erhalten: Stefan Mainka.'  itemprop=\"thumbnailUrl\"  ><img decoding=\"async\" fetchpriority=\"high\" class=\"wp-image-24957 avia-img-lazy-loading-not-24957\"  data-avia-tooltip='Legt eine Pause als Trainer ein, bleibt uns als Sportheimwirt erhalten: Stefan Mainka.' src=\"https:\/\/www.vfl-westercelle.de\/fb\/wp-content\/uploads\/sites\/3\/2024\/08\/DSC00240-495x400.jpg\" width=\"495\" height=\"400\"  title='Trainer Mainka 24-25' alt='' srcset=\"https:\/\/www.vfl-westercelle.de\/fb\/wp-content\/uploads\/sites\/3\/2024\/08\/DSC00240-495x400.jpg 495w, https:\/\/www.vfl-westercelle.de\/fb\/wp-content\/uploads\/sites\/3\/2024\/08\/DSC00240-845x684.jpg 845w\" sizes=\"(max-width: 495px) 100vw, 495px\" \/><div class='big-prev-fake'><img decoding=\"async\" loading=\"lazy\" class=\"wp-image-24957 avia-img-lazy-loading-24957\"  width=\"495\" height=\"400\" src=\"https:\/\/www.vfl-westercelle.de\/fb\/wp-content\/uploads\/sites\/3\/2024\/08\/DSC00240-495x400.jpg\" title='Trainer Mainka 24-25' alt='' srcset=\"https:\/\/www.vfl-westercelle.de\/fb\/wp-content\/uploads\/sites\/3\/2024\/08\/DSC00240-495x400.jpg 495w, https:\/\/www.vfl-westercelle.de\/fb\/wp-content\/uploads\/sites\/3\/2024\/08\/DSC00240-845x684.jpg 845w\" sizes=\"auto, (max-width: 495px) 100vw, 495px\" \/><\/div><\/a><a href=\"https:\/\/www.vfl-westercelle.de\/fb\/wp-content\/uploads\/sites\/3\/2025\/08\/NDS-Liga-U15-25-26.png\" data-srcset=\"https:\/\/www.vfl-westercelle.de\/fb\/wp-content\/uploads\/sites\/3\/2025\/08\/NDS-Liga-U15-25-26.png 694w, https:\/\/www.vfl-westercelle.de\/fb\/wp-content\/uploads\/sites\/3\/2025\/08\/NDS-Liga-U15-25-26-245x300.png 245w, https:\/\/www.vfl-westercelle.de\/fb\/wp-content\/uploads\/sites\/3\/2025\/08\/NDS-Liga-U15-25-26-575x705.png 575w, https:\/\/www.vfl-westercelle.de\/fb\/wp-content\/uploads\/sites\/3\/2025\/08\/NDS-Liga-U15-25-26-104x128.png 104w, https:\/\/www.vfl-westercelle.de\/fb\/wp-content\/uploads\/sites\/3\/2025\/08\/NDS-Liga-U15-25-26-26x32.png 26w\" data-sizes=\"(max-width: 694px) 100vw, 694px\" data-rel='gallery-3' data-prev-img='https:\/\/www.vfl-westercelle.de\/fb\/wp-content\/uploads\/sites\/3\/2025\/08\/NDS-Liga-U15-25-26-495x400.png' class='lightbox ' data-onclick='4' title='U15 Niedersachsenliga 2025'  itemprop=\"thumbnailUrl\"  ><img decoding=\"async\" fetchpriority=\"high\" class=\"wp-image-28719 avia-img-lazy-loading-not-28719\"  data-avia-tooltip='U15 Niedersachsenliga 2025' src=\"https:\/\/www.vfl-westercelle.de\/fb\/wp-content\/uploads\/sites\/3\/2025\/08\/NDS-Liga-U15-25-26-495x400.png\" width=\"495\" height=\"400\"  title='NDS-Liga U15 25-26' alt='' \/><div class='big-prev-fake'><img decoding=\"async\" loading=\"lazy\" class=\"wp-image-28719 avia-img-lazy-loading-28719\"  width=\"495\" height=\"400\" src=\"https:\/\/www.vfl-westercelle.de\/fb\/wp-content\/uploads\/sites\/3\/2025\/08\/NDS-Liga-U15-25-26-495x400.png\" title='NDS-Liga U15 25-26' alt='' \/><\/div><\/a><a href=\"https:\/\/www.vfl-westercelle.de\/fb\/wp-content\/uploads\/sites\/3\/2025\/08\/NDS-Liga-U17-25-26.png\" data-srcset=\"https:\/\/www.vfl-westercelle.de\/fb\/wp-content\/uploads\/sites\/3\/2025\/08\/NDS-Liga-U17-25-26.png 695w, https:\/\/www.vfl-westercelle.de\/fb\/wp-content\/uploads\/sites\/3\/2025\/08\/NDS-Liga-U17-25-26-244x300.png 244w, https:\/\/www.vfl-westercelle.de\/fb\/wp-content\/uploads\/sites\/3\/2025\/08\/NDS-Liga-U17-25-26-574x705.png 574w, https:\/\/www.vfl-westercelle.de\/fb\/wp-content\/uploads\/sites\/3\/2025\/08\/NDS-Liga-U17-25-26-104x128.png 104w, https:\/\/www.vfl-westercelle.de\/fb\/wp-content\/uploads\/sites\/3\/2025\/08\/NDS-Liga-U17-25-26-26x32.png 26w\" data-sizes=\"(max-width: 695px) 100vw, 695px\" data-rel='gallery-3' data-prev-img='https:\/\/www.vfl-westercelle.de\/fb\/wp-content\/uploads\/sites\/3\/2025\/08\/NDS-Liga-U17-25-26-495x400.png' class='lightbox ' data-onclick='5' title='U17 Niedersachsenliga 2025'  itemprop=\"thumbnailUrl\"  ><img decoding=\"async\" fetchpriority=\"high\" class=\"wp-image-28717 avia-img-lazy-loading-not-28717\"  data-avia-tooltip='U17 Niedersachsenliga 2025' src=\"https:\/\/www.vfl-westercelle.de\/fb\/wp-content\/uploads\/sites\/3\/2025\/08\/NDS-Liga-U17-25-26-495x400.png\" width=\"495\" height=\"400\"  title='NDS-Liga U17 25-26' alt='' \/><div class='big-prev-fake'><img decoding=\"async\" loading=\"lazy\" class=\"wp-image-28717 avia-img-lazy-loading-28717\"  width=\"495\" height=\"400\" src=\"https:\/\/www.vfl-westercelle.de\/fb\/wp-content\/uploads\/sites\/3\/2025\/08\/NDS-Liga-U17-25-26-495x400.png\" title='NDS-Liga U17 25-26' alt='' \/><\/div><\/a><a href=\"https:\/\/www.vfl-westercelle.de\/fb\/wp-content\/uploads\/sites\/3\/2025\/08\/NDS-Liga-U19-25-26.png\" data-srcset=\"https:\/\/www.vfl-westercelle.de\/fb\/wp-content\/uploads\/sites\/3\/2025\/08\/NDS-Liga-U19-25-26.png 695w, https:\/\/www.vfl-westercelle.de\/fb\/wp-content\/uploads\/sites\/3\/2025\/08\/NDS-Liga-U19-25-26-244x300.png 244w, https:\/\/www.vfl-westercelle.de\/fb\/wp-content\/uploads\/sites\/3\/2025\/08\/NDS-Liga-U19-25-26-574x705.png 574w, https:\/\/www.vfl-westercelle.de\/fb\/wp-content\/uploads\/sites\/3\/2025\/08\/NDS-Liga-U19-25-26-104x128.png 104w, https:\/\/www.vfl-westercelle.de\/fb\/wp-content\/uploads\/sites\/3\/2025\/08\/NDS-Liga-U19-25-26-26x32.png 26w\" data-sizes=\"(max-width: 695px) 100vw, 695px\" data-rel='gallery-3' data-prev-img='https:\/\/www.vfl-westercelle.de\/fb\/wp-content\/uploads\/sites\/3\/2025\/08\/NDS-Liga-U19-25-26-495x400.png' class='lightbox ' data-onclick='6' title='U19 Niedersachsenliga 2025'  itemprop=\"thumbnailUrl\"  ><img decoding=\"async\" fetchpriority=\"high\" class=\"wp-image-28718 avia-img-lazy-loading-not-28718\"  data-avia-tooltip='U19 Niedersachsenliga 2025' src=\"https:\/\/www.vfl-westercelle.de\/fb\/wp-content\/uploads\/sites\/3\/2025\/08\/NDS-Liga-U19-25-26-495x400.png\" width=\"495\" height=\"400\"  title='NDS-Liga U19 25-26' alt='' \/><div class='big-prev-fake'><img decoding=\"async\" loading=\"lazy\" class=\"wp-image-28718 avia-img-lazy-loading-28718\"  width=\"495\" height=\"400\" src=\"https:\/\/www.vfl-westercelle.de\/fb\/wp-content\/uploads\/sites\/3\/2025\/08\/NDS-Liga-U19-25-26-495x400.png\" title='NDS-Liga U19 25-26' alt='' \/><\/div><\/a><a href=\"https:\/\/www.vfl-westercelle.de\/fb\/wp-content\/uploads\/sites\/3\/2025\/08\/DSC07929-scaled-e1754827074456-1030x628.jpg\" data-srcset=\"https:\/\/www.vfl-westercelle.de\/fb\/wp-content\/uploads\/sites\/3\/2025\/08\/DSC07929-scaled-e1754827074456-1030x628.jpg 1030w, https:\/\/www.vfl-westercelle.de\/fb\/wp-content\/uploads\/sites\/3\/2025\/08\/DSC07929-scaled-e1754827074456-300x183.jpg 300w, https:\/\/www.vfl-westercelle.de\/fb\/wp-content\/uploads\/sites\/3\/2025\/08\/DSC07929-scaled-e1754827074456-768x468.jpg 768w, https:\/\/www.vfl-westercelle.de\/fb\/wp-content\/uploads\/sites\/3\/2025\/08\/DSC07929-scaled-e1754827074456-1536x936.jpg 1536w, https:\/\/www.vfl-westercelle.de\/fb\/wp-content\/uploads\/sites\/3\/2025\/08\/DSC07929-scaled-e1754827074456-1500x915.jpg 1500w, https:\/\/www.vfl-westercelle.de\/fb\/wp-content\/uploads\/sites\/3\/2025\/08\/DSC07929-scaled-e1754827074456-705x430.jpg 705w, https:\/\/www.vfl-westercelle.de\/fb\/wp-content\/uploads\/sites\/3\/2025\/08\/DSC07929-scaled-e1754827074456-128x78.jpg 128w, https:\/\/www.vfl-westercelle.de\/fb\/wp-content\/uploads\/sites\/3\/2025\/08\/DSC07929-scaled-e1754827074456-32x20.jpg 32w, https:\/\/www.vfl-westercelle.de\/fb\/wp-content\/uploads\/sites\/3\/2025\/08\/DSC07929-scaled-e1754827074456.jpg 1924w\" data-sizes=\"(max-width: 1030px) 100vw, 1030px\" data-rel='gallery-3' data-prev-img='https:\/\/www.vfl-westercelle.de\/fb\/wp-content\/uploads\/sites\/3\/2025\/08\/DSC07929-scaled-e1754827074456-495x400.jpg' class='lightbox ' data-onclick='7' title='Ganz neu und freuen sich auf Fu\u00dfball: Die U7-Kicker mit den Trainern Jens Ebinger und Henri Lohmann (nicht im Bild).'  itemprop=\"thumbnailUrl\"  ><img decoding=\"async\" fetchpriority=\"high\" class=\"wp-image-28638 avia-img-lazy-loading-not-28638\"  data-avia-tooltip='Ganz neu und freuen sich auf Fu\u00dfball: Die U7-Kicker mit den Trainern Jens Ebinger und Henri Lohmann (nicht im Bild).' src=\"https:\/\/www.vfl-westercelle.de\/fb\/wp-content\/uploads\/sites\/3\/2025\/08\/DSC07929-scaled-e1754827074456-495x400.jpg\" width=\"495\" height=\"400\"  title='U7 25-26' alt='' srcset=\"https:\/\/www.vfl-westercelle.de\/fb\/wp-content\/uploads\/sites\/3\/2025\/08\/DSC07929-scaled-e1754827074456-495x400.jpg 495w, https:\/\/www.vfl-westercelle.de\/fb\/wp-content\/uploads\/sites\/3\/2025\/08\/DSC07929-scaled-e1754827074456-845x684.jpg 845w\" sizes=\"(max-width: 495px) 100vw, 495px\" \/><div class='big-prev-fake'><img decoding=\"async\" loading=\"lazy\" class=\"wp-image-28638 avia-img-lazy-loading-28638\"  width=\"495\" height=\"400\" src=\"https:\/\/www.vfl-westercelle.de\/fb\/wp-content\/uploads\/sites\/3\/2025\/08\/DSC07929-scaled-e1754827074456-495x400.jpg\" title='U7 25-26' alt='' srcset=\"https:\/\/www.vfl-westercelle.de\/fb\/wp-content\/uploads\/sites\/3\/2025\/08\/DSC07929-scaled-e1754827074456-495x400.jpg 495w, https:\/\/www.vfl-westercelle.de\/fb\/wp-content\/uploads\/sites\/3\/2025\/08\/DSC07929-scaled-e1754827074456-845x684.jpg 845w\" sizes=\"auto, (max-width: 495px) 100vw, 495px\" \/><\/div><\/a><\/div><\/div><\/p><\/div>\n<div  class='flex_column av-p01ls4-3b1e339a03ece956dbb2c1820ea962ce av_one_full  avia-builder-el-10  el_after_av_one_full  avia-builder-el-last  first flex_column_div  column-top-margin'     ><p><section  class='av_textblock_section av-mjr60vpe-6cb8f852473d9ae86e7cd06a20cb1fbc '   itemscope=\"itemscope\" itemtype=\"https:\/\/schema.org\/BlogPosting\" itemprop=\"blogPost\" ><div class='avia_textblock'  itemprop=\"text\" ><p><strong>Oktober <\/strong>Unser Partner Hannover 96-Akademie richtet den 96-Talenttag in Westercelle aus. Talentierte U13- und U14-Spieler sind aufgerufen, sich den Scouts vorzustellen. Die Saison ist in vollem Gange und die erste Sensation ist perfekt: Die Dritte schaltet im Viertelfinale des Kreispokals den Titelverteidiger TuS Oldau-Ovelg\u00f6nne mit 2:1 aus! Im Halbfinale kommt es zum Derby gegen den ESV Fortuna Celle.<\/p>\n<p><strong>November <\/strong>Es gibt den ersten Aufstieg zu vermelde: Die U14 sichert sich durch einen 4:2 Sieg gegen den JFV L\u00fcneburg den Durchmarsch in die Landesliga! Kaum f\u00fcr m\u00f6glich gehalten war lange Zeit der Klassenerhalt der U19 in der Niedersachsenliga. Schlussendlich gelang dieser sogar ein Spieltag vor Schluss durch ein 5:1 gegen den Tabellenf\u00fchrer aus Lohne! Die U15 und die U17 m\u00fcssen leider zur Winterpause in die Landesliga absteigen. Die U15 war bereits zwei Spieltage vor Ende der Hinrunde abgestiegen, die U17 erreichte den Klassenerhalt nur ganz knapp nicht.<\/p>\n<p><strong>Dezember<\/strong> Pl\u00f6tzlich und vollkommen unerwartet verstarb im Dezember unser langj\u00e4hriger Jugendleiter Marc Siegesmund. Marc war 20 Jahre lang Jugendtrainer und seit 2017 Jugendleiter. 2015 ergriff er die Initiative f\u00fcr die Teilnahme am Gothia-Cup, der seitdem j\u00e4hrlich von VfL-Mannschaften besucht wird. Die 1. Herren steht zur Winterpause auf Rang 2 in der Bezirksliga in Lauerstellung zum Spitzenreiter aus Elstorf. Die 2. Herren steht auf dem dritten Rang und die 3. Herren kann nicht nur Pokal, sondern steht schon wieder auf einem Aufstiegsplatz in der 1. Kreisklasse.<\/p>\n<\/div><\/section><br \/>\n\n<style type=\"text\/css\" data-created_by=\"avia_inline_auto\" id=\"style-css-av-mjr69h40-6cccb6c8be549f77f56d7f4b5b498a3b\">\n#top .avia-gallery.av-mjr69h40-6cccb6c8be549f77f56d7f4b5b498a3b .avia-gallery-thumb a{\nwidth:16.6667%;\n}\n<\/style>\n<div  class='avia-gallery av-mjr69h40-6cccb6c8be549f77f56d7f4b5b498a3b avia_animate_when_visible  avia-builder-el-12  el_after_av_textblock  avia-builder-el-last  avia_lazyload avia-gallery-animate avia-gallery-4'  itemprop=\"image\" itemscope=\"itemscope\" itemtype=\"https:\/\/schema.org\/ImageObject\" ><meta itemprop=\"contentURL\" content=\"https:\/\/www.vfl-westercelle.de\/fb\/rueckblick-das-vflfussball-jahr-2025\/\"><div class='avia-gallery-thumb'><a href=\"https:\/\/www.vfl-westercelle.de\/fb\/wp-content\/uploads\/sites\/3\/2025\/08\/DSC08112-1030x687.jpg\" data-srcset=\"https:\/\/www.vfl-westercelle.de\/fb\/wp-content\/uploads\/sites\/3\/2025\/08\/DSC08112-1030x687.jpg 1030w, https:\/\/www.vfl-westercelle.de\/fb\/wp-content\/uploads\/sites\/3\/2025\/08\/DSC08112-300x200.jpg 300w, https:\/\/www.vfl-westercelle.de\/fb\/wp-content\/uploads\/sites\/3\/2025\/08\/DSC08112-768x512.jpg 768w, https:\/\/www.vfl-westercelle.de\/fb\/wp-content\/uploads\/sites\/3\/2025\/08\/DSC08112-1536x1024.jpg 1536w, https:\/\/www.vfl-westercelle.de\/fb\/wp-content\/uploads\/sites\/3\/2025\/08\/DSC08112-2048x1365.jpg 2048w, https:\/\/www.vfl-westercelle.de\/fb\/wp-content\/uploads\/sites\/3\/2025\/08\/DSC08112-1500x1000.jpg 1500w, https:\/\/www.vfl-westercelle.de\/fb\/wp-content\/uploads\/sites\/3\/2025\/08\/DSC08112-705x470.jpg 705w, https:\/\/www.vfl-westercelle.de\/fb\/wp-content\/uploads\/sites\/3\/2025\/08\/DSC08112-128x85.jpg 128w, https:\/\/www.vfl-westercelle.de\/fb\/wp-content\/uploads\/sites\/3\/2025\/08\/DSC08112-32x21.jpg 32w\" data-sizes=\"(max-width: 1030px) 100vw, 1030px\" data-rel='gallery-4' data-prev-img='https:\/\/www.vfl-westercelle.de\/fb\/wp-content\/uploads\/sites\/3\/2025\/08\/DSC08112-495x400.jpg' class='first_thumb lightbox ' data-onclick='1' title='Die 3. Herren steht nach dem Sensationserfolg gegen den Titelverteidiger TuS Oldau-Ovelg\u00f6nne im Halbfinale des Kresipokals.'  itemprop=\"thumbnailUrl\"  ><img decoding=\"async\" fetchpriority=\"high\" class=\"wp-image-28545 avia-img-lazy-loading-not-28545\"  data-avia-tooltip='Die 3. Herren steht nach dem Sensationserfolg gegen den Titelverteidiger TuS Oldau-Ovelg\u00f6nne im Halbfinale des Kresipokals.' src=\"https:\/\/www.vfl-westercelle.de\/fb\/wp-content\/uploads\/sites\/3\/2025\/08\/DSC08112-495x400.jpg\" width=\"495\" height=\"400\"  title='3. Herren 25-26' alt='' srcset=\"https:\/\/www.vfl-westercelle.de\/fb\/wp-content\/uploads\/sites\/3\/2025\/08\/DSC08112-495x400.jpg 495w, https:\/\/www.vfl-westercelle.de\/fb\/wp-content\/uploads\/sites\/3\/2025\/08\/DSC08112-845x684.jpg 845w\" sizes=\"(max-width: 495px) 100vw, 495px\" \/><div class='big-prev-fake'><img decoding=\"async\" loading=\"lazy\" class=\"wp-image-28545 avia-img-lazy-loading-28545\"  width=\"495\" height=\"400\" src=\"https:\/\/www.vfl-westercelle.de\/fb\/wp-content\/uploads\/sites\/3\/2025\/08\/DSC08112-495x400.jpg\" title='3. Herren 25-26' alt='' srcset=\"https:\/\/www.vfl-westercelle.de\/fb\/wp-content\/uploads\/sites\/3\/2025\/08\/DSC08112-495x400.jpg 495w, https:\/\/www.vfl-westercelle.de\/fb\/wp-content\/uploads\/sites\/3\/2025\/08\/DSC08112-845x684.jpg 845w\" sizes=\"auto, (max-width: 495px) 100vw, 495px\" \/><\/div><\/a><a href=\"https:\/\/www.vfl-westercelle.de\/fb\/wp-content\/uploads\/sites\/3\/2025\/08\/DSC07862-1030x687.jpg\" data-srcset=\"https:\/\/www.vfl-westercelle.de\/fb\/wp-content\/uploads\/sites\/3\/2025\/08\/DSC07862-1030x687.jpg 1030w, https:\/\/www.vfl-westercelle.de\/fb\/wp-content\/uploads\/sites\/3\/2025\/08\/DSC07862-300x200.jpg 300w, https:\/\/www.vfl-westercelle.de\/fb\/wp-content\/uploads\/sites\/3\/2025\/08\/DSC07862-768x512.jpg 768w, https:\/\/www.vfl-westercelle.de\/fb\/wp-content\/uploads\/sites\/3\/2025\/08\/DSC07862-1536x1024.jpg 1536w, https:\/\/www.vfl-westercelle.de\/fb\/wp-content\/uploads\/sites\/3\/2025\/08\/DSC07862-2048x1365.jpg 2048w, https:\/\/www.vfl-westercelle.de\/fb\/wp-content\/uploads\/sites\/3\/2025\/08\/DSC07862-1500x1000.jpg 1500w, https:\/\/www.vfl-westercelle.de\/fb\/wp-content\/uploads\/sites\/3\/2025\/08\/DSC07862-705x470.jpg 705w, https:\/\/www.vfl-westercelle.de\/fb\/wp-content\/uploads\/sites\/3\/2025\/08\/DSC07862-128x85.jpg 128w, https:\/\/www.vfl-westercelle.de\/fb\/wp-content\/uploads\/sites\/3\/2025\/08\/DSC07862-32x21.jpg 32w\" data-sizes=\"(max-width: 1030px) 100vw, 1030px\" data-rel='gallery-4' data-prev-img='https:\/\/www.vfl-westercelle.de\/fb\/wp-content\/uploads\/sites\/3\/2025\/08\/DSC07862-495x400.jpg' class='lightbox ' data-onclick='2' title='Der U14 gelang der Durchmarsch in die Landesliga!'  itemprop=\"thumbnailUrl\"  ><img decoding=\"async\" fetchpriority=\"high\" class=\"wp-image-28568 avia-img-lazy-loading-not-28568\"  data-avia-tooltip='Der U14 gelang der Durchmarsch in die Landesliga!' src=\"https:\/\/www.vfl-westercelle.de\/fb\/wp-content\/uploads\/sites\/3\/2025\/08\/DSC07862-495x400.jpg\" width=\"495\" height=\"400\"  title='U14 I 25-26' alt='' srcset=\"https:\/\/www.vfl-westercelle.de\/fb\/wp-content\/uploads\/sites\/3\/2025\/08\/DSC07862-495x400.jpg 495w, https:\/\/www.vfl-westercelle.de\/fb\/wp-content\/uploads\/sites\/3\/2025\/08\/DSC07862-845x684.jpg 845w\" sizes=\"(max-width: 495px) 100vw, 495px\" \/><div class='big-prev-fake'><img decoding=\"async\" loading=\"lazy\" class=\"wp-image-28568 avia-img-lazy-loading-28568\"  width=\"495\" height=\"400\" src=\"https:\/\/www.vfl-westercelle.de\/fb\/wp-content\/uploads\/sites\/3\/2025\/08\/DSC07862-495x400.jpg\" title='U14 I 25-26' alt='' srcset=\"https:\/\/www.vfl-westercelle.de\/fb\/wp-content\/uploads\/sites\/3\/2025\/08\/DSC07862-495x400.jpg 495w, https:\/\/www.vfl-westercelle.de\/fb\/wp-content\/uploads\/sites\/3\/2025\/08\/DSC07862-845x684.jpg 845w\" sizes=\"auto, (max-width: 495px) 100vw, 495px\" \/><\/div><\/a><a href=\"https:\/\/www.vfl-westercelle.de\/fb\/wp-content\/uploads\/sites\/3\/2025\/08\/250810_CZ_BOR004-1030x687.jpg\" data-srcset=\"https:\/\/www.vfl-westercelle.de\/fb\/wp-content\/uploads\/sites\/3\/2025\/08\/250810_CZ_BOR004-1030x687.jpg 1030w, https:\/\/www.vfl-westercelle.de\/fb\/wp-content\/uploads\/sites\/3\/2025\/08\/250810_CZ_BOR004-300x200.jpg 300w, https:\/\/www.vfl-westercelle.de\/fb\/wp-content\/uploads\/sites\/3\/2025\/08\/250810_CZ_BOR004-768x512.jpg 768w, https:\/\/www.vfl-westercelle.de\/fb\/wp-content\/uploads\/sites\/3\/2025\/08\/250810_CZ_BOR004-1536x1025.jpg 1536w, https:\/\/www.vfl-westercelle.de\/fb\/wp-content\/uploads\/sites\/3\/2025\/08\/250810_CZ_BOR004-2048x1366.jpg 2048w, https:\/\/www.vfl-westercelle.de\/fb\/wp-content\/uploads\/sites\/3\/2025\/08\/250810_CZ_BOR004-1500x1001.jpg 1500w, https:\/\/www.vfl-westercelle.de\/fb\/wp-content\/uploads\/sites\/3\/2025\/08\/250810_CZ_BOR004-705x470.jpg 705w, https:\/\/www.vfl-westercelle.de\/fb\/wp-content\/uploads\/sites\/3\/2025\/08\/250810_CZ_BOR004-128x85.jpg 128w, https:\/\/www.vfl-westercelle.de\/fb\/wp-content\/uploads\/sites\/3\/2025\/08\/250810_CZ_BOR004-32x21.jpg 32w\" data-sizes=\"(max-width: 1030px) 100vw, 1030px\" data-rel='gallery-4' data-prev-img='https:\/\/www.vfl-westercelle.de\/fb\/wp-content\/uploads\/sites\/3\/2025\/08\/250810_CZ_BOR004-495x400.jpg' class='lightbox ' data-onclick='3' title='Die U19 spielt nach schwierigem Saisonstart auch in der R\u00fcckrunde in der Niedersachsenliga!'  itemprop=\"thumbnailUrl\"  ><img decoding=\"async\" fetchpriority=\"high\" class=\"wp-image-28646 avia-img-lazy-loading-not-28646\"  data-avia-tooltip='Die U19 spielt nach schwierigem Saisonstart auch in der R\u00fcckrunde in der Niedersachsenliga!' src=\"https:\/\/www.vfl-westercelle.de\/fb\/wp-content\/uploads\/sites\/3\/2025\/08\/250810_CZ_BOR004-495x400.jpg\" width=\"495\" height=\"400\"  title='VfL Westercelle U19 25-26' alt='' srcset=\"https:\/\/www.vfl-westercelle.de\/fb\/wp-content\/uploads\/sites\/3\/2025\/08\/250810_CZ_BOR004-495x400.jpg 495w, https:\/\/www.vfl-westercelle.de\/fb\/wp-content\/uploads\/sites\/3\/2025\/08\/250810_CZ_BOR004-845x684.jpg 845w\" sizes=\"(max-width: 495px) 100vw, 495px\" \/><div class='big-prev-fake'><img decoding=\"async\" loading=\"lazy\" class=\"wp-image-28646 avia-img-lazy-loading-28646\"  width=\"495\" height=\"400\" src=\"https:\/\/www.vfl-westercelle.de\/fb\/wp-content\/uploads\/sites\/3\/2025\/08\/250810_CZ_BOR004-495x400.jpg\" title='VfL Westercelle U19 25-26' alt='' srcset=\"https:\/\/www.vfl-westercelle.de\/fb\/wp-content\/uploads\/sites\/3\/2025\/08\/250810_CZ_BOR004-495x400.jpg 495w, https:\/\/www.vfl-westercelle.de\/fb\/wp-content\/uploads\/sites\/3\/2025\/08\/250810_CZ_BOR004-845x684.jpg 845w\" sizes=\"auto, (max-width: 495px) 100vw, 495px\" \/><\/div><\/a><a href=\"https:\/\/www.vfl-westercelle.de\/fb\/wp-content\/uploads\/sites\/3\/2025\/08\/250803_CZ_BOR124-1030x687.jpg\" data-srcset=\"https:\/\/www.vfl-westercelle.de\/fb\/wp-content\/uploads\/sites\/3\/2025\/08\/250803_CZ_BOR124-1030x687.jpg 1030w, https:\/\/www.vfl-westercelle.de\/fb\/wp-content\/uploads\/sites\/3\/2025\/08\/250803_CZ_BOR124-300x200.jpg 300w, https:\/\/www.vfl-westercelle.de\/fb\/wp-content\/uploads\/sites\/3\/2025\/08\/250803_CZ_BOR124-768x512.jpg 768w, https:\/\/www.vfl-westercelle.de\/fb\/wp-content\/uploads\/sites\/3\/2025\/08\/250803_CZ_BOR124-1536x1025.jpg 1536w, https:\/\/www.vfl-westercelle.de\/fb\/wp-content\/uploads\/sites\/3\/2025\/08\/250803_CZ_BOR124-2048x1366.jpg 2048w, https:\/\/www.vfl-westercelle.de\/fb\/wp-content\/uploads\/sites\/3\/2025\/08\/250803_CZ_BOR124-1500x1001.jpg 1500w, https:\/\/www.vfl-westercelle.de\/fb\/wp-content\/uploads\/sites\/3\/2025\/08\/250803_CZ_BOR124-705x470.jpg 705w, https:\/\/www.vfl-westercelle.de\/fb\/wp-content\/uploads\/sites\/3\/2025\/08\/250803_CZ_BOR124-128x85.jpg 128w, https:\/\/www.vfl-westercelle.de\/fb\/wp-content\/uploads\/sites\/3\/2025\/08\/250803_CZ_BOR124-32x21.jpg 32w\" data-sizes=\"(max-width: 1030px) 100vw, 1030px\" data-rel='gallery-4' data-prev-img='https:\/\/www.vfl-westercelle.de\/fb\/wp-content\/uploads\/sites\/3\/2025\/08\/250803_CZ_BOR124-495x400.jpg' class='lightbox ' data-onclick='4' title='Die 1. Herren steht auf Rang 2 in der Bezirksliga.'  itemprop=\"thumbnailUrl\"  ><img decoding=\"async\" fetchpriority=\"high\" class=\"wp-image-28516 avia-img-lazy-loading-not-28516\"  data-avia-tooltip='Die 1. Herren steht auf Rang 2 in der Bezirksliga.' src=\"https:\/\/www.vfl-westercelle.de\/fb\/wp-content\/uploads\/sites\/3\/2025\/08\/250803_CZ_BOR124-495x400.jpg\" width=\"495\" height=\"400\"  title='1. Herren 25-26' alt='' srcset=\"https:\/\/www.vfl-westercelle.de\/fb\/wp-content\/uploads\/sites\/3\/2025\/08\/250803_CZ_BOR124-495x400.jpg 495w, https:\/\/www.vfl-westercelle.de\/fb\/wp-content\/uploads\/sites\/3\/2025\/08\/250803_CZ_BOR124-845x684.jpg 845w\" sizes=\"(max-width: 495px) 100vw, 495px\" \/><div class='big-prev-fake'><img decoding=\"async\" loading=\"lazy\" class=\"wp-image-28516 avia-img-lazy-loading-28516\"  width=\"495\" height=\"400\" src=\"https:\/\/www.vfl-westercelle.de\/fb\/wp-content\/uploads\/sites\/3\/2025\/08\/250803_CZ_BOR124-495x400.jpg\" title='1. Herren 25-26' alt='' srcset=\"https:\/\/www.vfl-westercelle.de\/fb\/wp-content\/uploads\/sites\/3\/2025\/08\/250803_CZ_BOR124-495x400.jpg 495w, https:\/\/www.vfl-westercelle.de\/fb\/wp-content\/uploads\/sites\/3\/2025\/08\/250803_CZ_BOR124-845x684.jpg 845w\" sizes=\"auto, (max-width: 495px) 100vw, 495px\" \/><\/div><\/a><a href=\"https:\/\/www.vfl-westercelle.de\/fb\/wp-content\/uploads\/sites\/3\/2025\/08\/250724_CZ_BOR628-scaled-e1754382123118-1030x632.jpg\" data-srcset=\"https:\/\/www.vfl-westercelle.de\/fb\/wp-content\/uploads\/sites\/3\/2025\/08\/250724_CZ_BOR628-scaled-e1754382123118-1030x632.jpg 1030w, https:\/\/www.vfl-westercelle.de\/fb\/wp-content\/uploads\/sites\/3\/2025\/08\/250724_CZ_BOR628-scaled-e1754382123118-300x184.jpg 300w, https:\/\/www.vfl-westercelle.de\/fb\/wp-content\/uploads\/sites\/3\/2025\/08\/250724_CZ_BOR628-scaled-e1754382123118-768x471.jpg 768w, https:\/\/www.vfl-westercelle.de\/fb\/wp-content\/uploads\/sites\/3\/2025\/08\/250724_CZ_BOR628-scaled-e1754382123118-1536x943.jpg 1536w, https:\/\/www.vfl-westercelle.de\/fb\/wp-content\/uploads\/sites\/3\/2025\/08\/250724_CZ_BOR628-scaled-e1754382123118-2048x1257.jpg 2048w, https:\/\/www.vfl-westercelle.de\/fb\/wp-content\/uploads\/sites\/3\/2025\/08\/250724_CZ_BOR628-scaled-e1754382123118-1500x921.jpg 1500w, https:\/\/www.vfl-westercelle.de\/fb\/wp-content\/uploads\/sites\/3\/2025\/08\/250724_CZ_BOR628-scaled-e1754382123118-705x433.jpg 705w, https:\/\/www.vfl-westercelle.de\/fb\/wp-content\/uploads\/sites\/3\/2025\/08\/250724_CZ_BOR628-scaled-e1754382123118-128x79.jpg 128w, https:\/\/www.vfl-westercelle.de\/fb\/wp-content\/uploads\/sites\/3\/2025\/08\/250724_CZ_BOR628-scaled-e1754382123118-32x20.jpg 32w\" data-sizes=\"(max-width: 1030px) 100vw, 1030px\" data-rel='gallery-4' data-prev-img='https:\/\/www.vfl-westercelle.de\/fb\/wp-content\/uploads\/sites\/3\/2025\/08\/250724_CZ_BOR628-scaled-e1754382123118-495x400.jpg' class='lightbox ' data-onclick='5' title='Die 2. Herren rangiert als dritte dicht hinter den Aufstiegspl\u00e4tzen.'  itemprop=\"thumbnailUrl\"  ><img decoding=\"async\" fetchpriority=\"high\" class=\"wp-image-28510 avia-img-lazy-loading-not-28510\"  data-avia-tooltip='Die 2. Herren rangiert als dritte dicht hinter den Aufstiegspl\u00e4tzen.' src=\"https:\/\/www.vfl-westercelle.de\/fb\/wp-content\/uploads\/sites\/3\/2025\/08\/250724_CZ_BOR628-scaled-e1754382123118-495x400.jpg\" width=\"495\" height=\"400\"  title='2. Herren 25-26' alt='' srcset=\"https:\/\/www.vfl-westercelle.de\/fb\/wp-content\/uploads\/sites\/3\/2025\/08\/250724_CZ_BOR628-scaled-e1754382123118-495x400.jpg 495w, https:\/\/www.vfl-westercelle.de\/fb\/wp-content\/uploads\/sites\/3\/2025\/08\/250724_CZ_BOR628-scaled-e1754382123118-845x684.jpg 845w\" sizes=\"(max-width: 495px) 100vw, 495px\" \/><div class='big-prev-fake'><img decoding=\"async\" loading=\"lazy\" class=\"wp-image-28510 avia-img-lazy-loading-28510\"  width=\"495\" height=\"400\" src=\"https:\/\/www.vfl-westercelle.de\/fb\/wp-content\/uploads\/sites\/3\/2025\/08\/250724_CZ_BOR628-scaled-e1754382123118-495x400.jpg\" title='2. Herren 25-26' alt='' srcset=\"https:\/\/www.vfl-westercelle.de\/fb\/wp-content\/uploads\/sites\/3\/2025\/08\/250724_CZ_BOR628-scaled-e1754382123118-495x400.jpg 495w, https:\/\/www.vfl-westercelle.de\/fb\/wp-content\/uploads\/sites\/3\/2025\/08\/250724_CZ_BOR628-scaled-e1754382123118-845x684.jpg 845w\" sizes=\"auto, (max-width: 495px) 100vw, 495px\" \/><\/div><\/a><a href=\"https:\/\/www.vfl-westercelle.de\/fb\/wp-content\/uploads\/sites\/3\/2025\/12\/MSiegesmund_Trauer-1030x687.jpg\" data-srcset=\"https:\/\/www.vfl-westercelle.de\/fb\/wp-content\/uploads\/sites\/3\/2025\/12\/MSiegesmund_Trauer-1030x687.jpg 1030w, https:\/\/www.vfl-westercelle.de\/fb\/wp-content\/uploads\/sites\/3\/2025\/12\/MSiegesmund_Trauer-300x200.jpg 300w, https:\/\/www.vfl-westercelle.de\/fb\/wp-content\/uploads\/sites\/3\/2025\/12\/MSiegesmund_Trauer-768x512.jpg 768w, https:\/\/www.vfl-westercelle.de\/fb\/wp-content\/uploads\/sites\/3\/2025\/12\/MSiegesmund_Trauer-1536x1025.jpg 1536w, https:\/\/www.vfl-westercelle.de\/fb\/wp-content\/uploads\/sites\/3\/2025\/12\/MSiegesmund_Trauer-2048x1366.jpg 2048w, https:\/\/www.vfl-westercelle.de\/fb\/wp-content\/uploads\/sites\/3\/2025\/12\/MSiegesmund_Trauer-1500x1001.jpg 1500w, https:\/\/www.vfl-westercelle.de\/fb\/wp-content\/uploads\/sites\/3\/2025\/12\/MSiegesmund_Trauer-705x470.jpg 705w, https:\/\/www.vfl-westercelle.de\/fb\/wp-content\/uploads\/sites\/3\/2025\/12\/MSiegesmund_Trauer-128x85.jpg 128w, https:\/\/www.vfl-westercelle.de\/fb\/wp-content\/uploads\/sites\/3\/2025\/12\/MSiegesmund_Trauer-32x21.jpg 32w\" data-sizes=\"(max-width: 1030px) 100vw, 1030px\" data-rel='gallery-4' data-prev-img='https:\/\/www.vfl-westercelle.de\/fb\/wp-content\/uploads\/sites\/3\/2025\/12\/MSiegesmund_Trauer-495x400.jpg' class='lightbox ' data-onclick='6' title='Marc Siegesmund verstarb v\u00f6llig unerwartet im Dezember 2025.'  itemprop=\"thumbnailUrl\"  ><img decoding=\"async\" fetchpriority=\"high\" class=\"wp-image-29309 avia-img-lazy-loading-not-29309\"  data-avia-tooltip='Marc Siegesmund verstarb v\u00f6llig unerwartet im Dezember 2025.' src=\"https:\/\/www.vfl-westercelle.de\/fb\/wp-content\/uploads\/sites\/3\/2025\/12\/MSiegesmund_Trauer-495x400.jpg\" width=\"495\" height=\"400\"  title='MSiegesmund_Trauer' alt='' srcset=\"https:\/\/www.vfl-westercelle.de\/fb\/wp-content\/uploads\/sites\/3\/2025\/12\/MSiegesmund_Trauer-495x400.jpg 495w, https:\/\/www.vfl-westercelle.de\/fb\/wp-content\/uploads\/sites\/3\/2025\/12\/MSiegesmund_Trauer-845x684.jpg 845w\" sizes=\"(max-width: 495px) 100vw, 495px\" \/><div class='big-prev-fake'><img decoding=\"async\" loading=\"lazy\" class=\"wp-image-29309 avia-img-lazy-loading-29309\"  width=\"495\" height=\"400\" src=\"https:\/\/www.vfl-westercelle.de\/fb\/wp-content\/uploads\/sites\/3\/2025\/12\/MSiegesmund_Trauer-495x400.jpg\" title='MSiegesmund_Trauer' alt='' srcset=\"https:\/\/www.vfl-westercelle.de\/fb\/wp-content\/uploads\/sites\/3\/2025\/12\/MSiegesmund_Trauer-495x400.jpg 495w, https:\/\/www.vfl-westercelle.de\/fb\/wp-content\/uploads\/sites\/3\/2025\/12\/MSiegesmund_Trauer-845x684.jpg 845w\" sizes=\"auto, (max-width: 495px) 100vw, 495px\" \/><\/div><\/a><\/div><\/div><\/p><\/div>\n","protected":false},"excerpt":{"rendered":"","protected":false},"author":9,"featured_media":28531,"comment_status":"closed","ping_status":"closed","sticky":false,"template":"","format":"standard","meta":{"footnotes":""},"categories":[17],"tags":[104],"class_list":["post-29284","post","type-post","status-publish","format-standard","has-post-thumbnail","hentry","category-fussball","tag-top-news"],"_links":{"self":[{"href":"https:\/\/www.vfl-westercelle.de\/fb\/wp-json\/wp\/v2\/posts\/29284","targetHints":{"allow":["GET"]}}],"collection":[{"href":"https:\/\/www.vfl-westercelle.de\/fb\/wp-json\/wp\/v2\/posts"}],"about":[{"href":"https:\/\/www.vfl-westercelle.de\/fb\/wp-json\/wp\/v2\/types\/post"}],"author":[{"embeddable":true,"href":"https:\/\/www.vfl-westercelle.de\/fb\/wp-json\/wp\/v2\/users\/9"}],"replies":[{"embeddable":true,"href":"https:\/\/www.vfl-westercelle.de\/fb\/wp-json\/wp\/v2\/comments?post=29284"}],"version-history":[{"count":3,"href":"https:\/\/www.vfl-westercelle.de\/fb\/wp-json\/wp\/v2\/posts\/29284\/revisions"}],"predecessor-version":[{"id":29315,"href":"https:\/\/www.vfl-westercelle.de\/fb\/wp-json\/wp\/v2\/posts\/29284\/revisions\/29315"}],"wp:featuredmedia":[{"embeddable":true,"href":"https:\/\/www.vfl-westercelle.de\/fb\/wp-json\/wp\/v2\/media\/28531"}],"wp:attachment":[{"href":"https:\/\/www.vfl-westercelle.de\/fb\/wp-json\/wp\/v2\/media?parent=29284"}],"wp:term":[{"taxonomy":"category","embeddable":true,"href":"https:\/\/www.vfl-westercelle.de\/fb\/wp-json\/wp\/v2\/categories?post=29284"},{"taxonomy":"post_tag","embeddable":true,"href":"https:\/\/www.vfl-westercelle.de\/fb\/wp-json\/wp\/v2\/tags?post=29284"}],"curies":[{"name":"wp","href":"https:\/\/api.w.org\/{rel}","templated":true}]}}