{"id":4049,"date":"2018-05-19T07:35:01","date_gmt":"2018-05-19T05:35:01","guid":{"rendered":"http:\/\/www.vfl-westercelle.de\/fb\/?p=4049"},"modified":"2018-06-14T21:30:44","modified_gmt":"2018-06-14T19:30:44","slug":"uwe-gebhardt-mit-dfb-ehrenamtspreis-ausgezeichnet","status":"publish","type":"post","link":"https:\/\/www.vfl-westercelle.de\/fb\/uwe-gebhardt-mit-dfb-ehrenamtspreis-ausgezeichnet\/","title":{"rendered":"Uwe Gebhardt mit DFB-Ehrenamtspreis ausgezeichnet"},"content":{"rendered":"<p>Eine der gr\u00f6\u00dften St\u00fctzen im Breitensportbereich der VfL-Fu\u00dfballsparte ist Uwe Gebhardt. Ihm ist es sehr wichtig, dass auch die Kinder und Jugendlichen nicht aus den Augen verloren werden, die nicht die M\u00f6glichkeit haben, in den ersten Mannschaften zu spielen. Seit 15 Jahren engagiert sich Gebhardt als Kinder- und Jugendtrainer im VfL Westercelle.<\/p>\n<p>Den DFB-Ehrenamtspreis, den ihm der Kreisspielausschussvorsitzende Achim Pr\u00fc\u00dfe (rechts) im Beisein von Jugendleiter Marc Siegesmund (links) \u00fcbergeben hat, hat sich der derzeitige Trainer der zweiten U13-Mannschaft somit mehr als verdient.<\/p>\n","protected":false},"excerpt":{"rendered":"<p>Eine der gr\u00f6\u00dften St\u00fctzen im Breitensportbereich der VfL-Fu\u00dfballsparte ist Uwe Gebhardt. Ihm ist es sehr wichtig, dass auch die Kinder und Jugendlichen nicht aus den Augen verloren werden, die nicht die M\u00f6glichkeit haben, in den ersten Mannschaften zu spielen. Seit 15 Jahren engagiert sich Gebhardt als Kinder- und Jugendtrainer im VfL Westercelle. Den DFB-Ehrenamtspreis, den <a class=\"read-more-link\" href=\"https:\/\/www.vfl-westercelle.de\/fb\/uwe-gebhardt-mit-dfb-ehrenamtspreis-ausgezeichnet\/\">[&#8230; weiterlesen]<\/a><\/p>\n","protected":false},"author":9,"featured_media":4050,"comment_status":"closed","ping_status":"closed","sticky":false,"template":"","format":"standard","meta":{"footnotes":""},"categories":[17],"tags":[],"class_list":["post-4049","post","type-post","status-publish","format-standard","has-post-thumbnail","hentry","category-fussball"],"_links":{"self":[{"href":"https:\/\/www.vfl-westercelle.de\/fb\/wp-json\/wp\/v2\/posts\/4049","targetHints":{"allow":["GET"]}}],"collection":[{"href":"https:\/\/www.vfl-westercelle.de\/fb\/wp-json\/wp\/v2\/posts"}],"about":[{"href":"https:\/\/www.vfl-westercelle.de\/fb\/wp-json\/wp\/v2\/types\/post"}],"author":[{"embeddable":true,"href":"https:\/\/www.vfl-westercelle.de\/fb\/wp-json\/wp\/v2\/users\/9"}],"replies":[{"embeddable":true,"href":"https:\/\/www.vfl-westercelle.de\/fb\/wp-json\/wp\/v2\/comments?post=4049"}],"version-history":[{"count":2,"href":"https:\/\/www.vfl-westercelle.de\/fb\/wp-json\/wp\/v2\/posts\/4049\/revisions"}],"predecessor-version":[{"id":4054,"href":"https:\/\/www.vfl-westercelle.de\/fb\/wp-json\/wp\/v2\/posts\/4049\/revisions\/4054"}],"wp:featuredmedia":[{"embeddable":true,"href":"https:\/\/www.vfl-westercelle.de\/fb\/wp-json\/wp\/v2\/media\/4050"}],"wp:attachment":[{"href":"https:\/\/www.vfl-westercelle.de\/fb\/wp-json\/wp\/v2\/media?parent=4049"}],"wp:term":[{"taxonomy":"category","embeddable":true,"href":"https:\/\/www.vfl-westercelle.de\/fb\/wp-json\/wp\/v2\/categories?post=4049"},{"taxonomy":"post_tag","embeddable":true,"href":"https:\/\/www.vfl-westercelle.de\/fb\/wp-json\/wp\/v2\/tags?post=4049"}],"curies":[{"name":"wp","href":"https:\/\/api.w.org\/{rel}","templated":true}]}}