{"id":6482,"date":"2018-08-04T00:01:27","date_gmt":"2018-08-03T22:01:27","guid":{"rendered":"http:\/\/www.vfl-westercelle.de\/fb\/?p=6482"},"modified":"2021-11-11T07:17:34","modified_gmt":"2021-11-11T06:17:34","slug":"bau-des-ersten-fussball-kunstrasenplatzes-in-celle","status":"publish","type":"post","link":"https:\/\/www.vfl-westercelle.de\/fb\/bau-des-ersten-fussball-kunstrasenplatzes-in-celle\/","title":{"rendered":"Bau des ersten Fu\u00dfball-Kunstrasenplatzes in Celle"},"content":{"rendered":"<p>In Munster gibt es einen, in Schneverdingen auch und in Hannover sowieso: Da soll Celle nicht l\u00e4nger hinterherhinken. Schon im kommenden Jahr soll ein zentraler Punkt aus dem Sportentwicklungsplan umgesetzt werden \u2013 ein Kunstrasenplatz soll daf\u00fcr sorgen, dass die Fu\u00dfballer das ganze Jahr \u00fcber ihren Sport nachgehen k\u00f6nnen. Der Platz mit Flutlichtanlage soll wie in der Studie empfohlen in Westercelle gebaut werden. Der VfL Westercelle, der gr\u00f6\u00dfte Verein im Landkreis Celle, hat inzwischen entsprechende F\u00f6rderantr\u00e4ge gestellt und will durch verschiedenen Aktionen den Eigenanteil von mindestens 25 Prozent finanzieren.<\/p>\n<p><em>\u201eSeit der Zusage von unserem Oberb\u00fcrgermeister Dr. J\u00f6rg Nigge am 14. Mai, <\/em><em>uns finanziell zu unterst\u00fctzen, haben wir das fast Unm\u00f6gliche wahr gemacht <\/em><em>und eine konkrete Planung auf die Beine gestellt\u201c<\/em>, sagt VfL-Projektleiter Hans Weger. Die Zeit dr\u00e4ngte, denn um im n\u00e4chsten Jahr eine F\u00f6rderung des Landessportbundes zu erhalten, mussten die kompletten Antragsunterlagen bis zum 15. Juli vorliegen. <em>\u201eUnser Architekt und die Verwaltung im Celler <\/em><em>Rathaus, die einen positiven Bauvorbescheid erstellt hat, haben super schnell <\/em><em>gearbeitet\u201c<\/em>, sagt Weger, dessen Team auch bei der Stadt Celle, dem Landkreis Celle und der Regionalstiftung der Sparkasse Celle einen Antrag auf F\u00f6rderung gestellt hat. <em>\u201eWir hoffen sehr, dass uns alle F\u00f6rdermittelgeber <\/em><em>unterst\u00fctzen\u201c<\/em>, sagt der Vorsitzende des VfL Westercelle Harald Nowatschin. <em>\u201eCelle braucht einen Kunstrasenplatz, gerade auch f\u00fcr unsere Kinder und <\/em><em>Jugendlichen.\u201c<\/em> Ein solcher Platz werde auch f\u00fcr Entspannung bei den Hallenkapazit\u00e4ten sorgen. <em>\u201ePacken wir es gemeinsam an\u201c<\/em>, so Nowatschin.<\/p>\n<p>Das Projektteam aus der VfL-Fu\u00dfballsparte arbeitet bereits seit einem guten Jahr daf\u00fcr, den Traum des ersten Kunstrasenplatzes in Celle zu realisieren. Unter anderem hat Niklas Brandt das Projekt zum Thema seines Studiums gemacht. Die gr\u00f6\u00dfte Herausforderung bei der Realisierung ist die Finanzierung. Denn selbst wenn alle F\u00f6rdermittelgeber gr\u00fcnes Licht geben, muss der VfL gut 200.000 Euro selbst aufbringen. Die Gesamtkosten liegen nach der Sch\u00e4tzung des renommierten Architekten Dieter Grundmann, der zuletzt das Nachwuchsleistungszentrum von Hannover 96 ausgebaut hat, bei etwa 800.000 Euro.<\/p>\n<p><em>\u201eDie Finanzierung des Eigenanteils soll durch Spenden, Sponsoring und ein <\/em><em>Darlehen sichergestellt werden\u201c<\/em>, erkl\u00e4rt der Finanzverantwortliche der VfL-Fu\u00dfballsparte Matthias Stiekel. Der Kredit soll dabei \u00fcber die Mitglieder finanziert werden. Zun\u00e4chst braucht der Verein aber ein gewisses Startkapital, daher sind verschiedene Aktionen geplant.<\/p>\n<p>Los geht es bereits am Sonntag, 12. August, mit einer offiziellen Saisoner\u00f6ffnung, bei der Spenden f\u00fcr den Kunstrasenplatz gesammelt werden.<em> \u201eWir haben zum Beispiel die Foto-Aktion ,Dein Gesicht f\u00fcr den <\/em><em>Kunstrasen\u2018 ins Leben gerufen\u201c<\/em>, erz\u00e4hlt Sebastian Paschke, Beauftragter f\u00fcr Veranstaltungen der VfL-Fu\u00dfballsparte. <em>\u201eGegen eine Spende von mindestens <\/em><em>zehn Euro kann man sich fotografieren lassen. Alle Bilder werden dann auf <\/em><em>ein gro\u00dfes Banner gedruckt.\u201c<\/em> Au\u00dferdem soll es \u201eKunstrasenbauer\u201c-T-Shirts geben. <em>\u201eStatt Eintritt bitten wir an diesem Tag f\u00fcr die Heimspiele unserer 1. <\/em><em>und 2.Herren zudem um Spenden\u201c<\/em>, erg\u00e4nzt Fu\u00dfball-Spartenleiter Christopher Menge, der sich freut, dass die 1. Herren mit gutem Beispiel vorangegangen ist und die Preisgelder von insgesamt 475 Euro aus der Vorbereitung f\u00fcr das Projekt gespendet hat.<\/p>\n<p>Die gr\u00f6\u00dfte Veranstaltung ist am Samstag, 1. September, geplant. Beim Kunstrasenlauf soll m\u00f6glichst viel Geld f\u00fcr das Projekt zusammenkommen. Organisiert wird der Spendenlauf von Dr. Fritz Spering, der jahrelang den \u201eRun for life\u201c erfolgreich am Gymnasium Ernestinum organisierte. Die L\u00e4ufer suchen sich dabei eigene Sponsoren, die f\u00fcr eine Sportplatz- oder eine Waldrunde einen gewissen Geldbetrag ausloben. <em>\u201eUnser Vorteil ist, dass bei <\/em><em>uns so viele Kinder und Jugendliche spielen\u201c<\/em>, sagt Weger. <em>\u201eWenn die alle <\/em><em>laufen, sollte da schon ein sch\u00f6ner Betrag zusammenkommen.\u201c<\/em> Aber nat\u00fcrlich d\u00fcrften auch Freunde und Familie an dem Lauf teilnehmen.<\/p>\n<p><em>\u201eUnser Vereinswirt Ralf Kr\u00fcger hat zudem angek\u00fcndigt, die H\u00e4lfte des <\/em><em>Eintrittsgeldes vom Oktoberfest zu spenden\u201c<\/em>, erg\u00e4nzt Paschke. <em>\u201eAu\u00dferdem <\/em><em>wird das Fest unter das Motto ,Kunstrasenbauer\u2018 gestellt.\u201c<\/em> Bis zum Ende des Jahres solle es zudem immer wieder verschiedene Aktionen geben.<\/p>\n<p>Zudem hoffen die Projektverantwortlichen, dass viele Firmen und Betriebe den Bau des ersten Kunstrasenplatzes in Celle finanziell unterst\u00fctzen. <em>\u201eWir <\/em><em>sind zuversichtlich viele \u00fcberzeugen zu k\u00f6nnen, dass wir in unserer Stadt <\/em><em>einen Kunstrasenplatz brauchen\u201c<\/em>, sagt Sebastian Brammer, der in der VfLFu\u00dfballsparte f\u00fcr Marketing zust\u00e4ndig ist.<\/p>\n<p>Spartenleiter Menge und der Projektverantwortliche Weger sind froh, dass sie ein gro\u00dfes Team hinter sich haben. <em>\u201eAnders w\u00e4re ein solches Projekt gar <\/em><em>nicht umsetzbar\u201c<\/em>, sagen die beiden unisono.<\/p>\n<p>Text: Christopher Menge<br \/>\nBild: David Borghoff<\/p>\n","protected":false},"excerpt":{"rendered":"<p>In Munster gibt es einen, in Schneverdingen auch und in Hannover sowieso: Da soll Celle nicht l\u00e4nger hinterherhinken. Schon im kommenden Jahr soll ein zentraler Punkt aus dem Sportentwicklungsplan umgesetzt werden \u2013 ein Kunstrasenplatz soll daf\u00fcr sorgen, dass die Fu\u00dfballer das ganze Jahr \u00fcber ihren Sport nachgehen k\u00f6nnen. Der Platz mit Flutlichtanlage soll wie in <a class=\"read-more-link\" href=\"https:\/\/www.vfl-westercelle.de\/fb\/bau-des-ersten-fussball-kunstrasenplatzes-in-celle\/\">[&#8230; weiterlesen]<\/a><\/p>\n","protected":false},"author":9,"featured_media":6483,"comment_status":"closed","ping_status":"closed","sticky":false,"template":"","format":"standard","meta":{"footnotes":""},"categories":[17],"tags":[460,264],"class_list":["post-6482","post","type-post","status-publish","format-standard","has-post-thumbnail","hentry","category-fussball","tag-baumassnahme","tag-kunstrasen"],"_links":{"self":[{"href":"https:\/\/www.vfl-westercelle.de\/fb\/wp-json\/wp\/v2\/posts\/6482","targetHints":{"allow":["GET"]}}],"collection":[{"href":"https:\/\/www.vfl-westercelle.de\/fb\/wp-json\/wp\/v2\/posts"}],"about":[{"href":"https:\/\/www.vfl-westercelle.de\/fb\/wp-json\/wp\/v2\/types\/post"}],"author":[{"embeddable":true,"href":"https:\/\/www.vfl-westercelle.de\/fb\/wp-json\/wp\/v2\/users\/9"}],"replies":[{"embeddable":true,"href":"https:\/\/www.vfl-westercelle.de\/fb\/wp-json\/wp\/v2\/comments?post=6482"}],"version-history":[{"count":2,"href":"https:\/\/www.vfl-westercelle.de\/fb\/wp-json\/wp\/v2\/posts\/6482\/revisions"}],"predecessor-version":[{"id":6487,"href":"https:\/\/www.vfl-westercelle.de\/fb\/wp-json\/wp\/v2\/posts\/6482\/revisions\/6487"}],"wp:featuredmedia":[{"embeddable":true,"href":"https:\/\/www.vfl-westercelle.de\/fb\/wp-json\/wp\/v2\/media\/6483"}],"wp:attachment":[{"href":"https:\/\/www.vfl-westercelle.de\/fb\/wp-json\/wp\/v2\/media?parent=6482"}],"wp:term":[{"taxonomy":"category","embeddable":true,"href":"https:\/\/www.vfl-westercelle.de\/fb\/wp-json\/wp\/v2\/categories?post=6482"},{"taxonomy":"post_tag","embeddable":true,"href":"https:\/\/www.vfl-westercelle.de\/fb\/wp-json\/wp\/v2\/tags?post=6482"}],"curies":[{"name":"wp","href":"https:\/\/api.w.org\/{rel}","templated":true}]}}