{"id":6941,"date":"2018-08-26T11:05:25","date_gmt":"2018-08-26T09:05:25","guid":{"rendered":"http:\/\/www.vfl-westercelle.de\/fb\/?p=6941"},"modified":"2020-02-17T18:02:10","modified_gmt":"2020-02-17T17:02:10","slug":"westerceller-gehen-fuer-kunstrasen-auf-die-laufbahn","status":"publish","type":"post","link":"https:\/\/www.vfl-westercelle.de\/fb\/westerceller-gehen-fuer-kunstrasen-auf-die-laufbahn\/","title":{"rendered":"Westerceller gehen f\u00fcr Kunstrasen auf die Laufbahn"},"content":{"rendered":"<p>Endlich auch im Winter einen geregelten Trainings- und Spielbetrieb haben. Das ist der gro\u00dfe Traum beim VfL Westercelle. Damit dieser in Erf\u00fcllung gehen kann, bedarf es f\u00fcr den Bau von Celles erstem Kunstrasen-Gro\u00dffeld einer Summe von circa 800.000 Euro, die zu mindestens 25 Prozent aus dem eigenen Verein kommen muss. Eine der geplanten Spendenaktionen zur Finanzierung der Eigenleistung ist der Kunstrasenlauf am 1. September, wenn es nicht auf dem Platz, sondern drum herum zur Sache gehen wird.<\/p>\n<p><em>\u201eDer Kunstrasenlauf ist unsere wichtigste Veranstaltung, wir erwarten jeden VfLer auf der Anlage\u201c<\/em>, gibt Hans Weger, Projektleiter f\u00fcr den Kunstrasen, die Marschroute f\u00fcr den Lauf vor. Dabei gibt es f\u00fcr die unterschiedlichen Anforderungen der L\u00e4ufer zwei Optionen, wie Weger erl\u00e4utert: <em>\u201eJeder kann zwischen der kleinen 400-Meter-Runde um den Platz herum und einer 6,12 Kilometer langen Waldstrecke w\u00e4hlen.\u201c<\/em> Anmelden kann sich jeder ab 9 Uhr, gelaufen wird von 10 bis 12 Uhr. Die Siegerehrung ist f\u00fcr 13 Uhr angesetzt.<!--more--><\/p>\n<p>Dabei tauschen nicht nur die Westerceller Fu\u00dfballer Ihre Fu\u00dfball- gegen Laufschuhe, sondern auch Freunde um den Verein herum. <em>\u201eEs gab sogar schon Anmeldungen zum Walken\u201c<\/em>, zeigt sich Weger hier besonders angetan ob der Bereitschaft mitzumachen. Damit die L\u00e4ufer gut ger\u00fcstet sind, stellt der Verein Verpflegung bereit und wird auch den Grill zur rechten Zeit anmachen. Schlie\u00dflich werden auch viele Zuschauer erwartet, die die L\u00e4ufer bei einem Bratw\u00fcrstchen anfeuern wollen.<\/p>\n<p><em>\u201eDas Geld wird \u00fcber Sponsoren zusammenkommen, jeder sorgt f\u00fcr seine eigenen Partner\u201c<\/em>, schildert Weger die Vorgehensweise. Auf die Idee kam Organisator Fritz Spering, der auch jahrelang am Ernestinum den \u201eRun for life\u201c in \u00e4hnlicher Vorgehensweise organisiert hat. Weger bedankt sich bei Spering schon im Voraus: <em>\u201eSeine Hilfe ist goldwert. Ihm geh\u00f6rt gro\u00dfer Dank f\u00fcr die Organisation.\u201c<\/em><\/p>\n<p>Im Verein selbst herrscht bereits gro\u00dfe Vorfreude auf den Lauf. Heiko Vollmer, Trainer der 1. Herren, hat sich fr\u00fchzeitig um viele kleine Sponsoren gek\u00fcmmert. W\u00e4hrend des Laufs wird er ein eigenes Trikot mit \u201eseinen\u201c Unterst\u00fctzern tragen, auf dem jeder, der etwas gespendet hat, unterschreiben durfte. <em>\u201eIch wollte niemandem einen gro\u00dfen Sponsoren wegnehmen und habe so lieber viele kleine Betr\u00e4ge gesammelt\u201c<\/em>, erkl\u00e4rt er sein durchaus erfolgreiches Vorgehen &#8211; bislang hat Vollmer schon knapp 250 Euro gesammelt. Dabei verl\u00e4sst er sich nicht auf sich selbst, er hofft <em>\u201edass m\u00f6glichst alle mitmachen.\u201c<\/em> Alle, die k\u00f6nnen, werden dies auch tun. Einzig die U17, U19 und 2. Herren m\u00fcssen am Samstag spielen. Sie holen ihre L\u00e4ufe beim Training nach.<\/p>\n<p>Der Tag wird abgerundet durch das Heimspiel der U19 in der Niedersachsenliga gegen den 1. FC Wunstorf um 16 Uhr sowie das Kreisliga-Derby der 2.Herren des VfL beim TuS Celle FC um 18 Uhr im G\u00fcnther-Volker-Stadion.<\/p>\n<p>Neben dem Runden drehen wird es beim Kunstrasenlauf am Vormittag auch einige Helfer geben, die die Aktionen der Saisoner\u00f6ffnung weiter betreuen. Wieder kann sich jeder gegen Spende f\u00fcr ein gro\u00dfes Banner als \u201eKunstrasenbauer\u201c fotografieren lassen. Wenige limitierte T-Shirts sind ebenfalls noch zu haben.<\/p>\n<p><em>\u201eDer Start unseres Projektes ist gegl\u00fcckt. Nach der ersten Woche haben wir einen Spendenstand von 9115 Euro erreicht\u201c<\/em>, berichtet Spartenleiter Christopher Menge. <em>\u201eJetzt wollen wir nochmal richtig Gas geben \u2013 bei der Sponsorensuche und dann beim Kunstrasenlauf.\u201c<\/em><\/p>\n<p>Wer dar\u00fcber hinaus nicht selber laufen will oder kann, trotzdem aber den Kunstrasenbau unterst\u00fctzen m\u00f6chte, kann unter Verwendung des Schlagwortes &#8222;Kunstrasen&#8220; auf das Spendenkonto des VfL Westercelle DE07 2575 0001 0000 1507 30 einzahlen. Weitere Informationen gibt es unter <a href=\"http:\/\/www.vflfussball.de\/kunstrasen\">www.vflfussball.de\/kunstrasen<\/a>.<\/p>\n<p>Text: S\u00f6ren Thalau<br \/>\nFoto: Niklas Brandt<\/p>\n","protected":false},"excerpt":{"rendered":"<p>Endlich auch im Winter einen geregelten Trainings- und Spielbetrieb haben. Das ist der gro\u00dfe Traum beim VfL Westercelle. Damit dieser in Erf\u00fcllung gehen kann, bedarf es f\u00fcr den Bau von Celles erstem Kunstrasen-Gro\u00dffeld einer Summe von circa 800.000 Euro, die zu mindestens 25 Prozent aus dem eigenen Verein kommen muss. Eine der geplanten Spendenaktionen zur <a class=\"read-more-link\" href=\"https:\/\/www.vfl-westercelle.de\/fb\/westerceller-gehen-fuer-kunstrasen-auf-die-laufbahn\/\">[&#8230; weiterlesen]<\/a><\/p>\n","protected":false},"author":9,"featured_media":6942,"comment_status":"closed","ping_status":"closed","sticky":false,"template":"","format":"standard","meta":{"footnotes":""},"categories":[17],"tags":[391,264],"class_list":["post-6941","post","type-post","status-publish","format-standard","has-post-thumbnail","hentry","category-fussball","tag-foerderverein","tag-kunstrasen"],"_links":{"self":[{"href":"https:\/\/www.vfl-westercelle.de\/fb\/wp-json\/wp\/v2\/posts\/6941","targetHints":{"allow":["GET"]}}],"collection":[{"href":"https:\/\/www.vfl-westercelle.de\/fb\/wp-json\/wp\/v2\/posts"}],"about":[{"href":"https:\/\/www.vfl-westercelle.de\/fb\/wp-json\/wp\/v2\/types\/post"}],"author":[{"embeddable":true,"href":"https:\/\/www.vfl-westercelle.de\/fb\/wp-json\/wp\/v2\/users\/9"}],"replies":[{"embeddable":true,"href":"https:\/\/www.vfl-westercelle.de\/fb\/wp-json\/wp\/v2\/comments?post=6941"}],"version-history":[{"count":4,"href":"https:\/\/www.vfl-westercelle.de\/fb\/wp-json\/wp\/v2\/posts\/6941\/revisions"}],"predecessor-version":[{"id":6949,"href":"https:\/\/www.vfl-westercelle.de\/fb\/wp-json\/wp\/v2\/posts\/6941\/revisions\/6949"}],"wp:featuredmedia":[{"embeddable":true,"href":"https:\/\/www.vfl-westercelle.de\/fb\/wp-json\/wp\/v2\/media\/6942"}],"wp:attachment":[{"href":"https:\/\/www.vfl-westercelle.de\/fb\/wp-json\/wp\/v2\/media?parent=6941"}],"wp:term":[{"taxonomy":"category","embeddable":true,"href":"https:\/\/www.vfl-westercelle.de\/fb\/wp-json\/wp\/v2\/categories?post=6941"},{"taxonomy":"post_tag","embeddable":true,"href":"https:\/\/www.vfl-westercelle.de\/fb\/wp-json\/wp\/v2\/tags?post=6941"}],"curies":[{"name":"wp","href":"https:\/\/api.w.org\/{rel}","templated":true}]}}