{"id":6983,"date":"2018-09-04T09:40:10","date_gmt":"2018-09-04T07:40:10","guid":{"rendered":"http:\/\/www.vfl-westercelle.de\/fb\/?p=6983"},"modified":"2018-10-01T23:24:57","modified_gmt":"2018-10-01T21:24:57","slug":"fair-play-karte-des-dfb","status":"publish","type":"post","link":"https:\/\/www.vfl-westercelle.de\/fb\/fair-play-karte-des-dfb\/","title":{"rendered":"Fair Play-Karte des DFB"},"content":{"rendered":"<p>Der DFB ruft alle Bambini, F- und E-Junior(inn)en dazu auf, an dem Spielwochenende 15. &#8211; 16.09.2018 anl\u00e4sslich der Fair Play-Tage den eigenen Eltern (bzw. Gro\u00dfeltern, Verwandten oder Bekannten) vor dem Spiel die gr\u00fcne Fair Play-Karte zu zeigen.<\/p>\n<p>Um diese Aktion bekannt zu machen und m\u00f6glichst viele Vereine zum Mitmachen zu animieren, lobt der DFB ein Gewinnspiel aus. Die Vereine k\u00f6nnen w\u00e4hrend der Aktion Bilder und Videos aufnehmen und einsenden. Die besten Einsendungen werden pr\u00e4miert.<\/p>\n<p>Fu\u00dfball fasziniert Kinder wie Erwachsene gleicherma\u00dfen. Die Begeisterung und Unbeschwertheit der Kinder ist in jeder Partie am Spielfeldrand unmittelbar sp\u00fcrbar. Hier lernen die Kinder f\u00fcrs Leben. Fair Play und Respekt \u2013 die Grundlagen des Fu\u00dfballs \u2013lernen die Kinder im wahrsten Sinne des Wortes spielend. Die Erwachsenen, vor allem die Eltern, nehmen dabei eine wichtige Vorbildrolle ein: Mit ihrem Verhalten auf dem Sportplatz beeinflussen Eltern und Trainer*innen das Verhalten der Kinder von morgen.<\/p>\n<p>Fu\u00dfballeltern investieren sehr viel Zeit in den Sport ihres Kindes. Sie sind mit Emotionen und Leidenschaft bei der Sache. F\u00fcr ihr Engagement und ihren unerm\u00fcdlichen Einsatz geb\u00fchrt ihnen ein ganz besonderes Lob. Klar, dass Eltern auf die Leistung ihres Kindes stolz sein m\u00f6chten. Aber nicht jedem wird das Talent eines Marco Reus oder einer Sara D\u00e4britz in die Wiege gelegt. Und Fu\u00dfball ist und bleibt ein Mannschaftssport, der auch die Anerkennung der Leistung der Anderen auf und neben dem Platz erfordert. Deshalb immer daran denken: Im Mittelpunkt stehen das Wohl der Kinder und ihre Freude am Fu\u00dfball. Die Erwachsenen sind f\u00fcr sie Vorbilder \u2013 dieser Verantwortung m\u00fcssen sie sich immer bewusst sein. Auch und gerade am Spielfeldrand.<\/p>\n\n\t\t<style type=\"text\/css\">\n\t\t\t#gallery-1 {\n\t\t\t\tmargin: auto;\n\t\t\t}\n\t\t\t#gallery-1 .gallery-item {\n\t\t\t\tfloat: left;\n\t\t\t\tmargin-top: 10px;\n\t\t\t\ttext-align: center;\n\t\t\t\twidth: 50%;\n\t\t\t}\n\t\t\t#gallery-1 img {\n\t\t\t\tborder: 2px solid #cfcfcf;\n\t\t\t}\n\t\t\t#gallery-1 .gallery-caption {\n\t\t\t\tmargin-left: 0;\n\t\t\t}\n\t\t\t\/* see gallery_shortcode() in wp-includes\/media.php *\/\n\t\t<\/style>\n\t\t<div id='gallery-1' class='gallery galleryid-6983 gallery-columns-2 gallery-size-thumbnail'><dl class='gallery-item'>\n\t\t\t<dt class='gallery-icon portrait'>\n\t\t\t\t<a href='https:\/\/www.vfl-westercelle.de\/fb\/wp-content\/uploads\/sites\/3\/2018\/09\/FairPlay-Karte_vorne.jpg'><img loading=\"lazy\" decoding=\"async\" width=\"80\" height=\"80\" src=\"https:\/\/www.vfl-westercelle.de\/fb\/wp-content\/uploads\/sites\/3\/2018\/09\/FairPlay-Karte_vorne-80x80.jpg\" class=\"attachment-thumbnail size-thumbnail\" alt=\"\" srcset=\"https:\/\/www.vfl-westercelle.de\/fb\/wp-content\/uploads\/sites\/3\/2018\/09\/FairPlay-Karte_vorne-80x80.jpg 80w, https:\/\/www.vfl-westercelle.de\/fb\/wp-content\/uploads\/sites\/3\/2018\/09\/FairPlay-Karte_vorne-36x36.jpg 36w, https:\/\/www.vfl-westercelle.de\/fb\/wp-content\/uploads\/sites\/3\/2018\/09\/FairPlay-Karte_vorne-180x180.jpg 180w, https:\/\/www.vfl-westercelle.de\/fb\/wp-content\/uploads\/sites\/3\/2018\/09\/FairPlay-Karte_vorne-120x120.jpg 120w, https:\/\/www.vfl-westercelle.de\/fb\/wp-content\/uploads\/sites\/3\/2018\/09\/FairPlay-Karte_vorne-450x450.jpg 450w, https:\/\/www.vfl-westercelle.de\/fb\/wp-content\/uploads\/sites\/3\/2018\/09\/FairPlay-Karte_vorne-300x300.jpg 300w\" sizes=\"auto, (max-width: 80px) 100vw, 80px\" \/><\/a>\n\t\t\t<\/dt><\/dl><dl class='gallery-item'>\n\t\t\t<dt class='gallery-icon portrait'>\n\t\t\t\t<a href='https:\/\/www.vfl-westercelle.de\/fb\/wp-content\/uploads\/sites\/3\/2018\/09\/FairPlay-Karte_hinten.jpg'><img loading=\"lazy\" decoding=\"async\" width=\"80\" height=\"80\" src=\"https:\/\/www.vfl-westercelle.de\/fb\/wp-content\/uploads\/sites\/3\/2018\/09\/FairPlay-Karte_hinten-80x80.jpg\" class=\"attachment-thumbnail size-thumbnail\" alt=\"\" srcset=\"https:\/\/www.vfl-westercelle.de\/fb\/wp-content\/uploads\/sites\/3\/2018\/09\/FairPlay-Karte_hinten-80x80.jpg 80w, https:\/\/www.vfl-westercelle.de\/fb\/wp-content\/uploads\/sites\/3\/2018\/09\/FairPlay-Karte_hinten-36x36.jpg 36w, https:\/\/www.vfl-westercelle.de\/fb\/wp-content\/uploads\/sites\/3\/2018\/09\/FairPlay-Karte_hinten-180x180.jpg 180w, https:\/\/www.vfl-westercelle.de\/fb\/wp-content\/uploads\/sites\/3\/2018\/09\/FairPlay-Karte_hinten-120x120.jpg 120w, https:\/\/www.vfl-westercelle.de\/fb\/wp-content\/uploads\/sites\/3\/2018\/09\/FairPlay-Karte_hinten-450x450.jpg 450w, https:\/\/www.vfl-westercelle.de\/fb\/wp-content\/uploads\/sites\/3\/2018\/09\/FairPlay-Karte_hinten-300x300.jpg 300w\" sizes=\"auto, (max-width: 80px) 100vw, 80px\" \/><\/a>\n\t\t\t<\/dt><\/dl><br style=\"clear: both\" \/>\n\t\t<\/div>\n\n<p>Anl\u00e4sslich der Fair Play-Tage 2018 wenden wir uns im Namen der Kinder deshalb an die Fu\u00dfballeltern und unterst\u00fctzen ihren vorbildlichen Einsatz mit der Erinnerung an das Wesentliche:<\/p>\n<h4>Fair bleiben, liebe Eltern! Damit Fu\u00dfball Freude bleibt.<\/h4>\n<p>Diese Botschaft \u00fcbermitteln die Nachwuchskickerinnen und -kicker im Herbst 2018 ihren Eltern mit Hilfe der Fair Play-Karte. Weitere Informationen zur Fair Play-Karte und zur Aktion finden Sie auf der <a href=\"https:\/\/www.dfb.de\/fair-playgewaltpraevention\/fair-play\/fair-play-karte\/\">Website<\/a> des DFB zur Fair Play-Karte.<\/p>\n<p>Text: DFB auf <a href=\"https:\/\/www.dfb.de\/fair-playgewaltpraevention\/fair-play\/fair-play-karte\/\">https:\/\/www.dfb.de\/fair-playgewaltpraevention\/fair-play\/fair-play-karte\/<\/a><br \/>\nBilder: DFB<\/p>\n","protected":false},"excerpt":{"rendered":"<p>Der DFB ruft alle Bambini, F- und E-Junior(inn)en dazu auf, an dem Spielwochenende 15. &#8211; 16.09.2018 anl\u00e4sslich der Fair Play-Tage den eigenen Eltern (bzw. Gro\u00dfeltern, Verwandten oder Bekannten) vor dem Spiel die gr\u00fcne Fair Play-Karte zu zeigen. Um diese Aktion bekannt zu machen und m\u00f6glichst viele Vereine zum Mitmachen zu animieren, lobt der DFB ein <a class=\"read-more-link\" href=\"https:\/\/www.vfl-westercelle.de\/fb\/fair-play-karte-des-dfb\/\">[&#8230; weiterlesen]<\/a><\/p>\n","protected":false},"author":9,"featured_media":6988,"comment_status":"closed","ping_status":"closed","sticky":false,"template":"","format":"standard","meta":{"footnotes":""},"categories":[17],"tags":[],"class_list":["post-6983","post","type-post","status-publish","format-standard","has-post-thumbnail","hentry","category-fussball"],"_links":{"self":[{"href":"https:\/\/www.vfl-westercelle.de\/fb\/wp-json\/wp\/v2\/posts\/6983","targetHints":{"allow":["GET"]}}],"collection":[{"href":"https:\/\/www.vfl-westercelle.de\/fb\/wp-json\/wp\/v2\/posts"}],"about":[{"href":"https:\/\/www.vfl-westercelle.de\/fb\/wp-json\/wp\/v2\/types\/post"}],"author":[{"embeddable":true,"href":"https:\/\/www.vfl-westercelle.de\/fb\/wp-json\/wp\/v2\/users\/9"}],"replies":[{"embeddable":true,"href":"https:\/\/www.vfl-westercelle.de\/fb\/wp-json\/wp\/v2\/comments?post=6983"}],"version-history":[{"count":4,"href":"https:\/\/www.vfl-westercelle.de\/fb\/wp-json\/wp\/v2\/posts\/6983\/revisions"}],"predecessor-version":[{"id":6990,"href":"https:\/\/www.vfl-westercelle.de\/fb\/wp-json\/wp\/v2\/posts\/6983\/revisions\/6990"}],"wp:featuredmedia":[{"embeddable":true,"href":"https:\/\/www.vfl-westercelle.de\/fb\/wp-json\/wp\/v2\/media\/6988"}],"wp:attachment":[{"href":"https:\/\/www.vfl-westercelle.de\/fb\/wp-json\/wp\/v2\/media?parent=6983"}],"wp:term":[{"taxonomy":"category","embeddable":true,"href":"https:\/\/www.vfl-westercelle.de\/fb\/wp-json\/wp\/v2\/categories?post=6983"},{"taxonomy":"post_tag","embeddable":true,"href":"https:\/\/www.vfl-westercelle.de\/fb\/wp-json\/wp\/v2\/tags?post=6983"}],"curies":[{"name":"wp","href":"https:\/\/api.w.org\/{rel}","templated":true}]}}