{"id":7673,"date":"2016-08-24T15:41:54","date_gmt":"2016-08-24T13:41:54","guid":{"rendered":"http:\/\/www.vfl-westercelle.de\/fb\/?p=7673"},"modified":"2018-11-25T15:43:34","modified_gmt":"2018-11-25T14:43:34","slug":"60-kinder-bei-96-fussballschule-in-westercelle","status":"publish","type":"post","link":"https:\/\/www.vfl-westercelle.de\/fb\/60-kinder-bei-96-fussballschule-in-westercelle\/","title":{"rendered":"60 Kinder bei 96-Fu\u00dfballschule in Westercelle"},"content":{"rendered":"<p>Hannover 96 erfreut sich auch nach dem Abstieg in die 2. Fu\u00dfball-Bundesliga immer noch gr\u00f6\u00dfter Beliebtheit beim Celler Fu\u00dfballnachwuchs. Bei der Fu\u00dfballschule des VfL Westercelle eiferten gleich 60 Kinder dem runden Leder hinterher. Drei Tage lang boten die 96-Trainer verschiedene Trainingseinheiten und ein buntes Rahmenprogramm. Der Termin f\u00fcr das dritte 96-Fu\u00dfballcamp in Westercelle im kommenden Jahr steht auch schon fest: Die Roten gastieren vom 28. bis 30. Juli in Westercelle \u2013 dann vielleicht wieder als Erstligist.<\/p>\n","protected":false},"excerpt":{"rendered":"<p>Hannover 96 erfreut sich auch nach dem Abstieg in die 2. Fu\u00dfball-Bundesliga immer noch gr\u00f6\u00dfter Beliebtheit beim Celler Fu\u00dfballnachwuchs. Bei der Fu\u00dfballschule des VfL Westercelle eiferten gleich 60 Kinder dem runden Leder hinterher. Drei Tage lang boten die 96-Trainer verschiedene Trainingseinheiten und ein buntes Rahmenprogramm. Der Termin f\u00fcr das dritte 96-Fu\u00dfballcamp in Westercelle im kommenden <a class=\"read-more-link\" href=\"https:\/\/www.vfl-westercelle.de\/fb\/60-kinder-bei-96-fussballschule-in-westercelle\/\">[&#8230; weiterlesen]<\/a><\/p>\n","protected":false},"author":9,"featured_media":7670,"comment_status":"closed","ping_status":"closed","sticky":false,"template":"","format":"standard","meta":{"footnotes":""},"categories":[17],"tags":[289],"class_list":["post-7673","post","type-post","status-publish","format-standard","has-post-thumbnail","hentry","category-fussball","tag-fussballschule"],"_links":{"self":[{"href":"https:\/\/www.vfl-westercelle.de\/fb\/wp-json\/wp\/v2\/posts\/7673","targetHints":{"allow":["GET"]}}],"collection":[{"href":"https:\/\/www.vfl-westercelle.de\/fb\/wp-json\/wp\/v2\/posts"}],"about":[{"href":"https:\/\/www.vfl-westercelle.de\/fb\/wp-json\/wp\/v2\/types\/post"}],"author":[{"embeddable":true,"href":"https:\/\/www.vfl-westercelle.de\/fb\/wp-json\/wp\/v2\/users\/9"}],"replies":[{"embeddable":true,"href":"https:\/\/www.vfl-westercelle.de\/fb\/wp-json\/wp\/v2\/comments?post=7673"}],"version-history":[{"count":1,"href":"https:\/\/www.vfl-westercelle.de\/fb\/wp-json\/wp\/v2\/posts\/7673\/revisions"}],"predecessor-version":[{"id":7674,"href":"https:\/\/www.vfl-westercelle.de\/fb\/wp-json\/wp\/v2\/posts\/7673\/revisions\/7674"}],"wp:featuredmedia":[{"embeddable":true,"href":"https:\/\/www.vfl-westercelle.de\/fb\/wp-json\/wp\/v2\/media\/7670"}],"wp:attachment":[{"href":"https:\/\/www.vfl-westercelle.de\/fb\/wp-json\/wp\/v2\/media?parent=7673"}],"wp:term":[{"taxonomy":"category","embeddable":true,"href":"https:\/\/www.vfl-westercelle.de\/fb\/wp-json\/wp\/v2\/categories?post=7673"},{"taxonomy":"post_tag","embeddable":true,"href":"https:\/\/www.vfl-westercelle.de\/fb\/wp-json\/wp\/v2\/tags?post=7673"}],"curies":[{"name":"wp","href":"https:\/\/api.w.org\/{rel}","templated":true}]}}