{"id":8291,"date":"2019-02-04T17:09:26","date_gmt":"2019-02-04T16:09:26","guid":{"rendered":"http:\/\/www.vfl-westercelle.de\/fb\/?p=8291"},"modified":"2019-02-12T07:37:16","modified_gmt":"2019-02-12T06:37:16","slug":"u15-und-u17-futsal-kreismeister","status":"publish","type":"post","link":"https:\/\/www.vfl-westercelle.de\/fb\/u15-und-u17-futsal-kreismeister\/","title":{"rendered":"U15 und U17 Futsal-Kreismeister"},"content":{"rendered":"<p>Am Wochenende fanden die ersten Futsal-Kreismeisterschaften statt. Die U15 konnte sich am Samstag gegen die Konkurrenz durchsetzen und errang in der Lachendorfer Sporthalle den Kreismeister-Titel! Nach f\u00fcnf Spielen standen drei Siege und zwei Unentschieden zu Buche, was in der Endabrechnung zwei Punkte mehr ausmachte, als die Teams aus Hermannsburg und von der JSG S\u00fcdheide erringen konnten.<\/p>\n<p>F\u00fcr die U17 ging es am Sonntag in Hermannsburg denkbar knapp zu. Punktgleich mit MTV Eintracht Celle entschied das bessere Torverh\u00e4ltnis zugunsten der VfLer. Da das direkte Duell 0:0 endete, waren zwei mehr geschossene Tore und eine sichere Abwehr, die nur einen Gegentreffer zulie\u00df, ausschlaggebend f\u00fcr den Titelgewinn.<\/p>\n<p>Am n\u00e4chsten Wochenende geht es f\u00fcr beide Kreismeister bei den Bezirksmeisterschaften weiter. Am Sonntag steigt f\u00fcr die U15 die n\u00e4chste Runde in Neuenwalde im Kreis Cuxhaven, w\u00e4hrend die U17 in Dannenberg um den Titel des Bezirksmeisters k\u00e4mpft.<\/p>\n","protected":false},"excerpt":{"rendered":"<p>Am Wochenende fanden die ersten Futsal-Kreismeisterschaften statt. Die U15 konnte sich am Samstag gegen die Konkurrenz durchsetzen und errang in der Lachendorfer Sporthalle den Kreismeister-Titel! Nach f\u00fcnf Spielen standen drei Siege und zwei Unentschieden zu Buche, was in der Endabrechnung zwei Punkte mehr ausmachte, als die Teams aus Hermannsburg und von der JSG S\u00fcdheide erringen <a class=\"read-more-link\" href=\"https:\/\/www.vfl-westercelle.de\/fb\/u15-und-u17-futsal-kreismeister\/\">[&#8230; weiterlesen]<\/a><\/p>\n","protected":false},"author":9,"featured_media":8292,"comment_status":"closed","ping_status":"closed","sticky":false,"template":"","format":"standard","meta":{"footnotes":""},"categories":[17],"tags":[],"class_list":["post-8291","post","type-post","status-publish","format-standard","has-post-thumbnail","hentry","category-fussball"],"_links":{"self":[{"href":"https:\/\/www.vfl-westercelle.de\/fb\/wp-json\/wp\/v2\/posts\/8291","targetHints":{"allow":["GET"]}}],"collection":[{"href":"https:\/\/www.vfl-westercelle.de\/fb\/wp-json\/wp\/v2\/posts"}],"about":[{"href":"https:\/\/www.vfl-westercelle.de\/fb\/wp-json\/wp\/v2\/types\/post"}],"author":[{"embeddable":true,"href":"https:\/\/www.vfl-westercelle.de\/fb\/wp-json\/wp\/v2\/users\/9"}],"replies":[{"embeddable":true,"href":"https:\/\/www.vfl-westercelle.de\/fb\/wp-json\/wp\/v2\/comments?post=8291"}],"version-history":[{"count":2,"href":"https:\/\/www.vfl-westercelle.de\/fb\/wp-json\/wp\/v2\/posts\/8291\/revisions"}],"predecessor-version":[{"id":8309,"href":"https:\/\/www.vfl-westercelle.de\/fb\/wp-json\/wp\/v2\/posts\/8291\/revisions\/8309"}],"wp:featuredmedia":[{"embeddable":true,"href":"https:\/\/www.vfl-westercelle.de\/fb\/wp-json\/wp\/v2\/media\/8292"}],"wp:attachment":[{"href":"https:\/\/www.vfl-westercelle.de\/fb\/wp-json\/wp\/v2\/media?parent=8291"}],"wp:term":[{"taxonomy":"category","embeddable":true,"href":"https:\/\/www.vfl-westercelle.de\/fb\/wp-json\/wp\/v2\/categories?post=8291"},{"taxonomy":"post_tag","embeddable":true,"href":"https:\/\/www.vfl-westercelle.de\/fb\/wp-json\/wp\/v2\/tags?post=8291"}],"curies":[{"name":"wp","href":"https:\/\/api.w.org\/{rel}","templated":true}]}}