{"id":8298,"date":"2019-02-04T21:37:55","date_gmt":"2019-02-04T20:37:55","guid":{"rendered":"http:\/\/www.vfl-westercelle.de\/fb\/?p=8298"},"modified":"2019-02-14T12:13:55","modified_gmt":"2019-02-14T11:13:55","slug":"1-vflfussball-stammtisch","status":"publish","type":"post","link":"https:\/\/www.vfl-westercelle.de\/fb\/1-vflfussball-stammtisch\/","title":{"rendered":"1. vflfussball-Stammtisch"},"content":{"rendered":"<p>Wir m\u00f6chten alle Westerceller Fu\u00dfballer und ihre Unterst\u00fctzer herzlich zum 1. vflfussball-Stammtisch einladen!<\/p>\n<p><img loading=\"lazy\" decoding=\"async\" class=\"alignnone size-medium wp-image-8211\" src=\"http:\/\/www.vfl-westercelle.de\/fb\/wp-content\/uploads\/sites\/3\/2019\/01\/IMG-20190128-WA0009-217x300.jpg\" alt=\"\" width=\"217\" height=\"300\" srcset=\"https:\/\/www.vfl-westercelle.de\/fb\/wp-content\/uploads\/sites\/3\/2019\/01\/IMG-20190128-WA0009-217x300.jpg 217w, https:\/\/www.vfl-westercelle.de\/fb\/wp-content\/uploads\/sites\/3\/2019\/01\/IMG-20190128-WA0009-510x705.jpg 510w, https:\/\/www.vfl-westercelle.de\/fb\/wp-content\/uploads\/sites\/3\/2019\/01\/IMG-20190128-WA0009-450x622.jpg 450w, https:\/\/www.vfl-westercelle.de\/fb\/wp-content\/uploads\/sites\/3\/2019\/01\/IMG-20190128-WA0009-93x128.jpg 93w, https:\/\/www.vfl-westercelle.de\/fb\/wp-content\/uploads\/sites\/3\/2019\/01\/IMG-20190128-WA0009-23x32.jpg 23w, https:\/\/www.vfl-westercelle.de\/fb\/wp-content\/uploads\/sites\/3\/2019\/01\/IMG-20190128-WA0009.jpg 684w\" sizes=\"auto, (max-width: 217px) 100vw, 217px\" \/><\/p>\n<p>Am Mittwoch, den 13. Februar, trifft sich um 19:30 Uhr der Stammtisch im Sportheim Westercelle, um sich \u00fcber verschiedene Themen rund um den Fu\u00dfball und den VfL auszutauschen und zu fachsimpeln. F\u00fcr die Premiere stehen die Marke vflfussball sowie das Champions League Achtelfinale Tottenham &#8211; Dortmund auf dem Programm.<\/p>\n<p>Nat\u00fcrlich wird daneben auch Zeit sein, um im kleinen und gro\u00dfen Kreis \u00fcber viele weitere Punkte des Vereinslebens zu diskutieren, zu philosophieren, zu tr\u00e4umen oder um sich zu informieren.<\/p>\n","protected":false},"excerpt":{"rendered":"<p>Wir m\u00f6chten alle Westerceller Fu\u00dfballer und ihre Unterst\u00fctzer herzlich zum 1. vflfussball-Stammtisch einladen! Am Mittwoch, den 13. Februar, trifft sich um 19:30 Uhr der Stammtisch im Sportheim Westercelle, um sich \u00fcber verschiedene Themen rund um den Fu\u00dfball und den VfL auszutauschen und zu fachsimpeln. F\u00fcr die Premiere stehen die Marke vflfussball sowie das Champions League <a class=\"read-more-link\" href=\"https:\/\/www.vfl-westercelle.de\/fb\/1-vflfussball-stammtisch\/\">[&#8230; weiterlesen]<\/a><\/p>\n","protected":false},"author":9,"featured_media":1511,"comment_status":"closed","ping_status":"closed","sticky":false,"template":"","format":"standard","meta":{"footnotes":""},"categories":[17],"tags":[317],"class_list":["post-8298","post","type-post","status-publish","format-standard","has-post-thumbnail","hentry","category-fussball","tag-stammtisch"],"_links":{"self":[{"href":"https:\/\/www.vfl-westercelle.de\/fb\/wp-json\/wp\/v2\/posts\/8298","targetHints":{"allow":["GET"]}}],"collection":[{"href":"https:\/\/www.vfl-westercelle.de\/fb\/wp-json\/wp\/v2\/posts"}],"about":[{"href":"https:\/\/www.vfl-westercelle.de\/fb\/wp-json\/wp\/v2\/types\/post"}],"author":[{"embeddable":true,"href":"https:\/\/www.vfl-westercelle.de\/fb\/wp-json\/wp\/v2\/users\/9"}],"replies":[{"embeddable":true,"href":"https:\/\/www.vfl-westercelle.de\/fb\/wp-json\/wp\/v2\/comments?post=8298"}],"version-history":[{"count":2,"href":"https:\/\/www.vfl-westercelle.de\/fb\/wp-json\/wp\/v2\/posts\/8298\/revisions"}],"predecessor-version":[{"id":8303,"href":"https:\/\/www.vfl-westercelle.de\/fb\/wp-json\/wp\/v2\/posts\/8298\/revisions\/8303"}],"wp:featuredmedia":[{"embeddable":true,"href":"https:\/\/www.vfl-westercelle.de\/fb\/wp-json\/wp\/v2\/media\/1511"}],"wp:attachment":[{"href":"https:\/\/www.vfl-westercelle.de\/fb\/wp-json\/wp\/v2\/media?parent=8298"}],"wp:term":[{"taxonomy":"category","embeddable":true,"href":"https:\/\/www.vfl-westercelle.de\/fb\/wp-json\/wp\/v2\/categories?post=8298"},{"taxonomy":"post_tag","embeddable":true,"href":"https:\/\/www.vfl-westercelle.de\/fb\/wp-json\/wp\/v2\/tags?post=8298"}],"curies":[{"name":"wp","href":"https:\/\/api.w.org\/{rel}","templated":true}]}}