{"id":8325,"date":"2019-02-09T12:31:19","date_gmt":"2019-02-09T11:31:19","guid":{"rendered":"http:\/\/www.vfl-westercelle.de\/fb\/?p=8325"},"modified":"2019-03-16T11:31:56","modified_gmt":"2019-03-16T10:31:56","slug":"trainer-des-jahres-2018","status":"publish","type":"post","link":"https:\/\/www.vfl-westercelle.de\/fb\/trainer-des-jahres-2018\/","title":{"rendered":"Wahl zum Trainer des Jahres 2018"},"content":{"rendered":"<p>Der Celler Kurier richtet wieder die Wahl zum Trainer des Jahres 2018 aus. Mit dabei sind Trainer zweier VfL-Teams!<\/p>\n<p>Zur Wahl stehen die Trainer unserer 1. Herren Heiko Vollmer und Axel G\u00fcllert. Zur Halbzeit liegen die beiden mit ihrer jungen Mannschaft auf Rang 2 der Bezirksliga. Der Abstand zum Tabellenf\u00fchrer aus Elstorf betr\u00e4gt nur ein P\u00fcnktchen. Die R\u00fcckrunde verspricht also viel Spannung!<\/p>\n<p>Zweiter Kandidat ist der Trainer unserer U9 Michael Moraitis. Der ehemalige Torwart der 1. Herren steht mit seiner Mannschaft ebenfalls auf Platz 2 der Tabelle. Mit 18 Punkten aus sieben Spielen hat das Team ebenso viele Punkte wie der Erst- und Drittplatzierte der Kreisliga gesammelt. In der Halle ist ihnen zwei Spieltage vor Schluss die Qualifikation f\u00fcr die Endrunde kaum noch zu nehmen.<\/p>\n<p>Die Teilnahme-Abschnitte erhaltet ihr beim Celler Kurier. Abstimmen k\u00f6nnt ihr bis zum 15. M\u00e4rz.<\/p>\n","protected":false},"excerpt":{"rendered":"<p>Der Celler Kurier richtet wieder die Wahl zum Trainer des Jahres 2018 aus. Mit dabei sind Trainer zweier VfL-Teams! Zur Wahl stehen die Trainer unserer 1. Herren Heiko Vollmer und Axel G\u00fcllert. Zur Halbzeit liegen die beiden mit ihrer jungen Mannschaft auf Rang 2 der Bezirksliga. Der Abstand zum Tabellenf\u00fchrer aus Elstorf betr\u00e4gt nur ein <a class=\"read-more-link\" href=\"https:\/\/www.vfl-westercelle.de\/fb\/trainer-des-jahres-2018\/\">[&#8230; weiterlesen]<\/a><\/p>\n","protected":false},"author":9,"featured_media":8326,"comment_status":"closed","ping_status":"closed","sticky":false,"template":"","format":"standard","meta":{"footnotes":""},"categories":[17],"tags":[],"class_list":["post-8325","post","type-post","status-publish","format-standard","has-post-thumbnail","hentry","category-fussball"],"_links":{"self":[{"href":"https:\/\/www.vfl-westercelle.de\/fb\/wp-json\/wp\/v2\/posts\/8325","targetHints":{"allow":["GET"]}}],"collection":[{"href":"https:\/\/www.vfl-westercelle.de\/fb\/wp-json\/wp\/v2\/posts"}],"about":[{"href":"https:\/\/www.vfl-westercelle.de\/fb\/wp-json\/wp\/v2\/types\/post"}],"author":[{"embeddable":true,"href":"https:\/\/www.vfl-westercelle.de\/fb\/wp-json\/wp\/v2\/users\/9"}],"replies":[{"embeddable":true,"href":"https:\/\/www.vfl-westercelle.de\/fb\/wp-json\/wp\/v2\/comments?post=8325"}],"version-history":[{"count":2,"href":"https:\/\/www.vfl-westercelle.de\/fb\/wp-json\/wp\/v2\/posts\/8325\/revisions"}],"predecessor-version":[{"id":8330,"href":"https:\/\/www.vfl-westercelle.de\/fb\/wp-json\/wp\/v2\/posts\/8325\/revisions\/8330"}],"wp:featuredmedia":[{"embeddable":true,"href":"https:\/\/www.vfl-westercelle.de\/fb\/wp-json\/wp\/v2\/media\/8326"}],"wp:attachment":[{"href":"https:\/\/www.vfl-westercelle.de\/fb\/wp-json\/wp\/v2\/media?parent=8325"}],"wp:term":[{"taxonomy":"category","embeddable":true,"href":"https:\/\/www.vfl-westercelle.de\/fb\/wp-json\/wp\/v2\/categories?post=8325"},{"taxonomy":"post_tag","embeddable":true,"href":"https:\/\/www.vfl-westercelle.de\/fb\/wp-json\/wp\/v2\/tags?post=8325"}],"curies":[{"name":"wp","href":"https:\/\/api.w.org\/{rel}","templated":true}]}}