{"id":8803,"date":"2019-03-19T20:10:54","date_gmt":"2019-03-19T19:10:54","guid":{"rendered":"http:\/\/www.vfl-westercelle.de\/fb\/?p=8803"},"modified":"2021-11-11T07:16:10","modified_gmt":"2021-11-11T06:16:10","slug":"kunstrasenplatz-alle-foerderer-haben-zugesagt","status":"publish","type":"post","link":"https:\/\/www.vfl-westercelle.de\/fb\/kunstrasenplatz-alle-foerderer-haben-zugesagt\/","title":{"rendered":"Kunstrasenplatz: Alle F\u00f6rderer haben zugesagt"},"content":{"rendered":"<p>Noch in diesem Jahr spielen Celles Fu\u00dfballer voraussichtlich erstmals auf einem Kunstrasenplatz im Landkreis: Nachdem der Stadtrat und der Kreistag sowie die Regionalstiftung der nieders\u00e4chsischen Sparkassen bereits ihre F\u00f6rderzusage gegeben hatten, hat nun auch der Landessportbund einen positiven F\u00f6rderbescheid an den VfL Westercelle verschickt. Somit stehen f\u00fcr den Bau von Celles erstem Kunstrasenplatz insgesamt F\u00f6rdermittel von 589.000 Euro zu Verf\u00fcgung. Zudem muss der VfL Westercelle gut 210.0000 Euro aufbringen.<\/p>\n<p><em>\u201eWir haben inzwischen 50.000 Euro gesammelt und sind optimistisch, durch unsere geplanten Aktionen noch weiteres Geld f\u00fcr unser Projekt zu bekommen\u201c<\/em>, sagt der Projektverantwortliche vom VfL Westercelle Hans Weger. Zudem habe die Spartenversammlung im Januar einstimmig f\u00fcr eine Erh\u00f6hung des Spartenbeitrags um drei Euro pro Monat gestimmt. Mit diesem Geld soll ein Kredit finanziert werden.<!--more--><\/p>\n<p>Zuerst einmal sind aber weitere Aktionen geplant. So veranstaltet der VfL Westercelle bis zum Saisonende bei den Heimspielen der 1. und 2. Herren in der Bezirks- beziehungsweise Kreisliga eine Kunstrasen-Tombola. Der Erl\u00f6s geht komplett zugunsten des Projektes \u201eKunstrasen\u201c. <em>\u201eZudem ist es uns gelungen, die Band ,Lady Sunshine &amp; the Candy Kisses\u2018 f\u00fcr ein Konzert im Lindenhof zu engagieren &#8211; darauf sind wir sehr stolz\u201c<\/em>, sagt Weger. Deutschlands f\u00fchrende Schlagerband der F\u00fcnfzigerjahre gibt am 30. April ein etwa zweist\u00fcndiges Konzert im Lindenhof. Es ist eins von nur zwei Konzerten in Celle in diesem Jahr \u00fcberhaupt und der H\u00f6hepunkt einer Veranstaltung des VfL Westercelle im Rahmen des Projekts \u201eKunstrasen\u201c. Das Programm wurde aktualisiert und erneuert, sodass auch langj\u00e4hrige Anh\u00e4nger der Band auf ihre Kosten kommen werden. Die Veranstaltung im Lindenhof beginnt um 19:30 Uhr, Einlass ist ab 18 Uhr. Karten f\u00fcr das Konzert sind ab sofort im Kundencenter der Celleschen Zeitung erh\u00e4ltlich. Der Eintritt betr\u00e4gt im Vorverkauf 15 Euro.<\/p>\n<p>Bereits ab 18 Uhr wird am 30. April auf dem Lindenhof im Rahmen der Kunstrasen-Veranstaltung gefeiert, ab 22 Uhr wird dann im Sportheim in den Mai getanzt. Die Eintrittskarten f\u00fcr dieses Programm kosten 10 Euro und sind im Sportheim erh\u00e4ltlich. Die Konzert-Tickets berechtigen ebenfalls zum Tanz in den Mai im Sportheim Westercelle.<\/p>\n<p>Unter dem Motto \u201eAus virtuell wird real\u201c k\u00f6nnen Unternehmen und Privatpersonen zudem Parzellen auf einem virtuellen Kunstrasenplatz erwerben und so das Projekt unterst\u00fctzen. Eine Parzelle kostet 50 Euro. F\u00fcr 250 Euro, 500 Euro oder 1000 Euro gibt es verschiedene Sponsoren-Pakete, die zus\u00e4tzlich auch eine Plakette am Kunstrasenplatz beinhalten. Alle Informationen dazu gibt es im Internet unter <a href=\"http:\/\/kunstrasen.vflfussball.de\/\" target=\"_blank\" rel=\"noopener noreferrer\">kunstrasen.vflfussball.de<\/a>.<\/p>\n<p><em>\u201eWir sind sehr dankbar f\u00fcr die Unterst\u00fctzung, die wir erhalten\u201c<\/em>, sagt Westercelles Fu\u00dfball-Spartenleiter Christopher Menge, der zum Beispiel die Zusammenarbeit mit der Stadtverwaltung lobt. <em>\u201eBei der Baugenehmigung wurde das Projekt zwar kritisch unter die Lupe genommen, aber die Zusammenarbeit war sehr konstruktiv\u201c<\/em>, so Menge. Inzwischen liegt Baurecht vor. <em>\u201eUnser Architekt bereitet jetzt die Ausschreibungen vor\u201c<\/em>, sagt Menge. <em>\u201eDann kann es hoffentlich bald mit dem Bau losgehen.\u201c<\/em> Schlie\u00dflich sollen im n\u00e4chsten Winter Celles Fu\u00dfballer auch bei schlechtem Wetter spielen und trainieren k\u00f6nnen &#8211; auf dem erstem Kunstrasenplatz im Landkreis Celle.<\/p>\n<p>Spenden f\u00fcr das Projekt Kunstrasenplatz werden nach wie vor gerne entgegen genommen. Unter dem Stichwort &#8222;Kunstrasen&#8220; k\u00f6nnen Spenden auf das VfL-Konto (IBAN: DE07 2575 0001 0000 1507 30) bei der Sparkasse Celle \u00fcberwiesen werden.<\/p>\n<p>Text: Christopher Menge<br \/>\nBild: David Borghoff<\/p>\n","protected":false},"excerpt":{"rendered":"<p>Noch in diesem Jahr spielen Celles Fu\u00dfballer voraussichtlich erstmals auf einem Kunstrasenplatz im Landkreis: Nachdem der Stadtrat und der Kreistag sowie die Regionalstiftung der nieders\u00e4chsischen Sparkassen bereits ihre F\u00f6rderzusage gegeben hatten, hat nun auch der Landessportbund einen positiven F\u00f6rderbescheid an den VfL Westercelle verschickt. Somit stehen f\u00fcr den Bau von Celles erstem Kunstrasenplatz insgesamt F\u00f6rdermittel <a class=\"read-more-link\" href=\"https:\/\/www.vfl-westercelle.de\/fb\/kunstrasenplatz-alle-foerderer-haben-zugesagt\/\">[&#8230; weiterlesen]<\/a><\/p>\n","protected":false},"author":9,"featured_media":6483,"comment_status":"closed","ping_status":"closed","sticky":false,"template":"","format":"standard","meta":{"footnotes":""},"categories":[17],"tags":[460,391,264],"class_list":["post-8803","post","type-post","status-publish","format-standard","has-post-thumbnail","hentry","category-fussball","tag-baumassnahme","tag-foerderverein","tag-kunstrasen"],"_links":{"self":[{"href":"https:\/\/www.vfl-westercelle.de\/fb\/wp-json\/wp\/v2\/posts\/8803","targetHints":{"allow":["GET"]}}],"collection":[{"href":"https:\/\/www.vfl-westercelle.de\/fb\/wp-json\/wp\/v2\/posts"}],"about":[{"href":"https:\/\/www.vfl-westercelle.de\/fb\/wp-json\/wp\/v2\/types\/post"}],"author":[{"embeddable":true,"href":"https:\/\/www.vfl-westercelle.de\/fb\/wp-json\/wp\/v2\/users\/9"}],"replies":[{"embeddable":true,"href":"https:\/\/www.vfl-westercelle.de\/fb\/wp-json\/wp\/v2\/comments?post=8803"}],"version-history":[{"count":5,"href":"https:\/\/www.vfl-westercelle.de\/fb\/wp-json\/wp\/v2\/posts\/8803\/revisions"}],"predecessor-version":[{"id":9986,"href":"https:\/\/www.vfl-westercelle.de\/fb\/wp-json\/wp\/v2\/posts\/8803\/revisions\/9986"}],"wp:featuredmedia":[{"embeddable":true,"href":"https:\/\/www.vfl-westercelle.de\/fb\/wp-json\/wp\/v2\/media\/6483"}],"wp:attachment":[{"href":"https:\/\/www.vfl-westercelle.de\/fb\/wp-json\/wp\/v2\/media?parent=8803"}],"wp:term":[{"taxonomy":"category","embeddable":true,"href":"https:\/\/www.vfl-westercelle.de\/fb\/wp-json\/wp\/v2\/categories?post=8803"},{"taxonomy":"post_tag","embeddable":true,"href":"https:\/\/www.vfl-westercelle.de\/fb\/wp-json\/wp\/v2\/tags?post=8803"}],"curies":[{"name":"wp","href":"https:\/\/api.w.org\/{rel}","templated":true}]}}