{"id":8976,"date":"2019-04-11T17:27:12","date_gmt":"2019-04-11T15:27:12","guid":{"rendered":"http:\/\/www.vfl-westercelle.de\/fb\/?p=8976"},"modified":"2019-04-16T20:37:29","modified_gmt":"2019-04-16T18:37:29","slug":"spitzenspiel-1-herren-reist-nach-elstorf","status":"publish","type":"post","link":"https:\/\/www.vfl-westercelle.de\/fb\/spitzenspiel-1-herren-reist-nach-elstorf\/","title":{"rendered":"Spitzenspiel: 1. Herren reist nach Elstorf"},"content":{"rendered":"<div class=\"news_header\">\n<h4>F\u00e4llt die Vorentscheidung im Titelrennen?<\/h4>\n<\/div>\n<div class=\"text\"><strong>Zwei Mannschaften stechen in dieser Saison in der Bezirksliga 2 heraus, scheinen schier unschlagbar. Am Sonntag kommt es zum Gipfeltreffen zwischen dem TSV Elstorf und dem VfL Westercelle. VfL-Trainer Heiko Vollmer relativiert das Spiel aber.<\/strong><br \/>\nAm Sonntag muss der VfL Westercelle die weiteste Ausw\u00e4rtsreise der Saison antreten. Gute anderthalb Stunden sind die M\u00e4nner von Heiko Vollmer und Axel G\u00fcllert unterwegs. Gleichzeitig d\u00fcrfte es auch das wichtigste Ausw\u00e4rtsspiel der Saison werden, denn der Zweite reist zum Ersten der Tabelle.<\/p>\n<p>Heiko Vollmer ist vor dem Spiel bestens gelaunt: <em>\u201eIch freue mich unheimlich auf das Duell mit Elstorf, genauso wie die Mannschaft und die Fans auch.\u201c<\/em> Denn im Gegensatz zu sonst fahren die VfLer im Bus zum Ausw\u00e4rtsspiel. <em>\u201eEs ist sch\u00f6n, dass eine gro\u00dfe Anzahl an Fans mitkommt und noch sch\u00f6ner, dass der nicht reicht\u201c<\/em>,\u00a0 freut sich Vollmer \u00fcber die Unterst\u00fctzung. Neben einem Reisebus m\u00fcssen aufgrund der hohen Nachfrage auch Kleinbusse eingesetzt werden.<\/p>\n<p>Sportlich soll es f\u00fcr Vollmer vor allem fair zugehen. <em>\u201eBeide spielen eine \u00fcberragende Saison, das Spiel wird hoffentlich fu\u00dfballerisch gut\u201c<\/em>, so der VfL-\u00dcbungsleiter. Das haben beide Mannschaften in der Vorwoche bemerkenswerterweise vermissen lassen. Westercelle m\u00fchte sich zu einem 2:2 gegen Abstiegskandidat Walsrode, Elstorf kassierte bei den Nachbarn aus Borstel sogar eine 1:2-Niederlage.<\/p>\n<p>Trotz aller Euphorie um die Meisterschaft und den dazugeh\u00f6rigen Aufstieg betont Vollmer, dass der Staffelsieger nicht am Sonntag entschieden werde. <em>\u201eEs geht einzig und allein darum eine gute Ausgangsposition f\u00fcr die sieben verbleibenden Spiele zu schaffen\u201c<\/em>, versucht er das Spiel nicht \u00fcber zu bewerten. Die Zuschauer beider Mannschaften freuen sich dennoch auf ein Fu\u00dfballspektakel.<\/p>\n<p>Text: S\u00f6ren Thalau<br \/>\nBild: David Borghoff<\/p>\n<\/div>\n","protected":false},"excerpt":{"rendered":"<p>F\u00e4llt die Vorentscheidung im Titelrennen? Zwei Mannschaften stechen in dieser Saison in der Bezirksliga 2 heraus, scheinen schier unschlagbar. Am Sonntag kommt es zum Gipfeltreffen zwischen dem TSV Elstorf und dem VfL Westercelle. VfL-Trainer Heiko Vollmer relativiert das Spiel aber. Am Sonntag muss der VfL Westercelle die weiteste Ausw\u00e4rtsreise der Saison antreten. Gute anderthalb Stunden <a class=\"read-more-link\" href=\"https:\/\/www.vfl-westercelle.de\/fb\/spitzenspiel-1-herren-reist-nach-elstorf\/\">[&#8230; weiterlesen]<\/a><\/p>\n","protected":false},"author":9,"featured_media":8977,"comment_status":"closed","ping_status":"closed","sticky":false,"template":"","format":"standard","meta":{"footnotes":""},"categories":[17],"tags":[],"class_list":["post-8976","post","type-post","status-publish","format-standard","has-post-thumbnail","hentry","category-fussball"],"_links":{"self":[{"href":"https:\/\/www.vfl-westercelle.de\/fb\/wp-json\/wp\/v2\/posts\/8976","targetHints":{"allow":["GET"]}}],"collection":[{"href":"https:\/\/www.vfl-westercelle.de\/fb\/wp-json\/wp\/v2\/posts"}],"about":[{"href":"https:\/\/www.vfl-westercelle.de\/fb\/wp-json\/wp\/v2\/types\/post"}],"author":[{"embeddable":true,"href":"https:\/\/www.vfl-westercelle.de\/fb\/wp-json\/wp\/v2\/users\/9"}],"replies":[{"embeddable":true,"href":"https:\/\/www.vfl-westercelle.de\/fb\/wp-json\/wp\/v2\/comments?post=8976"}],"version-history":[{"count":2,"href":"https:\/\/www.vfl-westercelle.de\/fb\/wp-json\/wp\/v2\/posts\/8976\/revisions"}],"predecessor-version":[{"id":8979,"href":"https:\/\/www.vfl-westercelle.de\/fb\/wp-json\/wp\/v2\/posts\/8976\/revisions\/8979"}],"wp:featuredmedia":[{"embeddable":true,"href":"https:\/\/www.vfl-westercelle.de\/fb\/wp-json\/wp\/v2\/media\/8977"}],"wp:attachment":[{"href":"https:\/\/www.vfl-westercelle.de\/fb\/wp-json\/wp\/v2\/media?parent=8976"}],"wp:term":[{"taxonomy":"category","embeddable":true,"href":"https:\/\/www.vfl-westercelle.de\/fb\/wp-json\/wp\/v2\/categories?post=8976"},{"taxonomy":"post_tag","embeddable":true,"href":"https:\/\/www.vfl-westercelle.de\/fb\/wp-json\/wp\/v2\/tags?post=8976"}],"curies":[{"name":"wp","href":"https:\/\/api.w.org\/{rel}","templated":true}]}}