{"id":9170,"date":"2019-05-26T21:14:55","date_gmt":"2019-05-26T19:14:55","guid":{"rendered":"http:\/\/www.vfl-westercelle.de\/fb\/?p=9170"},"modified":"2019-06-04T21:00:22","modified_gmt":"2019-06-04T19:00:22","slug":"niedersachsencup-laeutet-den-juni-in-westercelle-ein","status":"publish","type":"post","link":"https:\/\/www.vfl-westercelle.de\/fb\/niedersachsencup-laeutet-den-juni-in-westercelle-ein\/","title":{"rendered":"Niedersachsencup l\u00e4utet den Juni in Westercelle ein"},"content":{"rendered":"\n<p><\/p>\n\n\n\n<p>Auch, wenn\nder Niedersachsencup des VfL Westercelle noch nicht ganz vollj\u00e4hrig ist, hat er\nsich zum gr\u00f6\u00dften Jugendfu\u00dfballturnier der Region entwickelt und macht mit 64\nMannschaften aus ganz Niedersachsen seinem Namen auch in der 16. Auflage alle\nEhre.<\/p>\n\n\n\n<p>Am Himmelfahrt-Wochenende l\u00e4dt die Fu\u00dfball-Sparte des VfL Westercelle traditionell zum Niedersachsencup ein, welcher in diesem Jahr am 01. und 02. Juni stattfindet. Ab 10 Uhr rollt am Samstag und Sonntag der Ball auf mehreren Spielfeldern, auf denen sich Mannschaften von der U6 bis U13 messen und sportlich miteinander wetteifern werden. <br> Wer wird sich in diesem Jahr zum nieders\u00e4chsischen Meister kr\u00f6nen? Die Nachwuchsmannschaften der Profiteams halten sich dieses Mal zur\u00fcck und \u00fcberlassen somit anderen starken Teams wie dem TSV Havelse, dem SC G\u00f6ttingen 05 oder Arminia Hannover das Feld, welches von unz\u00e4hligen Vereinen des Landkreises Celle komplettiert wird.<\/p>\n\n\n\n<!--more-->\n\n\n\n<div class=\"wp-block-image\"><figure class=\"alignleft\"><img loading=\"lazy\" decoding=\"async\" width=\"728\" height=\"1030\" src=\"http:\/\/www.vfl-westercelle.de\/fb\/wp-content\/uploads\/sites\/3\/2019\/05\/Niedersachsencup-plakat-728x1030.jpg\" alt=\"\" class=\"wp-image-9074\" srcset=\"https:\/\/www.vfl-westercelle.de\/fb\/wp-content\/uploads\/sites\/3\/2019\/05\/Niedersachsencup-plakat-728x1030.jpg 728w, https:\/\/www.vfl-westercelle.de\/fb\/wp-content\/uploads\/sites\/3\/2019\/05\/Niedersachsencup-plakat-212x300.jpg 212w, https:\/\/www.vfl-westercelle.de\/fb\/wp-content\/uploads\/sites\/3\/2019\/05\/Niedersachsencup-plakat-768x1086.jpg 768w, https:\/\/www.vfl-westercelle.de\/fb\/wp-content\/uploads\/sites\/3\/2019\/05\/Niedersachsencup-plakat-1061x1500.jpg 1061w, https:\/\/www.vfl-westercelle.de\/fb\/wp-content\/uploads\/sites\/3\/2019\/05\/Niedersachsencup-plakat-499x705.jpg 499w, https:\/\/www.vfl-westercelle.de\/fb\/wp-content\/uploads\/sites\/3\/2019\/05\/Niedersachsencup-plakat-450x636.jpg 450w, https:\/\/www.vfl-westercelle.de\/fb\/wp-content\/uploads\/sites\/3\/2019\/05\/Niedersachsencup-plakat-91x128.jpg 91w, https:\/\/www.vfl-westercelle.de\/fb\/wp-content\/uploads\/sites\/3\/2019\/05\/Niedersachsencup-plakat-23x32.jpg 23w, https:\/\/www.vfl-westercelle.de\/fb\/wp-content\/uploads\/sites\/3\/2019\/05\/Niedersachsencup-plakat.jpg 1754w\" sizes=\"auto, (max-width: 728px) 100vw, 728px\" \/><\/figure><\/div>\n\n\n\n<p>Organisatorisch\nhaben die Schwarz-Gelben, angeleitet durch das inzwischen eingespielte Team Sebastian\nPaschke und Ren\u00e9 de Waardt, wieder alles darangesetzt, ein attraktives Turnier\nsamt unterhaltsamen Rahmenprogramm auf die Beine zu stellen. Einige\nAttraktionen wie etwa die meterhohe Scheibe beim Fu\u00dfball-Dart haben sich im\nletzten Jahr bew\u00e4hrt und sollen erneut f\u00fcr Spa\u00df und sportlichen Ehrgeiz sorgen,\nw\u00e4hrend bereits etablierte Angebote ausgebaut werden: Die Tombola gl\u00e4nzt in\ndiesem Jahr dank des Einsatzes von Birte Wei\u00df und Burkhard Persuhn mit\nbesonderen Preisen und macht somit Lust auf Gewinne. F\u00fcr die Fernseher, Trikots\nund Grillger\u00e4te braucht es Losgl\u00fcck, f\u00fcr die Pokale und Medaillen auf den\nSpielfeldern hingegen mannschaftliche Geschlossenheit und Spielfreude. <br>\nBeim Niedersachsencup an der Wilhelm-Hasselmann-Stra\u00dfe stehen diese Tugenden\nbekanntlich an erster Stelle.<\/p>\n\n\n\n<p>Parallel zum\nTurnier steht f\u00fcr einige schwarz-gelbe Mannschaften das Wochenende der Wahrheit\nan; der A-Platz wird somit zum Schauplatz zweier richtungsweisender Partien: Am\nSamstag empf\u00e4ngt die U17 um 14 Uhr den TuS BW Lohne in der Niedersachsenliga,\num sich den Klassenerhalt zu sichern, ehe die Erste Herren im nachfolgenden\nSpiel um 16 Uhr den Aufstieg in die Landesliga gegen die SG Nordheide perfekt\nmachen m\u00f6chte. <\/p>\n","protected":false},"excerpt":{"rendered":"<p>Auch, wenn der Niedersachsencup des VfL Westercelle noch nicht ganz vollj\u00e4hrig ist, hat er sich zum gr\u00f6\u00dften Jugendfu\u00dfballturnier der Region entwickelt und macht mit 64 Mannschaften aus ganz Niedersachsen seinem Namen auch in der 16. Auflage alle Ehre. Am Himmelfahrt-Wochenende l\u00e4dt die Fu\u00dfball-Sparte des VfL Westercelle traditionell zum Niedersachsencup ein, welcher in diesem Jahr am <a class=\"read-more-link\" href=\"https:\/\/www.vfl-westercelle.de\/fb\/niedersachsencup-laeutet-den-juni-in-westercelle-ein\/\">[&#8230; weiterlesen]<\/a><\/p>\n","protected":false},"author":9,"featured_media":3925,"comment_status":"closed","ping_status":"closed","sticky":false,"template":"","format":"standard","meta":{"footnotes":""},"categories":[17],"tags":[185],"class_list":["post-9170","post","type-post","status-publish","format-standard","has-post-thumbnail","hentry","category-fussball","tag-niedersachsencup"],"_links":{"self":[{"href":"https:\/\/www.vfl-westercelle.de\/fb\/wp-json\/wp\/v2\/posts\/9170","targetHints":{"allow":["GET"]}}],"collection":[{"href":"https:\/\/www.vfl-westercelle.de\/fb\/wp-json\/wp\/v2\/posts"}],"about":[{"href":"https:\/\/www.vfl-westercelle.de\/fb\/wp-json\/wp\/v2\/types\/post"}],"author":[{"embeddable":true,"href":"https:\/\/www.vfl-westercelle.de\/fb\/wp-json\/wp\/v2\/users\/9"}],"replies":[{"embeddable":true,"href":"https:\/\/www.vfl-westercelle.de\/fb\/wp-json\/wp\/v2\/comments?post=9170"}],"version-history":[{"count":3,"href":"https:\/\/www.vfl-westercelle.de\/fb\/wp-json\/wp\/v2\/posts\/9170\/revisions"}],"predecessor-version":[{"id":9228,"href":"https:\/\/www.vfl-westercelle.de\/fb\/wp-json\/wp\/v2\/posts\/9170\/revisions\/9228"}],"wp:featuredmedia":[{"embeddable":true,"href":"https:\/\/www.vfl-westercelle.de\/fb\/wp-json\/wp\/v2\/media\/3925"}],"wp:attachment":[{"href":"https:\/\/www.vfl-westercelle.de\/fb\/wp-json\/wp\/v2\/media?parent=9170"}],"wp:term":[{"taxonomy":"category","embeddable":true,"href":"https:\/\/www.vfl-westercelle.de\/fb\/wp-json\/wp\/v2\/categories?post=9170"},{"taxonomy":"post_tag","embeddable":true,"href":"https:\/\/www.vfl-westercelle.de\/fb\/wp-json\/wp\/v2\/tags?post=9170"}],"curies":[{"name":"wp","href":"https:\/\/api.w.org\/{rel}","templated":true}]}}