{"id":549,"date":"2021-06-13T10:47:43","date_gmt":"2021-06-13T08:47:43","guid":{"rendered":"https:\/\/www.vfl-westercelle.de\/handb\/?p=549"},"modified":"2021-09-02T18:17:37","modified_gmt":"2021-09-02T16:17:37","slug":"die-e-jugend-startet-in-die-saisonvorbereitung","status":"publish","type":"post","link":"https:\/\/www.vfl-westercelle.de\/handb\/die-e-jugend-startet-in-die-saisonvorbereitung\/","title":{"rendered":"Die E-Jugend startet in die Saisonvorbereitung !"},"content":{"rendered":"\n<p>Die neue gemischte E-Jugend des VfL Westercelles hat, nach der Corona Pause, seit Anfang Mai wieder mit dem Training begonnen. Das erste Training fand noch mit der alten Besetzung der Mannschaft f\u00fcr die Saison 2020\/2021, die leider kein einziges Punktspiel in der letzten Saison bestreiten konnte, statt. Das Training fand bei gutem Wetter Anfang Mai erstmal auf dem Hartplatz beim Sportgel\u00e4nde des SZ Burgstra\u00dfe statt. Die Bedingungen zum Trainieren sind dort bei gutem Wetter optimal und es hat allen Kindern auch wieder viel Spa\u00df gemacht. Bis auf einen Spieler sind auch alle dem Handball treu geblieben, was mich sehr gefreut hat.<br>In der Corona Pause hat die Mannschaft an der Hanniball-Challenge des DHB teilgenommen. Dort wurden innerhalb von vier Wochen verschiedenste \u00dcbungen per Email verteilt und die Kinder mussten zu Hause die \u00dcbungen in bestimmten Zeiten ausf\u00fchren. Die Ergebnisse wurden schlie\u00dflich ausgewertet. Daran nahmen Deutschlandweit 1700 Mannschaften und \u00fcber 11500 Kinder teil.<br>Nach der ersten Trainingseinheit mussten die Jungs des \u00e4lteren Jahrganges die E-Jugend leider verlassen und in der neuen Saison werden sie in der D-Jugend spielen. Ich hoffe aber, dass die Mannschaft in der \u00fcbern\u00e4chsten Saison mal eine Punktspielrunde zusammen spielen kann. Ich w\u00fcnsche Flori, Luca, Maxi und Noah viel Spa\u00df und Erfolg in der kommenden Saison in der m\u00e4nnlichen<br>D-Jugend.<br>Zum Gl\u00fcck haben wir f\u00fcr die neue Saison wieder Verst\u00e4rkung von den Minis bekommen. Zur Verst\u00e4rkung kamen diesmal auch 3 M\u00e4dchen mit in die Mannschaft, so dass wir in der n\u00e4chsten Saison als gemischte E-Jugend in die Saison gehen k\u00f6nnen. Aus den Minis kamen Merle, Fredericke, Martha, Mats und Bennet dazu. Erfreulicherweise hat Mats W\u00f6hler gleich noch seinen Vater Benny mitgebracht, der mich beim Training jetzt immer tatkr\u00e4ftig unterst\u00fctzt. Nach den ersten 4 Trainingseinheiten auf dem Sportgel\u00e4nde am Schulzentrum Burgstra\u00dfe k\u00f6nnen wir seit Anfang Juni nun wieder in gewohnter Umgebung in der Nadelberghalle in Westercelle trainieren.<br>Die Mannschaft und der Trainer w\u00fcrden sich jederzeit \u00fcber weitere interessierte Kinder zwischen 8 und 10 Jahren freuen, die Lust haben mit uns das Handball spielen zu erlernen. Wir trainieren immer Donnerstags zwischen 17:30 und 19:00 Uhr in der Nadelberghalle in Westercelle und hoffen das es in der kommenden Saison, die mit den ersten Punktspielen am 2.\/3.10.2021 beginnt, keine Corona bedingte Unterbrechung gibt.<br>Bis zum ersten Punktspiel werden wir noch einige Freundschaftsspiele und viele sch\u00f6ne Trainingseinheiten absolvieren. Interessierte Kinder k\u00f6nnen sich jederzeit auch bei mir telefonischmelden. Ulf Rauterberg (0151\/40662845).<\/p>\n","protected":false},"excerpt":{"rendered":"<p>Die neue gemischte E-Jugend des VfL Westercelles hat, nach der Corona Pause, seit Anfang Mai wieder mit dem Training begonnen. Das erste Training fand noch mit der alten Besetzung der Mannschaft f\u00fcr die Saison 2020\/2021, die leider kein einziges Punktspiel in der letzten Saison bestreiten konnte, statt. Das Training fand bei gutem Wetter Anfang Mai <a class=\"read-more-link\" href=\"https:\/\/www.vfl-westercelle.de\/handb\/die-e-jugend-startet-in-die-saisonvorbereitung\/\">[&#8230; weiterlesen]<\/a><\/p>\n","protected":false},"author":31,"featured_media":554,"comment_status":"closed","ping_status":"closed","sticky":false,"template":"","format":"standard","meta":{"footnotes":""},"categories":[1],"tags":[],"class_list":["post-549","post","type-post","status-publish","format-standard","has-post-thumbnail","hentry","category-handball"],"_links":{"self":[{"href":"https:\/\/www.vfl-westercelle.de\/handb\/wp-json\/wp\/v2\/posts\/549","targetHints":{"allow":["GET"]}}],"collection":[{"href":"https:\/\/www.vfl-westercelle.de\/handb\/wp-json\/wp\/v2\/posts"}],"about":[{"href":"https:\/\/www.vfl-westercelle.de\/handb\/wp-json\/wp\/v2\/types\/post"}],"author":[{"embeddable":true,"href":"https:\/\/www.vfl-westercelle.de\/handb\/wp-json\/wp\/v2\/users\/31"}],"replies":[{"embeddable":true,"href":"https:\/\/www.vfl-westercelle.de\/handb\/wp-json\/wp\/v2\/comments?post=549"}],"version-history":[{"count":4,"href":"https:\/\/www.vfl-westercelle.de\/handb\/wp-json\/wp\/v2\/posts\/549\/revisions"}],"predecessor-version":[{"id":628,"href":"https:\/\/www.vfl-westercelle.de\/handb\/wp-json\/wp\/v2\/posts\/549\/revisions\/628"}],"wp:featuredmedia":[{"embeddable":true,"href":"https:\/\/www.vfl-westercelle.de\/handb\/wp-json\/wp\/v2\/media\/554"}],"wp:attachment":[{"href":"https:\/\/www.vfl-westercelle.de\/handb\/wp-json\/wp\/v2\/media?parent=549"}],"wp:term":[{"taxonomy":"category","embeddable":true,"href":"https:\/\/www.vfl-westercelle.de\/handb\/wp-json\/wp\/v2\/categories?post=549"},{"taxonomy":"post_tag","embeddable":true,"href":"https:\/\/www.vfl-westercelle.de\/handb\/wp-json\/wp\/v2\/tags?post=549"}],"curies":[{"name":"wp","href":"https:\/\/api.w.org\/{rel}","templated":true}]}}