{"id":572,"date":"2021-07-23T18:08:29","date_gmt":"2021-07-23T16:08:29","guid":{"rendered":"https:\/\/www.vfl-westercelle.de\/handb\/?p=572"},"modified":"2021-09-02T18:13:13","modified_gmt":"2021-09-02T16:13:13","slug":"erste-hilfe-sport-fuer-jungendtrainer-und-interessierte","status":"publish","type":"post","link":"https:\/\/www.vfl-westercelle.de\/handb\/erste-hilfe-sport-fuer-jungendtrainer-und-interessierte\/","title":{"rendered":"Erste-Hilfe-&#8222;Sport&#8220; f\u00fcr Jungendtrainer und Interessierte"},"content":{"rendered":"\n<p>Eine Trainingseinheit der anderen Art bot der VfL Westercelle seinen Betreuern und Trainern am vergangenen Montag.<br>So konnte Sebastian Drews von <strong> <\/strong>Fire BeCondA, dank der Unterst\u00fctzung des F\u00f6rdervereins VfL-Handball, engagiert werden.<br>Alle Teilnehmer wurden in einen sehr interessanten und kurzweiligen Erste Hilfe Kurs mit Schwerpunkt Sport-, bzw. handballtypische Verletzungen eingebunden.<br>Der Spartenleitung ist es schon seit Langem ein Anliegen, besonders den Jugendtrainern mehr Sicherheit in der Erstversorgung zu vermitteln, um so im Falle eines Falles richtig reagieren zu k\u00f6nnen. Wie Sportwart Karl-Peter Kr\u00fcger einleitend erw\u00e4hnte, seien die Zeiten der obligatorischen Dose Eisspray vorbei, deswegen werden nach der Schulung die Mannschaften f\u00fcr die kommende Saison mit einem Erste-Hilfe Koffer ausgestattet werden.&nbsp;<\/p>\n\n\n\n<p>Nun sind alle Teilnehmer auf das Schlimmste vorbereitet, aber hoffentlich m\u00fcssen wir das Wissen nicht einsetzen.&nbsp;&nbsp;Toi, toi, toi.&nbsp;<\/p>\n\n\n\n<p>Wir bedanken uns bei Sebastian Drews f\u00fcr einen tollen Erste Hilfe Kurs, Angelique Dorau f\u00fcr die Vermittlung und dem F\u00f6rderverein Vfl Westercelle Handball f\u00fcr die Finanzierung.<\/p>\n\n\n\n<figure class=\"wp-block-image size-large\"><img loading=\"lazy\" decoding=\"async\" width=\"1030\" height=\"687\" src=\"https:\/\/www.vfl-westercelle.de\/handb\/wp-content\/uploads\/sites\/22\/2021\/07\/IMG_6272-1030x687.jpg\" alt=\"\" class=\"wp-image-574\" srcset=\"https:\/\/www.vfl-westercelle.de\/handb\/wp-content\/uploads\/sites\/22\/2021\/07\/IMG_6272-1030x687.jpg 1030w, https:\/\/www.vfl-westercelle.de\/handb\/wp-content\/uploads\/sites\/22\/2021\/07\/IMG_6272-300x200.jpg 300w, https:\/\/www.vfl-westercelle.de\/handb\/wp-content\/uploads\/sites\/22\/2021\/07\/IMG_6272-768x512.jpg 768w, https:\/\/www.vfl-westercelle.de\/handb\/wp-content\/uploads\/sites\/22\/2021\/07\/IMG_6272-1536x1024.jpg 1536w, https:\/\/www.vfl-westercelle.de\/handb\/wp-content\/uploads\/sites\/22\/2021\/07\/IMG_6272-2048x1365.jpg 2048w, https:\/\/www.vfl-westercelle.de\/handb\/wp-content\/uploads\/sites\/22\/2021\/07\/IMG_6272-1500x1000.jpg 1500w, https:\/\/www.vfl-westercelle.de\/handb\/wp-content\/uploads\/sites\/22\/2021\/07\/IMG_6272-705x470.jpg 705w\" sizes=\"auto, (max-width: 1030px) 100vw, 1030px\" \/><figcaption>Sebastian Drews <\/figcaption><\/figure>\n","protected":false},"excerpt":{"rendered":"<p>Eine Trainingseinheit der anderen Art bot der VfL Westercelle seinen Betreuern und Trainern am vergangenen Montag.So konnte Sebastian Drews von Fire BeCondA, dank der Unterst\u00fctzung des F\u00f6rdervereins VfL-Handball, engagiert werden.Alle Teilnehmer wurden in einen sehr interessanten und kurzweiligen Erste Hilfe Kurs mit Schwerpunkt Sport-, bzw. handballtypische Verletzungen eingebunden.Der Spartenleitung ist es schon seit Langem ein <a class=\"read-more-link\" href=\"https:\/\/www.vfl-westercelle.de\/handb\/erste-hilfe-sport-fuer-jungendtrainer-und-interessierte\/\">[&#8230; weiterlesen]<\/a><\/p>\n","protected":false},"author":31,"featured_media":575,"comment_status":"closed","ping_status":"closed","sticky":false,"template":"","format":"standard","meta":{"footnotes":""},"categories":[1],"tags":[],"class_list":["post-572","post","type-post","status-publish","format-standard","has-post-thumbnail","hentry","category-handball"],"_links":{"self":[{"href":"https:\/\/www.vfl-westercelle.de\/handb\/wp-json\/wp\/v2\/posts\/572","targetHints":{"allow":["GET"]}}],"collection":[{"href":"https:\/\/www.vfl-westercelle.de\/handb\/wp-json\/wp\/v2\/posts"}],"about":[{"href":"https:\/\/www.vfl-westercelle.de\/handb\/wp-json\/wp\/v2\/types\/post"}],"author":[{"embeddable":true,"href":"https:\/\/www.vfl-westercelle.de\/handb\/wp-json\/wp\/v2\/users\/31"}],"replies":[{"embeddable":true,"href":"https:\/\/www.vfl-westercelle.de\/handb\/wp-json\/wp\/v2\/comments?post=572"}],"version-history":[{"count":3,"href":"https:\/\/www.vfl-westercelle.de\/handb\/wp-json\/wp\/v2\/posts\/572\/revisions"}],"predecessor-version":[{"id":625,"href":"https:\/\/www.vfl-westercelle.de\/handb\/wp-json\/wp\/v2\/posts\/572\/revisions\/625"}],"wp:featuredmedia":[{"embeddable":true,"href":"https:\/\/www.vfl-westercelle.de\/handb\/wp-json\/wp\/v2\/media\/575"}],"wp:attachment":[{"href":"https:\/\/www.vfl-westercelle.de\/handb\/wp-json\/wp\/v2\/media?parent=572"}],"wp:term":[{"taxonomy":"category","embeddable":true,"href":"https:\/\/www.vfl-westercelle.de\/handb\/wp-json\/wp\/v2\/categories?post=572"},{"taxonomy":"post_tag","embeddable":true,"href":"https:\/\/www.vfl-westercelle.de\/handb\/wp-json\/wp\/v2\/tags?post=572"}],"curies":[{"name":"wp","href":"https:\/\/api.w.org\/{rel}","templated":true}]}}