{"id":634,"date":"2021-09-06T20:38:43","date_gmt":"2021-09-06T18:38:43","guid":{"rendered":"https:\/\/www.vfl-westercelle.de\/handb\/?p=634"},"modified":"2021-09-06T20:40:55","modified_gmt":"2021-09-06T18:40:55","slug":"die-handballer-des-vfl-westercelle-sind-stolze-partner-der-recken-hannover-burgdorf","status":"publish","type":"post","link":"https:\/\/www.vfl-westercelle.de\/handb\/die-handballer-des-vfl-westercelle-sind-stolze-partner-der-recken-hannover-burgdorf\/","title":{"rendered":"Die Handballer des Vfl Westercelle sind stolze Partner der Recken Hannover-Burgdorf"},"content":{"rendered":"\n<p><\/p>\n\n\n\n<p>F\u00fcr den Vfl Westercelle besteht nun exklusiv die M\u00f6glichkeit, an einem Heimspieltag der Recken als &#8222;Verein des Spieltages&#8220; aufzutreten. Neben Eintrittkarten zum Sonderpreis, der Pr\u00e4sentation<br>des Vereins in der Recken-Hallenzeitung erwartet uns auch ggf. eine pers\u00f6nliche Begr\u00fc\u00dfung durch den Hallensprecher.<\/p>\n\n\n\n<p>Au\u00dferdem erhalten wir nun die M\u00f6glichkeit Eintrittskarten zum Vorzugspreis (- 20%) zu erhalten.<br>Daneben gibt es nat\u00fcrlich noch viele weitere Aktionen, wie z.B. die htp-Einlaufkids, die Spalierkids oder das Spielballkind.<\/p>\n\n\n\n<p>Freuen wir uns auf eine ereignisreiche Zukunft mit den Handballhelden der Region !<\/p>\n","protected":false},"excerpt":{"rendered":"<p>F\u00fcr den Vfl Westercelle besteht nun exklusiv die M\u00f6glichkeit, an einem Heimspieltag der Recken als &#8222;Verein des Spieltages&#8220; aufzutreten. Neben Eintrittkarten zum Sonderpreis, der Pr\u00e4sentationdes Vereins in der Recken-Hallenzeitung erwartet uns auch ggf. eine pers\u00f6nliche Begr\u00fc\u00dfung durch den Hallensprecher. Au\u00dferdem erhalten wir nun die M\u00f6glichkeit Eintrittskarten zum Vorzugspreis (- 20%) zu erhalten.Daneben gibt es nat\u00fcrlich <a class=\"read-more-link\" href=\"https:\/\/www.vfl-westercelle.de\/handb\/die-handballer-des-vfl-westercelle-sind-stolze-partner-der-recken-hannover-burgdorf\/\">[&#8230; weiterlesen]<\/a><\/p>\n","protected":false},"author":31,"featured_media":635,"comment_status":"closed","ping_status":"closed","sticky":false,"template":"","format":"standard","meta":{"footnotes":""},"categories":[1],"tags":[],"class_list":["post-634","post","type-post","status-publish","format-standard","has-post-thumbnail","hentry","category-handball"],"_links":{"self":[{"href":"https:\/\/www.vfl-westercelle.de\/handb\/wp-json\/wp\/v2\/posts\/634","targetHints":{"allow":["GET"]}}],"collection":[{"href":"https:\/\/www.vfl-westercelle.de\/handb\/wp-json\/wp\/v2\/posts"}],"about":[{"href":"https:\/\/www.vfl-westercelle.de\/handb\/wp-json\/wp\/v2\/types\/post"}],"author":[{"embeddable":true,"href":"https:\/\/www.vfl-westercelle.de\/handb\/wp-json\/wp\/v2\/users\/31"}],"replies":[{"embeddable":true,"href":"https:\/\/www.vfl-westercelle.de\/handb\/wp-json\/wp\/v2\/comments?post=634"}],"version-history":[{"count":1,"href":"https:\/\/www.vfl-westercelle.de\/handb\/wp-json\/wp\/v2\/posts\/634\/revisions"}],"predecessor-version":[{"id":636,"href":"https:\/\/www.vfl-westercelle.de\/handb\/wp-json\/wp\/v2\/posts\/634\/revisions\/636"}],"wp:featuredmedia":[{"embeddable":true,"href":"https:\/\/www.vfl-westercelle.de\/handb\/wp-json\/wp\/v2\/media\/635"}],"wp:attachment":[{"href":"https:\/\/www.vfl-westercelle.de\/handb\/wp-json\/wp\/v2\/media?parent=634"}],"wp:term":[{"taxonomy":"category","embeddable":true,"href":"https:\/\/www.vfl-westercelle.de\/handb\/wp-json\/wp\/v2\/categories?post=634"},{"taxonomy":"post_tag","embeddable":true,"href":"https:\/\/www.vfl-westercelle.de\/handb\/wp-json\/wp\/v2\/tags?post=634"}],"curies":[{"name":"wp","href":"https:\/\/api.w.org\/{rel}","templated":true}]}}