{"id":641,"date":"2021-10-04T20:30:41","date_gmt":"2021-10-04T18:30:41","guid":{"rendered":"https:\/\/www.vfl-westercelle.de\/handb\/?p=641"},"modified":"2021-10-04T20:46:47","modified_gmt":"2021-10-04T18:46:47","slug":"75-jahre-hvn-der-vfl-westercelle-und-sv-garssen-sind-dabei","status":"publish","type":"post","link":"https:\/\/www.vfl-westercelle.de\/handb\/75-jahre-hvn-der-vfl-westercelle-und-sv-garssen-sind-dabei\/","title":{"rendered":"75 Jahre HVN &#8211; der Vfl Westercelle und SV Gar\u00dfen sind dabei"},"content":{"rendered":"\n<figure class=\"wp-block-image size-full\"><img loading=\"lazy\" decoding=\"async\" width=\"742\" height=\"1024\" src=\"https:\/\/www.vfl-westercelle.de\/handb\/wp-content\/uploads\/sites\/22\/2021\/10\/IMG-20211003-WA0022.jpg\" alt=\"\" class=\"wp-image-642\" srcset=\"https:\/\/www.vfl-westercelle.de\/handb\/wp-content\/uploads\/sites\/22\/2021\/10\/IMG-20211003-WA0022.jpg 742w, https:\/\/www.vfl-westercelle.de\/handb\/wp-content\/uploads\/sites\/22\/2021\/10\/IMG-20211003-WA0022-217x300.jpg 217w, https:\/\/www.vfl-westercelle.de\/handb\/wp-content\/uploads\/sites\/22\/2021\/10\/IMG-20211003-WA0022-511x705.jpg 511w\" sizes=\"auto, (max-width: 742px) 100vw, 742px\" \/><\/figure>\n\n\n\n<p>Celle &#8211; Rund 70 kinder wollen am Freitag, den 8.10.21 in der L\u00f6nshalle in Celle Ihr Geschick mit Ball unter Beweis stellen.<\/p>\n\n\n\n<p>In der Zeit von 15 &#8211; 18 Uhr k\u00f6nnen sich die Kinder im Rahmen der Jugendkooperation des Vfl Westercelle und des SV Garssen an verschiedenen Stationen mit Geschwindigkeitsmessger\u00e4t, Torwand und Slalom-Parcours ausprobieren und zeigen, wer von ihnen den schnellsten Wurf und den k\u00fchlsten Kopf hat.<\/p>\n\n\n\n<p>Veranstaltet wird diese Aktion von dem Handball Verband Niedersachsen (HVN). Dieser tourt anl\u00e4sslich seines 75-j\u00e4hrigen Bestehen im August 2022 unter dem Motto &#8222;Spiel mit!&#8220; durch ganz Niedersachsen. Ziel der Tour ist es, Kindern an insgesamt 75 verschiendenen Grundschulen, Kindertagest\u00e4tten und Vereinen das Handballspielen n\u00e4her zu bringen und somit &#8222;landesweit die Bewegungsfreude von Kindern sichtbar zu machen&#8220;, erkl\u00e4rt Sarah Borchers, Referentin f\u00fcr Mitgliederentwicklung beim HVN. <\/p>\n","protected":false},"excerpt":{"rendered":"<p>Celle &#8211; Rund 70 kinder wollen am Freitag, den 8.10.21 in der L\u00f6nshalle in Celle Ihr Geschick mit Ball unter Beweis stellen. In der Zeit von 15 &#8211; 18 Uhr k\u00f6nnen sich die Kinder im Rahmen der Jugendkooperation des Vfl Westercelle und des SV Garssen an verschiedenen Stationen mit Geschwindigkeitsmessger\u00e4t, Torwand und Slalom-Parcours ausprobieren und <a class=\"read-more-link\" href=\"https:\/\/www.vfl-westercelle.de\/handb\/75-jahre-hvn-der-vfl-westercelle-und-sv-garssen-sind-dabei\/\">[&#8230; weiterlesen]<\/a><\/p>\n","protected":false},"author":31,"featured_media":0,"comment_status":"closed","ping_status":"closed","sticky":false,"template":"","format":"standard","meta":{"footnotes":""},"categories":[1],"tags":[],"class_list":["post-641","post","type-post","status-publish","format-standard","hentry","category-handball"],"_links":{"self":[{"href":"https:\/\/www.vfl-westercelle.de\/handb\/wp-json\/wp\/v2\/posts\/641","targetHints":{"allow":["GET"]}}],"collection":[{"href":"https:\/\/www.vfl-westercelle.de\/handb\/wp-json\/wp\/v2\/posts"}],"about":[{"href":"https:\/\/www.vfl-westercelle.de\/handb\/wp-json\/wp\/v2\/types\/post"}],"author":[{"embeddable":true,"href":"https:\/\/www.vfl-westercelle.de\/handb\/wp-json\/wp\/v2\/users\/31"}],"replies":[{"embeddable":true,"href":"https:\/\/www.vfl-westercelle.de\/handb\/wp-json\/wp\/v2\/comments?post=641"}],"version-history":[{"count":5,"href":"https:\/\/www.vfl-westercelle.de\/handb\/wp-json\/wp\/v2\/posts\/641\/revisions"}],"predecessor-version":[{"id":650,"href":"https:\/\/www.vfl-westercelle.de\/handb\/wp-json\/wp\/v2\/posts\/641\/revisions\/650"}],"wp:attachment":[{"href":"https:\/\/www.vfl-westercelle.de\/handb\/wp-json\/wp\/v2\/media?parent=641"}],"wp:term":[{"taxonomy":"category","embeddable":true,"href":"https:\/\/www.vfl-westercelle.de\/handb\/wp-json\/wp\/v2\/categories?post=641"},{"taxonomy":"post_tag","embeddable":true,"href":"https:\/\/www.vfl-westercelle.de\/handb\/wp-json\/wp\/v2\/tags?post=641"}],"curies":[{"name":"wp","href":"https:\/\/api.w.org\/{rel}","templated":true}]}}