{"id":675,"date":"2021-11-10T18:13:38","date_gmt":"2021-11-10T17:13:38","guid":{"rendered":"https:\/\/www.vfl-westercelle.de\/handb\/?p=675"},"modified":"2021-11-12T18:41:36","modified_gmt":"2021-11-12T17:41:36","slug":"neue-trainingsanzuege-fuer-die-damen-mannschaft","status":"publish","type":"post","link":"https:\/\/www.vfl-westercelle.de\/handb\/neue-trainingsanzuege-fuer-die-damen-mannschaft\/","title":{"rendered":"Neue Trainingsanz\u00fcge f\u00fcr die Damen Mannschaft"},"content":{"rendered":"\n<figure class=\"wp-block-image size-large\"><img loading=\"lazy\" decoding=\"async\" width=\"734\" height=\"1030\" src=\"https:\/\/www.vfl-westercelle.de\/handb\/wp-content\/uploads\/sites\/22\/2021\/11\/IMG-20211109-WA0001-734x1030.jpg\" alt=\"\" class=\"wp-image-676\" srcset=\"https:\/\/www.vfl-westercelle.de\/handb\/wp-content\/uploads\/sites\/22\/2021\/11\/IMG-20211109-WA0001-734x1030.jpg 734w, https:\/\/www.vfl-westercelle.de\/handb\/wp-content\/uploads\/sites\/22\/2021\/11\/IMG-20211109-WA0001-214x300.jpg 214w, https:\/\/www.vfl-westercelle.de\/handb\/wp-content\/uploads\/sites\/22\/2021\/11\/IMG-20211109-WA0001-768x1077.jpg 768w, https:\/\/www.vfl-westercelle.de\/handb\/wp-content\/uploads\/sites\/22\/2021\/11\/IMG-20211109-WA0001-1095x1536.jpg 1095w, https:\/\/www.vfl-westercelle.de\/handb\/wp-content\/uploads\/sites\/22\/2021\/11\/IMG-20211109-WA0001-1069x1500.jpg 1069w, https:\/\/www.vfl-westercelle.de\/handb\/wp-content\/uploads\/sites\/22\/2021\/11\/IMG-20211109-WA0001-503x705.jpg 503w, https:\/\/www.vfl-westercelle.de\/handb\/wp-content\/uploads\/sites\/22\/2021\/11\/IMG-20211109-WA0001.jpg 1460w\" sizes=\"auto, (max-width: 734px) 100vw, 734px\" \/><figcaption>Die Kapit\u00e4nin \u00fcberreicht ein kleines Geschenk als Dankesch\u00f6n.<\/figcaption><\/figure>\n","protected":false},"excerpt":{"rendered":"","protected":false},"author":31,"featured_media":677,"comment_status":"closed","ping_status":"closed","sticky":false,"template":"","format":"standard","meta":{"footnotes":""},"categories":[1],"tags":[],"class_list":["post-675","post","type-post","status-publish","format-standard","has-post-thumbnail","hentry","category-handball"],"_links":{"self":[{"href":"https:\/\/www.vfl-westercelle.de\/handb\/wp-json\/wp\/v2\/posts\/675","targetHints":{"allow":["GET"]}}],"collection":[{"href":"https:\/\/www.vfl-westercelle.de\/handb\/wp-json\/wp\/v2\/posts"}],"about":[{"href":"https:\/\/www.vfl-westercelle.de\/handb\/wp-json\/wp\/v2\/types\/post"}],"author":[{"embeddable":true,"href":"https:\/\/www.vfl-westercelle.de\/handb\/wp-json\/wp\/v2\/users\/31"}],"replies":[{"embeddable":true,"href":"https:\/\/www.vfl-westercelle.de\/handb\/wp-json\/wp\/v2\/comments?post=675"}],"version-history":[{"count":3,"href":"https:\/\/www.vfl-westercelle.de\/handb\/wp-json\/wp\/v2\/posts\/675\/revisions"}],"predecessor-version":[{"id":681,"href":"https:\/\/www.vfl-westercelle.de\/handb\/wp-json\/wp\/v2\/posts\/675\/revisions\/681"}],"wp:featuredmedia":[{"embeddable":true,"href":"https:\/\/www.vfl-westercelle.de\/handb\/wp-json\/wp\/v2\/media\/677"}],"wp:attachment":[{"href":"https:\/\/www.vfl-westercelle.de\/handb\/wp-json\/wp\/v2\/media?parent=675"}],"wp:term":[{"taxonomy":"category","embeddable":true,"href":"https:\/\/www.vfl-westercelle.de\/handb\/wp-json\/wp\/v2\/categories?post=675"},{"taxonomy":"post_tag","embeddable":true,"href":"https:\/\/www.vfl-westercelle.de\/handb\/wp-json\/wp\/v2\/tags?post=675"}],"curies":[{"name":"wp","href":"https:\/\/api.w.org\/{rel}","templated":true}]}}