{"id":707,"date":"2022-04-04T20:27:02","date_gmt":"2022-04-04T18:27:02","guid":{"rendered":"https:\/\/www.vfl-westercelle.de\/handb\/?p=707"},"modified":"2022-04-04T20:27:04","modified_gmt":"2022-04-04T18:27:04","slug":"neue-trikots-fuer-die-e-jugend","status":"publish","type":"post","link":"https:\/\/www.vfl-westercelle.de\/handb\/neue-trikots-fuer-die-e-jugend\/","title":{"rendered":"Neue Trikots f\u00fcr die E-Jugend"},"content":{"rendered":"\n<figure class=\"wp-block-image size-large\"><img loading=\"lazy\" decoding=\"async\" width=\"1030\" height=\"658\" src=\"https:\/\/www.vfl-westercelle.de\/handb\/wp-content\/uploads\/sites\/22\/2022\/04\/Trikotuebergabe_E-Jgd-1030x658.jpg\" alt=\"\" class=\"wp-image-709\" srcset=\"https:\/\/www.vfl-westercelle.de\/handb\/wp-content\/uploads\/sites\/22\/2022\/04\/Trikotuebergabe_E-Jgd-1030x658.jpg 1030w, https:\/\/www.vfl-westercelle.de\/handb\/wp-content\/uploads\/sites\/22\/2022\/04\/Trikotuebergabe_E-Jgd-300x192.jpg 300w, https:\/\/www.vfl-westercelle.de\/handb\/wp-content\/uploads\/sites\/22\/2022\/04\/Trikotuebergabe_E-Jgd-768x491.jpg 768w, https:\/\/www.vfl-westercelle.de\/handb\/wp-content\/uploads\/sites\/22\/2022\/04\/Trikotuebergabe_E-Jgd-1536x982.jpg 1536w, https:\/\/www.vfl-westercelle.de\/handb\/wp-content\/uploads\/sites\/22\/2022\/04\/Trikotuebergabe_E-Jgd-2048x1309.jpg 2048w, https:\/\/www.vfl-westercelle.de\/handb\/wp-content\/uploads\/sites\/22\/2022\/04\/Trikotuebergabe_E-Jgd-1500x959.jpg 1500w, https:\/\/www.vfl-westercelle.de\/handb\/wp-content\/uploads\/sites\/22\/2022\/04\/Trikotuebergabe_E-Jgd-705x451.jpg 705w\" sizes=\"auto, (max-width: 1030px) 100vw, 1030px\" \/><figcaption>Wir haben f\u00fcr die E-Jugend neue Trikots von der Fa. Heisig Spezialtief- und Wasserbau GmbH aus Winsen\/Aller bekommen. Die \u00dcbergabe erfolgte gestern beim Training durch den Gesch\u00e4ftsf\u00fchrer der Firma Heisig Herrn Dipl. Ing. Bernhard Rust. Die E-Jugend und die Spartenleitung bedankt sich ganz herzlich bei seinem Unterst\u00fctzer. <\/figcaption><\/figure>\n","protected":false},"excerpt":{"rendered":"","protected":false},"author":31,"featured_media":0,"comment_status":"closed","ping_status":"closed","sticky":false,"template":"","format":"standard","meta":{"footnotes":""},"categories":[1],"tags":[],"class_list":["post-707","post","type-post","status-publish","format-standard","hentry","category-handball"],"_links":{"self":[{"href":"https:\/\/www.vfl-westercelle.de\/handb\/wp-json\/wp\/v2\/posts\/707","targetHints":{"allow":["GET"]}}],"collection":[{"href":"https:\/\/www.vfl-westercelle.de\/handb\/wp-json\/wp\/v2\/posts"}],"about":[{"href":"https:\/\/www.vfl-westercelle.de\/handb\/wp-json\/wp\/v2\/types\/post"}],"author":[{"embeddable":true,"href":"https:\/\/www.vfl-westercelle.de\/handb\/wp-json\/wp\/v2\/users\/31"}],"replies":[{"embeddable":true,"href":"https:\/\/www.vfl-westercelle.de\/handb\/wp-json\/wp\/v2\/comments?post=707"}],"version-history":[{"count":1,"href":"https:\/\/www.vfl-westercelle.de\/handb\/wp-json\/wp\/v2\/posts\/707\/revisions"}],"predecessor-version":[{"id":710,"href":"https:\/\/www.vfl-westercelle.de\/handb\/wp-json\/wp\/v2\/posts\/707\/revisions\/710"}],"wp:attachment":[{"href":"https:\/\/www.vfl-westercelle.de\/handb\/wp-json\/wp\/v2\/media?parent=707"}],"wp:term":[{"taxonomy":"category","embeddable":true,"href":"https:\/\/www.vfl-westercelle.de\/handb\/wp-json\/wp\/v2\/categories?post=707"},{"taxonomy":"post_tag","embeddable":true,"href":"https:\/\/www.vfl-westercelle.de\/handb\/wp-json\/wp\/v2\/tags?post=707"}],"curies":[{"name":"wp","href":"https:\/\/api.w.org\/{rel}","templated":true}]}}