{"id":747,"date":"2022-07-05T21:15:49","date_gmt":"2022-07-05T19:15:49","guid":{"rendered":"https:\/\/www.vfl-westercelle.de\/handb\/?p=747"},"modified":"2022-07-05T21:15:52","modified_gmt":"2022-07-05T19:15:52","slug":"kroenung-einer-langen-saison","status":"publish","type":"post","link":"https:\/\/www.vfl-westercelle.de\/handb\/kroenung-einer-langen-saison\/","title":{"rendered":"Kr\u00f6nung einer langen Saison"},"content":{"rendered":"\n<figure class=\"wp-block-image size-large\"><img loading=\"lazy\" decoding=\"async\" width=\"1030\" height=\"625\" src=\"https:\/\/www.vfl-westercelle.de\/handb\/wp-content\/uploads\/sites\/22\/2022\/07\/Website_C-Jugend-1-1030x625.jpg\" alt=\"\" class=\"wp-image-749\" srcset=\"https:\/\/www.vfl-westercelle.de\/handb\/wp-content\/uploads\/sites\/22\/2022\/07\/Website_C-Jugend-1-1030x625.jpg 1030w, https:\/\/www.vfl-westercelle.de\/handb\/wp-content\/uploads\/sites\/22\/2022\/07\/Website_C-Jugend-1-300x182.jpg 300w, https:\/\/www.vfl-westercelle.de\/handb\/wp-content\/uploads\/sites\/22\/2022\/07\/Website_C-Jugend-1-768x466.jpg 768w, https:\/\/www.vfl-westercelle.de\/handb\/wp-content\/uploads\/sites\/22\/2022\/07\/Website_C-Jugend-1-1536x932.jpg 1536w, https:\/\/www.vfl-westercelle.de\/handb\/wp-content\/uploads\/sites\/22\/2022\/07\/Website_C-Jugend-1-2048x1242.jpg 2048w, https:\/\/www.vfl-westercelle.de\/handb\/wp-content\/uploads\/sites\/22\/2022\/07\/Website_C-Jugend-1-1500x910.jpg 1500w, https:\/\/www.vfl-westercelle.de\/handb\/wp-content\/uploads\/sites\/22\/2022\/07\/Website_C-Jugend-1-705x428.jpg 705w\" sizes=\"auto, (max-width: 1030px) 100vw, 1030px\" \/><figcaption><br><br><br>Die Jungs der Jahrg\u00e4nge 2008 und 2009 wurden nach einer langen und anstrengenden Corona Saison mit dem Aufstieg in die Landesliga belohnt.<br>Da die Qualifikation mit den neuen Jahrg\u00e4ngen gespielt wird, hatte das Trainergespann Anja Schultz\/Jan Philip Lissner, das von Maria Diemke unterst\u00fctzt wird, nicht viel Zeit um die Mannschaft auf die Spiele vorzubereiten. In einer sehr engen Gruppe konnte der 2. Platz und der damit verbundene Aufstieg errungen und gefeiert werden.<br>Die Anzahl der Jungs ist mittlerweile so gro\u00df, dass f\u00fcr die neue Saison 2 Mannschaften gemeldet werden konnten, damit alle ihre Spielanteile bekommen. Neuzug\u00e4nge sind immer willkommen und k\u00f6nnen sich bei Anja Schultz melden.<br>Nun geht erstmal in die wohlverdiente Pause, bevor im August die Vorbereitung anf\u00e4ngt.<\/figcaption><\/figure>\n\n\n\n<p>Landesliga 2022\/23 &#8211; Der Vfl ist dabei !<\/p>\n","protected":false},"excerpt":{"rendered":"<p>Landesliga 2022\/23 &#8211; Der Vfl ist dabei !<\/p>\n","protected":false},"author":31,"featured_media":0,"comment_status":"closed","ping_status":"closed","sticky":false,"template":"","format":"standard","meta":{"footnotes":""},"categories":[1],"tags":[],"class_list":["post-747","post","type-post","status-publish","format-standard","hentry","category-handball"],"_links":{"self":[{"href":"https:\/\/www.vfl-westercelle.de\/handb\/wp-json\/wp\/v2\/posts\/747","targetHints":{"allow":["GET"]}}],"collection":[{"href":"https:\/\/www.vfl-westercelle.de\/handb\/wp-json\/wp\/v2\/posts"}],"about":[{"href":"https:\/\/www.vfl-westercelle.de\/handb\/wp-json\/wp\/v2\/types\/post"}],"author":[{"embeddable":true,"href":"https:\/\/www.vfl-westercelle.de\/handb\/wp-json\/wp\/v2\/users\/31"}],"replies":[{"embeddable":true,"href":"https:\/\/www.vfl-westercelle.de\/handb\/wp-json\/wp\/v2\/comments?post=747"}],"version-history":[{"count":2,"href":"https:\/\/www.vfl-westercelle.de\/handb\/wp-json\/wp\/v2\/posts\/747\/revisions"}],"predecessor-version":[{"id":751,"href":"https:\/\/www.vfl-westercelle.de\/handb\/wp-json\/wp\/v2\/posts\/747\/revisions\/751"}],"wp:attachment":[{"href":"https:\/\/www.vfl-westercelle.de\/handb\/wp-json\/wp\/v2\/media?parent=747"}],"wp:term":[{"taxonomy":"category","embeddable":true,"href":"https:\/\/www.vfl-westercelle.de\/handb\/wp-json\/wp\/v2\/categories?post=747"},{"taxonomy":"post_tag","embeddable":true,"href":"https:\/\/www.vfl-westercelle.de\/handb\/wp-json\/wp\/v2\/tags?post=747"}],"curies":[{"name":"wp","href":"https:\/\/api.w.org\/{rel}","templated":true}]}}