{"id":812,"date":"2022-11-14T17:55:50","date_gmt":"2022-11-14T16:55:50","guid":{"rendered":"https:\/\/www.vfl-westercelle.de\/handb\/?p=812"},"modified":"2022-11-14T17:55:51","modified_gmt":"2022-11-14T16:55:51","slug":"unendschieden-gegen-schneverdingen","status":"publish","type":"post","link":"https:\/\/www.vfl-westercelle.de\/handb\/unendschieden-gegen-schneverdingen\/","title":{"rendered":"Unendschieden gegen Schneverdingen"},"content":{"rendered":"\n<p><\/p>\n\n\n\n<p>Es war, wie erwartet ein sehr aufreibendes und hartes Heimspiel gegen den Spitzenreiter. Wir hatte nuns viel vorgenommen und sind guten Mutes und selbstbewusst ins Spiel gegangen. Au\u00dferdem galt es die krankheitsbedingten Ausf\u00e4lle von Luca und Gregor gemeinschaftlich zu kompensieren.<\/p>\n\n\n\n<p>Die uns k\u00f6rperlich \u00fcberlegenen G\u00e4ste machten uns schon von Beginn an das Leben schwer und wir hatten zun\u00e4chst gro\u00dfe Probleme den wurfstarken R\u00fcckraum in den Griff zu bekommen.<\/p>\n\n\n\n<p>So liefen wir meist einem 2-3 Tore R\u00fcckstand hinterher. Auch wenn wir uns schwer taten, k\u00e4mpften wir um eden Zentimeter und kamen dann immer besser ins Spiel. So erreichten wir in der 21. Spielminute den Ausgleich und hielten das Remis bis zum Pausenpfiff (14:14).<\/p>\n\n\n\n<p>Nach dem Seitenwechsel ging es rasant weiter und es entwickelte sich ein offener Schlagabtausch. Trotz einiger ausgelassener Chancen blieben wie cool und lie\u00dfen uns auch nach dem 19:22 nicht aus der Ruhe bringen. -so k\u00e4mpften wir uns heran und glichen erneut zum 26:26 aus. Die spannende und nervenauftreibende Schlussphase lie\u00df dann keinen Platz f\u00fcr Sieger und so endete das Rennen 28:28.<\/p>\n\n\n\n<p>Letztlich k\u00f6nnen wir nach dem Spielverlauf mit dem Ergebnis zufrieden sein, denn k\u00e4mpferisch haben wir uns den Punkt mehr als verdient.<\/p>\n\n\n\n<p>Es spielten: Thore (7 Paraden), Einar, Torben (3), Connor (5), Liam-Bailey(6), Julius (2), Liam, Jonas (5\/2), Peter, Richard, Aaron, Fabi (7).<\/p>\n\n\n\n<p>Schon am kommenden Samstag (19.11.22) treffen wir in der HBG-Halle auf den TSV Wietzendorf und bekommen die n\u00e4chste Chance Punkte zu sammeln.<\/p>\n","protected":false},"excerpt":{"rendered":"<p>Es war, wie erwartet ein sehr aufreibendes und hartes Heimspiel gegen den Spitzenreiter. Wir hatte nuns viel vorgenommen und sind guten Mutes und selbstbewusst ins Spiel gegangen. Au\u00dferdem galt es die krankheitsbedingten Ausf\u00e4lle von Luca und Gregor gemeinschaftlich zu kompensieren. Die uns k\u00f6rperlich \u00fcberlegenen G\u00e4ste machten uns schon von Beginn an das Leben schwer und <a class=\"read-more-link\" href=\"https:\/\/www.vfl-westercelle.de\/handb\/unendschieden-gegen-schneverdingen\/\">[&#8230; weiterlesen]<\/a><\/p>\n","protected":false},"author":31,"featured_media":0,"comment_status":"closed","ping_status":"closed","sticky":false,"template":"","format":"standard","meta":{"footnotes":""},"categories":[1],"tags":[],"class_list":["post-812","post","type-post","status-publish","format-standard","hentry","category-handball"],"_links":{"self":[{"href":"https:\/\/www.vfl-westercelle.de\/handb\/wp-json\/wp\/v2\/posts\/812","targetHints":{"allow":["GET"]}}],"collection":[{"href":"https:\/\/www.vfl-westercelle.de\/handb\/wp-json\/wp\/v2\/posts"}],"about":[{"href":"https:\/\/www.vfl-westercelle.de\/handb\/wp-json\/wp\/v2\/types\/post"}],"author":[{"embeddable":true,"href":"https:\/\/www.vfl-westercelle.de\/handb\/wp-json\/wp\/v2\/users\/31"}],"replies":[{"embeddable":true,"href":"https:\/\/www.vfl-westercelle.de\/handb\/wp-json\/wp\/v2\/comments?post=812"}],"version-history":[{"count":2,"href":"https:\/\/www.vfl-westercelle.de\/handb\/wp-json\/wp\/v2\/posts\/812\/revisions"}],"predecessor-version":[{"id":814,"href":"https:\/\/www.vfl-westercelle.de\/handb\/wp-json\/wp\/v2\/posts\/812\/revisions\/814"}],"wp:attachment":[{"href":"https:\/\/www.vfl-westercelle.de\/handb\/wp-json\/wp\/v2\/media?parent=812"}],"wp:term":[{"taxonomy":"category","embeddable":true,"href":"https:\/\/www.vfl-westercelle.de\/handb\/wp-json\/wp\/v2\/categories?post=812"},{"taxonomy":"post_tag","embeddable":true,"href":"https:\/\/www.vfl-westercelle.de\/handb\/wp-json\/wp\/v2\/tags?post=812"}],"curies":[{"name":"wp","href":"https:\/\/api.w.org\/{rel}","templated":true}]}}