{"id":847,"date":"2023-07-21T19:48:45","date_gmt":"2023-07-21T17:48:45","guid":{"rendered":"https:\/\/www.vfl-westercelle.de\/handb\/?p=847"},"modified":"2023-07-21T19:48:47","modified_gmt":"2023-07-21T17:48:47","slug":"vier-tolle-tage","status":"publish","type":"post","link":"https:\/\/www.vfl-westercelle.de\/handb\/vier-tolle-tage\/","title":{"rendered":"Vier tolle Tage"},"content":{"rendered":"\n<p><strong>Vier tolle Tage<\/strong><\/p>\n\n\n\n<p>Von Donnerstag bis Sonntag fuhr die mC zusammen mit 3 M\u00e4dchenmannschaften des SV Gar\u00dfen zum zweitgr\u00f6\u00dften Jugendrasenturnier der Welt nach L\u00fcckeck.<\/p>\n\n\n\n<p>10 Jungs, das Trainerduo Marc und Anja und die Betreuer Einar und Liam aus der A Jugend erlebten die Er\u00f6ffnungsfeier in der Hansehalle, Nations Cup Spiele der U19 Nationalmannschaften, Shuttlebusfahrten durch L\u00fcbeck, Schlafen in der Sporthalle und dann noch Handballspiele auf Rasen.<\/p>\n\n\n\n<p>In der Vorrunde wurde das Niveau schnell erkennbar und es ging daher auch \u201enur\u201c im B-Pokal weiter, dort aber bis ins Finale. Dieses wurde ungl\u00fccklich mit einem Tor verloren, aber trotzdem waren es tolle 4 Tage bei bestem Wetter, bei denen auch der Zusammenhalt in der Mannschaft und der Kooperation 2 Vereine 1 Ziel intensiviert wurde.<\/p>\n\n\n\n<figure class=\"wp-block-image size-large\"><img loading=\"lazy\" decoding=\"async\" width=\"1030\" height=\"773\" src=\"https:\/\/www.vfl-westercelle.de\/handb\/wp-content\/uploads\/sites\/22\/2023\/07\/IMG-20230718-WA0006-1030x773.jpg\" alt=\"\" class=\"wp-image-848\" srcset=\"https:\/\/www.vfl-westercelle.de\/handb\/wp-content\/uploads\/sites\/22\/2023\/07\/IMG-20230718-WA0006-1030x773.jpg 1030w, https:\/\/www.vfl-westercelle.de\/handb\/wp-content\/uploads\/sites\/22\/2023\/07\/IMG-20230718-WA0006-300x225.jpg 300w, https:\/\/www.vfl-westercelle.de\/handb\/wp-content\/uploads\/sites\/22\/2023\/07\/IMG-20230718-WA0006-768x576.jpg 768w, https:\/\/www.vfl-westercelle.de\/handb\/wp-content\/uploads\/sites\/22\/2023\/07\/IMG-20230718-WA0006-1536x1152.jpg 1536w, https:\/\/www.vfl-westercelle.de\/handb\/wp-content\/uploads\/sites\/22\/2023\/07\/IMG-20230718-WA0006-1500x1125.jpg 1500w, https:\/\/www.vfl-westercelle.de\/handb\/wp-content\/uploads\/sites\/22\/2023\/07\/IMG-20230718-WA0006-705x529.jpg 705w, https:\/\/www.vfl-westercelle.de\/handb\/wp-content\/uploads\/sites\/22\/2023\/07\/IMG-20230718-WA0006.jpg 2048w\" sizes=\"auto, (max-width: 1030px) 100vw, 1030px\" \/><\/figure>\n\n\n\n<figure class=\"wp-block-image size-full\"><img loading=\"lazy\" decoding=\"async\" width=\"768\" height=\"1024\" src=\"https:\/\/www.vfl-westercelle.de\/handb\/wp-content\/uploads\/sites\/22\/2023\/07\/IMG-20230718-WA0008.jpg\" alt=\"\" class=\"wp-image-849\" srcset=\"https:\/\/www.vfl-westercelle.de\/handb\/wp-content\/uploads\/sites\/22\/2023\/07\/IMG-20230718-WA0008.jpg 768w, https:\/\/www.vfl-westercelle.de\/handb\/wp-content\/uploads\/sites\/22\/2023\/07\/IMG-20230718-WA0008-225x300.jpg 225w, https:\/\/www.vfl-westercelle.de\/handb\/wp-content\/uploads\/sites\/22\/2023\/07\/IMG-20230718-WA0008-529x705.jpg 529w\" sizes=\"auto, (max-width: 768px) 100vw, 768px\" \/><\/figure>\n","protected":false},"excerpt":{"rendered":"<p>Vier tolle Tage Von Donnerstag bis Sonntag fuhr die mC zusammen mit 3 M\u00e4dchenmannschaften des SV Gar\u00dfen zum zweitgr\u00f6\u00dften Jugendrasenturnier der Welt nach L\u00fcckeck. 10 Jungs, das Trainerduo Marc und Anja und die Betreuer Einar und Liam aus der A Jugend erlebten die Er\u00f6ffnungsfeier in der Hansehalle, Nations Cup Spiele der U19 Nationalmannschaften, Shuttlebusfahrten durch <a class=\"read-more-link\" href=\"https:\/\/www.vfl-westercelle.de\/handb\/vier-tolle-tage\/\">[&#8230; weiterlesen]<\/a><\/p>\n","protected":false},"author":31,"featured_media":0,"comment_status":"closed","ping_status":"closed","sticky":false,"template":"","format":"standard","meta":{"footnotes":""},"categories":[1],"tags":[],"class_list":["post-847","post","type-post","status-publish","format-standard","hentry","category-handball"],"_links":{"self":[{"href":"https:\/\/www.vfl-westercelle.de\/handb\/wp-json\/wp\/v2\/posts\/847","targetHints":{"allow":["GET"]}}],"collection":[{"href":"https:\/\/www.vfl-westercelle.de\/handb\/wp-json\/wp\/v2\/posts"}],"about":[{"href":"https:\/\/www.vfl-westercelle.de\/handb\/wp-json\/wp\/v2\/types\/post"}],"author":[{"embeddable":true,"href":"https:\/\/www.vfl-westercelle.de\/handb\/wp-json\/wp\/v2\/users\/31"}],"replies":[{"embeddable":true,"href":"https:\/\/www.vfl-westercelle.de\/handb\/wp-json\/wp\/v2\/comments?post=847"}],"version-history":[{"count":1,"href":"https:\/\/www.vfl-westercelle.de\/handb\/wp-json\/wp\/v2\/posts\/847\/revisions"}],"predecessor-version":[{"id":850,"href":"https:\/\/www.vfl-westercelle.de\/handb\/wp-json\/wp\/v2\/posts\/847\/revisions\/850"}],"wp:attachment":[{"href":"https:\/\/www.vfl-westercelle.de\/handb\/wp-json\/wp\/v2\/media?parent=847"}],"wp:term":[{"taxonomy":"category","embeddable":true,"href":"https:\/\/www.vfl-westercelle.de\/handb\/wp-json\/wp\/v2\/categories?post=847"},{"taxonomy":"post_tag","embeddable":true,"href":"https:\/\/www.vfl-westercelle.de\/handb\/wp-json\/wp\/v2\/tags?post=847"}],"curies":[{"name":"wp","href":"https:\/\/api.w.org\/{rel}","templated":true}]}}