{"id":254,"date":"2018-02-16T20:54:11","date_gmt":"2018-02-16T19:54:11","guid":{"rendered":"http:\/\/www.vfl-westercelle.de\/jd\/2018\/02\/16\/jazzdance-sparte-zeigte-buntes-programm-bei-ihrer-tanzgala\/"},"modified":"2018-02-16T20:54:11","modified_gmt":"2018-02-16T19:54:11","slug":"jazzdance-sparte-zeigte-buntes-programm-bei-ihrer-tanzgala","status":"publish","type":"post","link":"https:\/\/www.vfl-westercelle.de\/jd\/jazzdance-sparte-zeigte-buntes-programm-bei-ihrer-tanzgala\/","title":{"rendered":"Jazzdance Sparte zeigte buntes Programm bei ihrer Tanzgala"},"content":{"rendered":"<p>Bei der j\u00e4hrlichen Tanzgala zeigten wieder alle Formationen der Jazzdance Sparte ihr K\u00f6nnen. Von den 4-6-j\u00e4hrigen Fl\u00f6hen bis zu den Turniermannschaften hatten alle lange auf den Abend hintrainiert. Ab 17 Uhr f\u00fcllte sich die HBG Halle allm\u00e4hlich und um 18 Uhr ging die Show stimmungsvoll mit dem Titel \u201eLes choristes\u201c los, gefolgt von der temporeichen Turnierchoreografie aus dem Jahr 2016 vom Dreamteam und zwei Showchoreografien der Nachwuchsmannschaften H\u00e4ppyFeet und Fl\u00f6he. Es war ein buntes und abwechslungsreiches Programm, zu dem auch die eingeladenen G\u00e4ste aus der DanceFactory Lachendorf, sowie die beiden Gastt\u00e4nzerinnen vom VfL Wolfsburg beitrugen. Neben der vielf\u00e4ltigen Showchoreografien und den Turnierchoreos der letzten Jahre gaben die Turnierformationen in diesem Jahr auch schon einen Einblick in ihre aktuellen Choreografien. Trainerin Sonja Seidler wird mit ihrem Formationen Vidi Vici, Dreamteam und Vitesse nun weiter an den neuen Choreografien feilen, bevor es im April die fertigen St\u00fccke zu bestaunen gibt.<\/p>\n<p>Foto: Dirk Seidler<\/p>\n","protected":false},"excerpt":{"rendered":"<p>Bei der j\u00e4hrlichen Tanzgala zeigten wieder alle Formationen der Jazzdance Sparte ihr K\u00f6nnen. Von den 4-6-j\u00e4hrigen Fl\u00f6hen bis zu den Turniermannschaften hatten alle lange auf den Abend hintrainiert. Ab 17 Uhr f\u00fcllte sich die HBG Halle allm\u00e4hlich und um 18 Uhr ging die Show stimmungsvoll mit dem Titel \u201eLes choristes\u201c los, gefolgt von der temporeichen <a class=\"read-more-link\" href=\"https:\/\/www.vfl-westercelle.de\/jd\/jazzdance-sparte-zeigte-buntes-programm-bei-ihrer-tanzgala\/\">[&#8230; weiterlesen]<\/a><\/p>\n","protected":false},"author":1,"featured_media":255,"comment_status":"closed","ping_status":"closed","sticky":false,"template":"","format":"standard","meta":{"footnotes":""},"categories":[4],"tags":[],"class_list":["post-254","post","type-post","status-publish","format-standard","has-post-thumbnail","hentry","category-jazzdance"],"_links":{"self":[{"href":"https:\/\/www.vfl-westercelle.de\/jd\/wp-json\/wp\/v2\/posts\/254","targetHints":{"allow":["GET"]}}],"collection":[{"href":"https:\/\/www.vfl-westercelle.de\/jd\/wp-json\/wp\/v2\/posts"}],"about":[{"href":"https:\/\/www.vfl-westercelle.de\/jd\/wp-json\/wp\/v2\/types\/post"}],"author":[{"embeddable":true,"href":"https:\/\/www.vfl-westercelle.de\/jd\/wp-json\/wp\/v2\/users\/1"}],"replies":[{"embeddable":true,"href":"https:\/\/www.vfl-westercelle.de\/jd\/wp-json\/wp\/v2\/comments?post=254"}],"version-history":[{"count":0,"href":"https:\/\/www.vfl-westercelle.de\/jd\/wp-json\/wp\/v2\/posts\/254\/revisions"}],"wp:featuredmedia":[{"embeddable":true,"href":"https:\/\/www.vfl-westercelle.de\/jd\/wp-json\/wp\/v2\/media\/255"}],"wp:attachment":[{"href":"https:\/\/www.vfl-westercelle.de\/jd\/wp-json\/wp\/v2\/media?parent=254"}],"wp:term":[{"taxonomy":"category","embeddable":true,"href":"https:\/\/www.vfl-westercelle.de\/jd\/wp-json\/wp\/v2\/categories?post=254"},{"taxonomy":"post_tag","embeddable":true,"href":"https:\/\/www.vfl-westercelle.de\/jd\/wp-json\/wp\/v2\/tags?post=254"}],"curies":[{"name":"wp","href":"https:\/\/api.w.org\/{rel}","templated":true}]}}