{"id":270,"date":"2018-02-28T20:19:02","date_gmt":"2018-02-28T19:19:02","guid":{"rendered":"http:\/\/www.vfl-westercelle.de\/jd\/2018\/02\/28\/spiel-spass-und-tanz-am-rosenmontag\/"},"modified":"2018-02-28T21:12:11","modified_gmt":"2018-02-28T20:12:11","slug":"spiel-spass-und-tanz-am-rosenmontag","status":"publish","type":"post","link":"https:\/\/www.vfl-westercelle.de\/jd\/spiel-spass-und-tanz-am-rosenmontag\/","title":{"rendered":"Spiel, Spa\u00df und Tanz am Rosenmontag"},"content":{"rendered":"<p>Wie auch im vergangenem Jahr veranstaltete der VfL Westercelle auch am diesj\u00e4hrigen Rosenmontag in der Nadelberghalle eine Faschingsfeier. In der bunt geschm\u00fcckten Halle wurde ausgelassen von den kost\u00fcmierten Kindern Fasching gefeiert.\u00a0 An verschiedenen Stationen, wie z.B. Lianenschwingen, Sackh\u00fcpfen oder Bankrutschen konnten die Kinder herumtoben und sich spannende Wettrennen untereinander liefern. Unter anderem gab es auch ein reichhaltiges Buffet und tolle Musik, welche vom Dreamteam und Vidi Vici organisiert wurde. Vor der Pr\u00e4mierung des besten Kost\u00fcms zeigten erst unsere Allerkleinsten, die Fl\u00f6he und die Minis, ihr K\u00f6nnen. Danach folgten Dreamteam und Vidi Vici mit einem gemeinsamen Showtanz. Nach diesem Showact wurde dann das beste Kost\u00fcm von der Jury ausgew\u00e4hlt und pr\u00e4miert. Die Feierlichkeiten gingen nach einem langen Nachmittag, einer gut gef\u00fcllten Turnhalle und vielen gl\u00fccklichen Kindern zu Ende.<\/p>\n\n\t\t<style type=\"text\/css\">\n\t\t\t#gallery-1 {\n\t\t\t\tmargin: auto;\n\t\t\t}\n\t\t\t#gallery-1 .gallery-item {\n\t\t\t\tfloat: left;\n\t\t\t\tmargin-top: 10px;\n\t\t\t\ttext-align: center;\n\t\t\t\twidth: 16%;\n\t\t\t}\n\t\t\t#gallery-1 img {\n\t\t\t\tborder: 2px solid #cfcfcf;\n\t\t\t}\n\t\t\t#gallery-1 .gallery-caption {\n\t\t\t\tmargin-left: 0;\n\t\t\t}\n\t\t\t\/* see gallery_shortcode() in wp-includes\/media.php *\/\n\t\t<\/style>\n\t\t<div id='gallery-1' class='gallery galleryid-270 gallery-columns-6 gallery-size-thumbnail'><dl class='gallery-item'>\n\t\t\t<dt class='gallery-icon landscape'>\n\t\t\t\t<a href='https:\/\/www.vfl-westercelle.de\/jd\/wp-content\/uploads\/sites\/10\/2018\/02\/fasching-011-e1519848722815.jpg'><img loading=\"lazy\" decoding=\"async\" width=\"80\" height=\"80\" src=\"https:\/\/www.vfl-westercelle.de\/jd\/wp-content\/uploads\/sites\/10\/2018\/02\/fasching-011-e1519848722815-80x80.jpg\" class=\"attachment-thumbnail size-thumbnail\" alt=\"\" srcset=\"https:\/\/www.vfl-westercelle.de\/jd\/wp-content\/uploads\/sites\/10\/2018\/02\/fasching-011-e1519848722815-80x80.jpg 80w, https:\/\/www.vfl-westercelle.de\/jd\/wp-content\/uploads\/sites\/10\/2018\/02\/fasching-011-e1519848722815-36x36.jpg 36w, https:\/\/www.vfl-westercelle.de\/jd\/wp-content\/uploads\/sites\/10\/2018\/02\/fasching-011-e1519848722815-180x180.jpg 180w, https:\/\/www.vfl-westercelle.de\/jd\/wp-content\/uploads\/sites\/10\/2018\/02\/fasching-011-e1519848722815-120x120.jpg 120w, https:\/\/www.vfl-westercelle.de\/jd\/wp-content\/uploads\/sites\/10\/2018\/02\/fasching-011-e1519848722815-450x450.jpg 450w\" sizes=\"auto, (max-width: 80px) 100vw, 80px\" \/><\/a>\n\t\t\t<\/dt><\/dl><dl class='gallery-item'>\n\t\t\t<dt class='gallery-icon landscape'>\n\t\t\t\t<a href='https:\/\/www.vfl-westercelle.de\/jd\/wp-content\/uploads\/sites\/10\/2018\/02\/fasching-010.jpg'><img loading=\"lazy\" decoding=\"async\" width=\"80\" height=\"80\" src=\"https:\/\/www.vfl-westercelle.de\/jd\/wp-content\/uploads\/sites\/10\/2018\/02\/fasching-010-80x80.jpg\" class=\"attachment-thumbnail size-thumbnail\" alt=\"\" srcset=\"https:\/\/www.vfl-westercelle.de\/jd\/wp-content\/uploads\/sites\/10\/2018\/02\/fasching-010-80x80.jpg 80w, https:\/\/www.vfl-westercelle.de\/jd\/wp-content\/uploads\/sites\/10\/2018\/02\/fasching-010-36x36.jpg 36w, https:\/\/www.vfl-westercelle.de\/jd\/wp-content\/uploads\/sites\/10\/2018\/02\/fasching-010-180x180.jpg 180w, https:\/\/www.vfl-westercelle.de\/jd\/wp-content\/uploads\/sites\/10\/2018\/02\/fasching-010-120x120.jpg 120w, https:\/\/www.vfl-westercelle.de\/jd\/wp-content\/uploads\/sites\/10\/2018\/02\/fasching-010-450x450.jpg 450w\" sizes=\"auto, (max-width: 80px) 100vw, 80px\" \/><\/a>\n\t\t\t<\/dt><\/dl><dl class='gallery-item'>\n\t\t\t<dt class='gallery-icon landscape'>\n\t\t\t\t<a href='https:\/\/www.vfl-westercelle.de\/jd\/wp-content\/uploads\/sites\/10\/2018\/02\/fasching-009.jpg'><img loading=\"lazy\" decoding=\"async\" width=\"80\" height=\"80\" src=\"https:\/\/www.vfl-westercelle.de\/jd\/wp-content\/uploads\/sites\/10\/2018\/02\/fasching-009-80x80.jpg\" class=\"attachment-thumbnail size-thumbnail\" alt=\"\" srcset=\"https:\/\/www.vfl-westercelle.de\/jd\/wp-content\/uploads\/sites\/10\/2018\/02\/fasching-009-80x80.jpg 80w, https:\/\/www.vfl-westercelle.de\/jd\/wp-content\/uploads\/sites\/10\/2018\/02\/fasching-009-36x36.jpg 36w, https:\/\/www.vfl-westercelle.de\/jd\/wp-content\/uploads\/sites\/10\/2018\/02\/fasching-009-180x180.jpg 180w, https:\/\/www.vfl-westercelle.de\/jd\/wp-content\/uploads\/sites\/10\/2018\/02\/fasching-009-120x120.jpg 120w, https:\/\/www.vfl-westercelle.de\/jd\/wp-content\/uploads\/sites\/10\/2018\/02\/fasching-009-450x450.jpg 450w\" sizes=\"auto, (max-width: 80px) 100vw, 80px\" \/><\/a>\n\t\t\t<\/dt><\/dl><dl class='gallery-item'>\n\t\t\t<dt class='gallery-icon landscape'>\n\t\t\t\t<a href='https:\/\/www.vfl-westercelle.de\/jd\/wp-content\/uploads\/sites\/10\/2018\/02\/fasching-008.jpg'><img loading=\"lazy\" decoding=\"async\" width=\"80\" height=\"80\" src=\"https:\/\/www.vfl-westercelle.de\/jd\/wp-content\/uploads\/sites\/10\/2018\/02\/fasching-008-80x80.jpg\" class=\"attachment-thumbnail size-thumbnail\" alt=\"\" srcset=\"https:\/\/www.vfl-westercelle.de\/jd\/wp-content\/uploads\/sites\/10\/2018\/02\/fasching-008-80x80.jpg 80w, https:\/\/www.vfl-westercelle.de\/jd\/wp-content\/uploads\/sites\/10\/2018\/02\/fasching-008-36x36.jpg 36w, https:\/\/www.vfl-westercelle.de\/jd\/wp-content\/uploads\/sites\/10\/2018\/02\/fasching-008-180x180.jpg 180w, https:\/\/www.vfl-westercelle.de\/jd\/wp-content\/uploads\/sites\/10\/2018\/02\/fasching-008-120x120.jpg 120w, https:\/\/www.vfl-westercelle.de\/jd\/wp-content\/uploads\/sites\/10\/2018\/02\/fasching-008-450x450.jpg 450w\" sizes=\"auto, (max-width: 80px) 100vw, 80px\" \/><\/a>\n\t\t\t<\/dt><\/dl><dl class='gallery-item'>\n\t\t\t<dt class='gallery-icon landscape'>\n\t\t\t\t<a href='https:\/\/www.vfl-westercelle.de\/jd\/wp-content\/uploads\/sites\/10\/2018\/02\/fasching-007.jpg'><img loading=\"lazy\" decoding=\"async\" width=\"80\" height=\"80\" src=\"https:\/\/www.vfl-westercelle.de\/jd\/wp-content\/uploads\/sites\/10\/2018\/02\/fasching-007-80x80.jpg\" class=\"attachment-thumbnail size-thumbnail\" alt=\"\" srcset=\"https:\/\/www.vfl-westercelle.de\/jd\/wp-content\/uploads\/sites\/10\/2018\/02\/fasching-007-80x80.jpg 80w, https:\/\/www.vfl-westercelle.de\/jd\/wp-content\/uploads\/sites\/10\/2018\/02\/fasching-007-36x36.jpg 36w, https:\/\/www.vfl-westercelle.de\/jd\/wp-content\/uploads\/sites\/10\/2018\/02\/fasching-007-180x180.jpg 180w, https:\/\/www.vfl-westercelle.de\/jd\/wp-content\/uploads\/sites\/10\/2018\/02\/fasching-007-120x120.jpg 120w, https:\/\/www.vfl-westercelle.de\/jd\/wp-content\/uploads\/sites\/10\/2018\/02\/fasching-007-450x450.jpg 450w\" sizes=\"auto, (max-width: 80px) 100vw, 80px\" \/><\/a>\n\t\t\t<\/dt><\/dl><dl class='gallery-item'>\n\t\t\t<dt class='gallery-icon landscape'>\n\t\t\t\t<a href='https:\/\/www.vfl-westercelle.de\/jd\/wp-content\/uploads\/sites\/10\/2018\/02\/fasching-006.jpg'><img loading=\"lazy\" decoding=\"async\" width=\"80\" height=\"80\" src=\"https:\/\/www.vfl-westercelle.de\/jd\/wp-content\/uploads\/sites\/10\/2018\/02\/fasching-006-80x80.jpg\" class=\"attachment-thumbnail size-thumbnail\" alt=\"\" srcset=\"https:\/\/www.vfl-westercelle.de\/jd\/wp-content\/uploads\/sites\/10\/2018\/02\/fasching-006-80x80.jpg 80w, https:\/\/www.vfl-westercelle.de\/jd\/wp-content\/uploads\/sites\/10\/2018\/02\/fasching-006-36x36.jpg 36w, https:\/\/www.vfl-westercelle.de\/jd\/wp-content\/uploads\/sites\/10\/2018\/02\/fasching-006-180x180.jpg 180w, https:\/\/www.vfl-westercelle.de\/jd\/wp-content\/uploads\/sites\/10\/2018\/02\/fasching-006-120x120.jpg 120w, https:\/\/www.vfl-westercelle.de\/jd\/wp-content\/uploads\/sites\/10\/2018\/02\/fasching-006-450x450.jpg 450w\" sizes=\"auto, (max-width: 80px) 100vw, 80px\" \/><\/a>\n\t\t\t<\/dt><\/dl><br style=\"clear: both\" \/><dl class='gallery-item'>\n\t\t\t<dt class='gallery-icon landscape'>\n\t\t\t\t<a href='https:\/\/www.vfl-westercelle.de\/jd\/wp-content\/uploads\/sites\/10\/2018\/02\/fasching-005.jpg'><img loading=\"lazy\" decoding=\"async\" width=\"80\" height=\"80\" src=\"https:\/\/www.vfl-westercelle.de\/jd\/wp-content\/uploads\/sites\/10\/2018\/02\/fasching-005-80x80.jpg\" class=\"attachment-thumbnail size-thumbnail\" alt=\"\" srcset=\"https:\/\/www.vfl-westercelle.de\/jd\/wp-content\/uploads\/sites\/10\/2018\/02\/fasching-005-80x80.jpg 80w, https:\/\/www.vfl-westercelle.de\/jd\/wp-content\/uploads\/sites\/10\/2018\/02\/fasching-005-36x36.jpg 36w, https:\/\/www.vfl-westercelle.de\/jd\/wp-content\/uploads\/sites\/10\/2018\/02\/fasching-005-180x180.jpg 180w, https:\/\/www.vfl-westercelle.de\/jd\/wp-content\/uploads\/sites\/10\/2018\/02\/fasching-005-120x120.jpg 120w, https:\/\/www.vfl-westercelle.de\/jd\/wp-content\/uploads\/sites\/10\/2018\/02\/fasching-005-450x450.jpg 450w\" sizes=\"auto, (max-width: 80px) 100vw, 80px\" \/><\/a>\n\t\t\t<\/dt><\/dl><dl class='gallery-item'>\n\t\t\t<dt class='gallery-icon landscape'>\n\t\t\t\t<a href='https:\/\/www.vfl-westercelle.de\/jd\/wp-content\/uploads\/sites\/10\/2018\/02\/fasching-004.jpg'><img loading=\"lazy\" decoding=\"async\" width=\"80\" height=\"80\" src=\"https:\/\/www.vfl-westercelle.de\/jd\/wp-content\/uploads\/sites\/10\/2018\/02\/fasching-004-80x80.jpg\" class=\"attachment-thumbnail size-thumbnail\" alt=\"\" srcset=\"https:\/\/www.vfl-westercelle.de\/jd\/wp-content\/uploads\/sites\/10\/2018\/02\/fasching-004-80x80.jpg 80w, https:\/\/www.vfl-westercelle.de\/jd\/wp-content\/uploads\/sites\/10\/2018\/02\/fasching-004-36x36.jpg 36w, https:\/\/www.vfl-westercelle.de\/jd\/wp-content\/uploads\/sites\/10\/2018\/02\/fasching-004-180x180.jpg 180w, https:\/\/www.vfl-westercelle.de\/jd\/wp-content\/uploads\/sites\/10\/2018\/02\/fasching-004-120x120.jpg 120w, https:\/\/www.vfl-westercelle.de\/jd\/wp-content\/uploads\/sites\/10\/2018\/02\/fasching-004-450x450.jpg 450w\" sizes=\"auto, (max-width: 80px) 100vw, 80px\" \/><\/a>\n\t\t\t<\/dt><\/dl><dl class='gallery-item'>\n\t\t\t<dt class='gallery-icon landscape'>\n\t\t\t\t<a href='https:\/\/www.vfl-westercelle.de\/jd\/wp-content\/uploads\/sites\/10\/2018\/02\/fasching-003.jpg'><img loading=\"lazy\" decoding=\"async\" width=\"80\" height=\"80\" src=\"https:\/\/www.vfl-westercelle.de\/jd\/wp-content\/uploads\/sites\/10\/2018\/02\/fasching-003-80x80.jpg\" class=\"attachment-thumbnail size-thumbnail\" alt=\"\" srcset=\"https:\/\/www.vfl-westercelle.de\/jd\/wp-content\/uploads\/sites\/10\/2018\/02\/fasching-003-80x80.jpg 80w, https:\/\/www.vfl-westercelle.de\/jd\/wp-content\/uploads\/sites\/10\/2018\/02\/fasching-003-36x36.jpg 36w, https:\/\/www.vfl-westercelle.de\/jd\/wp-content\/uploads\/sites\/10\/2018\/02\/fasching-003-180x180.jpg 180w, https:\/\/www.vfl-westercelle.de\/jd\/wp-content\/uploads\/sites\/10\/2018\/02\/fasching-003-120x120.jpg 120w, https:\/\/www.vfl-westercelle.de\/jd\/wp-content\/uploads\/sites\/10\/2018\/02\/fasching-003-450x450.jpg 450w\" sizes=\"auto, (max-width: 80px) 100vw, 80px\" \/><\/a>\n\t\t\t<\/dt><\/dl><dl class='gallery-item'>\n\t\t\t<dt class='gallery-icon landscape'>\n\t\t\t\t<a href='https:\/\/www.vfl-westercelle.de\/jd\/wp-content\/uploads\/sites\/10\/2018\/02\/fasching-002.jpg'><img loading=\"lazy\" decoding=\"async\" width=\"80\" height=\"80\" src=\"https:\/\/www.vfl-westercelle.de\/jd\/wp-content\/uploads\/sites\/10\/2018\/02\/fasching-002-80x80.jpg\" class=\"attachment-thumbnail size-thumbnail\" alt=\"\" srcset=\"https:\/\/www.vfl-westercelle.de\/jd\/wp-content\/uploads\/sites\/10\/2018\/02\/fasching-002-80x80.jpg 80w, https:\/\/www.vfl-westercelle.de\/jd\/wp-content\/uploads\/sites\/10\/2018\/02\/fasching-002-36x36.jpg 36w, https:\/\/www.vfl-westercelle.de\/jd\/wp-content\/uploads\/sites\/10\/2018\/02\/fasching-002-180x180.jpg 180w, https:\/\/www.vfl-westercelle.de\/jd\/wp-content\/uploads\/sites\/10\/2018\/02\/fasching-002-120x120.jpg 120w, https:\/\/www.vfl-westercelle.de\/jd\/wp-content\/uploads\/sites\/10\/2018\/02\/fasching-002-450x450.jpg 450w\" sizes=\"auto, (max-width: 80px) 100vw, 80px\" \/><\/a>\n\t\t\t<\/dt><\/dl><dl class='gallery-item'>\n\t\t\t<dt class='gallery-icon '>\n\t\t\t\t<a href='https:\/\/www.vfl-westercelle.de\/jd\/wp-content\/uploads\/sites\/10\/2018\/02\/fasching-001.jpg'><img loading=\"lazy\" decoding=\"async\" width=\"1\" height=\"1\" src=\"https:\/\/www.vfl-westercelle.de\/jd\/wp-content\/uploads\/sites\/10\/2018\/02\/fasching-001.jpg\" class=\"attachment-thumbnail size-thumbnail\" alt=\"\" \/><\/a>\n\t\t\t<\/dt><\/dl>\n\t\t\t<br style='clear: both' \/>\n\t\t<\/div>\n\n","protected":false},"excerpt":{"rendered":"<p>Wie auch im vergangenem Jahr veranstaltete der VfL Westercelle auch am diesj\u00e4hrigen Rosenmontag in der Nadelberghalle eine Faschingsfeier. In der bunt geschm\u00fcckten Halle wurde ausgelassen von den kost\u00fcmierten Kindern Fasching gefeiert.\u00a0 An verschiedenen Stationen, wie z.B. Lianenschwingen, Sackh\u00fcpfen oder Bankrutschen konnten die Kinder herumtoben und sich spannende Wettrennen untereinander liefern. Unter anderem gab es auch <a class=\"read-more-link\" href=\"https:\/\/www.vfl-westercelle.de\/jd\/spiel-spass-und-tanz-am-rosenmontag\/\">[&#8230; weiterlesen]<\/a><\/p>\n","protected":false},"author":1,"featured_media":257,"comment_status":"closed","ping_status":"closed","sticky":false,"template":"","format":"standard","meta":{"footnotes":""},"categories":[4],"tags":[],"class_list":["post-270","post","type-post","status-publish","format-standard","has-post-thumbnail","hentry","category-jazzdance"],"_links":{"self":[{"href":"https:\/\/www.vfl-westercelle.de\/jd\/wp-json\/wp\/v2\/posts\/270","targetHints":{"allow":["GET"]}}],"collection":[{"href":"https:\/\/www.vfl-westercelle.de\/jd\/wp-json\/wp\/v2\/posts"}],"about":[{"href":"https:\/\/www.vfl-westercelle.de\/jd\/wp-json\/wp\/v2\/types\/post"}],"author":[{"embeddable":true,"href":"https:\/\/www.vfl-westercelle.de\/jd\/wp-json\/wp\/v2\/users\/1"}],"replies":[{"embeddable":true,"href":"https:\/\/www.vfl-westercelle.de\/jd\/wp-json\/wp\/v2\/comments?post=270"}],"version-history":[{"count":2,"href":"https:\/\/www.vfl-westercelle.de\/jd\/wp-json\/wp\/v2\/posts\/270\/revisions"}],"predecessor-version":[{"id":272,"href":"https:\/\/www.vfl-westercelle.de\/jd\/wp-json\/wp\/v2\/posts\/270\/revisions\/272"}],"wp:featuredmedia":[{"embeddable":true,"href":"https:\/\/www.vfl-westercelle.de\/jd\/wp-json\/wp\/v2\/media\/257"}],"wp:attachment":[{"href":"https:\/\/www.vfl-westercelle.de\/jd\/wp-json\/wp\/v2\/media?parent=270"}],"wp:term":[{"taxonomy":"category","embeddable":true,"href":"https:\/\/www.vfl-westercelle.de\/jd\/wp-json\/wp\/v2\/categories?post=270"},{"taxonomy":"post_tag","embeddable":true,"href":"https:\/\/www.vfl-westercelle.de\/jd\/wp-json\/wp\/v2\/tags?post=270"}],"curies":[{"name":"wp","href":"https:\/\/api.w.org\/{rel}","templated":true}]}}