{"id":402,"date":"2018-05-06T17:38:03","date_gmt":"2018-05-06T15:38:03","guid":{"rendered":"http:\/\/www.vfl-westercelle.de\/jd\/?p=402"},"modified":"2018-05-06T17:45:00","modified_gmt":"2018-05-06T15:45:00","slug":"vitesse-schliesst-saison-mit-einem-sieg-ab","status":"publish","type":"post","link":"https:\/\/www.vfl-westercelle.de\/jd\/vitesse-schliesst-saison-mit-einem-sieg-ab\/","title":{"rendered":"Vitesse schlie\u00dft Saison mit einem Sieg ab"},"content":{"rendered":"<p>Vitesse er\u00f6ffnete ihre Saison in Celle mit einem 4. Platz und einer sehr gemischten Wertung die auf mehr hoffen lie\u00df.<\/p>\n<p>Nach dem Saisonauftakt hatte Trainerin Seidler noch ein paar Verbesserungen im Blick. Zur Umsetzung dieser lud die Formation sich Choreografin Susanne Gauf ein, die nochmal einen Blick \u00fcber die Choreografie warf. Mit ein paar Neuerungen und deutlich klareren Linien in den Formationen machte man sich also auf nach Stelle zum zweiten Turnier. Die Vorrunde lief laut Trainerin Seidler rund, nur auf die Synchronit\u00e4t sollten die M\u00e4dels nochmal mehr achten. Diese gute Leistung wurde dann auch direkt mit dem Einzug ins Finale belohnt. Vor dem Finale waren die T\u00e4nzerinnen doch deutlich nerv\u00f6ser, was man ihnen auf der Fl\u00e4che auch ansah. Es schlichen sich, laut Trainerin Seidler ein paar Wackler und Patzer ein. Mit mulmigen Gef\u00fchl ging es dann also zur offenen Wertung der f\u00fcnf Wertungsrichter. Es folgte gro\u00dfer Jubel, mit der Wertung 3,6,4,3,3 sahen die Wertungsrichter sie klar auf dem dritten Platz. Das Ziel eines Treppchenplatzes war erreicht.<!--more--><\/p>\n<p>Zum dritten Turnier ging es dann eine woche sp\u00e4ter nach Sch\u00f6ningen. Dort tanzten sich die M\u00e4dels durch 3 Runden und konnten sich sogar um einen weiteren Platz nach vorne k\u00e4mpfen. Mit dem Silberrang im Gep\u00e4ck ging es dann am Samstag nach Cottbus zum Saisonabschluss. Nach Rang 4-2 war man wiederum gespannt was der Tag bringen w\u00fcrde. Nach einer noch etwas wackeligen Vorrunde schaffte man den Sprung \u00fcber die Zwischenrunde bis ins Finale der besten 6 Teams. Wiederum warteten leicht gemischte Wertungen auf die vielen T\u00e4nzer. Nicht so bei Vitesse, die Wertung 3-1-1-1-2 bedeutete tats\u00e4chlich den Turniersieg. Dieser kr\u00f6nende Abschluss brachte den M\u00e4dels dann auch den silbernen Rang in der Abschlusstabelle, den sie sich Punktgleich mit Berlin teilen. Den Gesamtsieg sicherte sich die Formation &#8222;In2Jazz&#8220;, die somit n\u00e4chstes Jahr in der 2. Bundesliga antreten wird.<\/p>\n<p>Foto: Francesco Cordeddu<\/p>\n","protected":false},"excerpt":{"rendered":"<p>Vitesse er\u00f6ffnete ihre Saison in Celle mit einem 4. Platz und einer sehr gemischten Wertung die auf mehr hoffen lie\u00df. Nach dem Saisonauftakt hatte Trainerin Seidler noch ein paar Verbesserungen im Blick. Zur Umsetzung dieser lud die Formation sich Choreografin Susanne Gauf ein, die nochmal einen Blick \u00fcber die Choreografie warf. Mit ein paar Neuerungen <a class=\"read-more-link\" href=\"https:\/\/www.vfl-westercelle.de\/jd\/vitesse-schliesst-saison-mit-einem-sieg-ab\/\">[&#8230; weiterlesen]<\/a><\/p>\n","protected":false},"author":1,"featured_media":403,"comment_status":"closed","ping_status":"closed","sticky":false,"template":"","format":"standard","meta":{"footnotes":""},"categories":[4],"tags":[],"class_list":["post-402","post","type-post","status-publish","format-standard","has-post-thumbnail","hentry","category-jazzdance"],"_links":{"self":[{"href":"https:\/\/www.vfl-westercelle.de\/jd\/wp-json\/wp\/v2\/posts\/402","targetHints":{"allow":["GET"]}}],"collection":[{"href":"https:\/\/www.vfl-westercelle.de\/jd\/wp-json\/wp\/v2\/posts"}],"about":[{"href":"https:\/\/www.vfl-westercelle.de\/jd\/wp-json\/wp\/v2\/types\/post"}],"author":[{"embeddable":true,"href":"https:\/\/www.vfl-westercelle.de\/jd\/wp-json\/wp\/v2\/users\/1"}],"replies":[{"embeddable":true,"href":"https:\/\/www.vfl-westercelle.de\/jd\/wp-json\/wp\/v2\/comments?post=402"}],"version-history":[{"count":2,"href":"https:\/\/www.vfl-westercelle.de\/jd\/wp-json\/wp\/v2\/posts\/402\/revisions"}],"predecessor-version":[{"id":406,"href":"https:\/\/www.vfl-westercelle.de\/jd\/wp-json\/wp\/v2\/posts\/402\/revisions\/406"}],"wp:featuredmedia":[{"embeddable":true,"href":"https:\/\/www.vfl-westercelle.de\/jd\/wp-json\/wp\/v2\/media\/403"}],"wp:attachment":[{"href":"https:\/\/www.vfl-westercelle.de\/jd\/wp-json\/wp\/v2\/media?parent=402"}],"wp:term":[{"taxonomy":"category","embeddable":true,"href":"https:\/\/www.vfl-westercelle.de\/jd\/wp-json\/wp\/v2\/categories?post=402"},{"taxonomy":"post_tag","embeddable":true,"href":"https:\/\/www.vfl-westercelle.de\/jd\/wp-json\/wp\/v2\/tags?post=402"}],"curies":[{"name":"wp","href":"https:\/\/api.w.org\/{rel}","templated":true}]}}