{"id":407,"date":"2018-09-20T08:22:26","date_gmt":"2018-09-20T06:22:26","guid":{"rendered":"http:\/\/www.vfl-westercelle.de\/jd\/2018\/09\/20\/modern-taenzerin-kira-skibba-gewinnt-bei-ranglistenturnier\/"},"modified":"2018-09-20T08:24:05","modified_gmt":"2018-09-20T06:24:05","slug":"modern-taenzerin-kira-skibba-gewinnt-bei-ranglistenturnier","status":"publish","type":"post","link":"https:\/\/www.vfl-westercelle.de\/jd\/modern-taenzerin-kira-skibba-gewinnt-bei-ranglistenturnier\/","title":{"rendered":"Modern T\u00e4nzerin Kira Skibba gewinnt bei Ranglistenturnier"},"content":{"rendered":"<p>Am Wochenende wurde in Recklinghausen die Solo- und Duo-Saison eingel\u00e4utet. Hier geht es in zwei Turnieren um die Qualifikation zum Deutschlandpokal und dort wiederum um die Quali zu Weltmeisterschaft in Polen.<\/p>\n<p>Drei T\u00e4nzerinnen sind f\u00fcr den VfL Westercelle bei den Solos in der Hauptgruppe angetreten. Mit insgesamt 34 Starterinnen war dies das gr\u00f6\u00dfte Teilnehmerfeld des gesamten Wochenendes und f\u00fcr Diana und Jona war es das erste Mal, dass sie allein auf die Tanzfl\u00e4che traten. Dementsprechend nerv\u00f6s waren die beiden vor ihrem ersten Auftritt. Jona musste direkt als 3. auf die Fl\u00e4che, ganz zufrieden war sie zwar nicht mit ihrem Auftritt, dennoch war sie stolz das erste Mal alleine auf der Fl\u00e4che gestanden zu haben.<!--more--><\/p>\n<p>Diana arbeitete w\u00e4hrend der Sommerferien intensiv mit Andreas Schmidt zusammen und erarbeitete ihre Choreografie in vielen extra Trainingseinheiten. Das viele Training hat sich ausgezahlt, alle Schwierigkeiten sa\u00dfen und sie legte eine ordentliche erste Runde hin. Ebenso gelang es Kira die Wertungsrichter in der ersten Runde zu \u00fcberzeugen. F\u00fcr Jona war nach der ersten Runde leider schon Schluss und sie musste sich mit dem 27. Platz begn\u00fcgen. F\u00fcr sie hei\u00dft es nun weiter dran bleiben um Ende Oktober in Wilsdruff wieder anzugreifen um noch ein paar Punkte zu sammeln. Diana und Kira durften erneut auf die Fl\u00e4che und tanzten sich durch zwei weitere Runden bis unter die besten 15 T\u00e4nzerinnen. Nach der Runde war dann auch f\u00fcr Diana Schluss, als j\u00fcngste Teilnehmerin dieser Kategorie lie\u00df sie 23 Starterinnen hinter sich und schrammte mit dem 11. Platz knapp an der Top Ten vorbei. Eine gro\u00dfartige Leistung f\u00fcr ihr Solo Debut.<\/p>\n<p><a href=\"http:\/\/www.vfl-westercelle.de\/wp-content\/uploads\/2018\/09\/HAUPTBILD_Kira.jpg\"><img loading=\"lazy\" decoding=\"async\" class=\"alignleft size-medium wp-image-5186\" src=\"http:\/\/www.vfl-westercelle.de\/wp-content\/uploads\/2018\/09\/HAUPTBILD_Kira-300x261.jpg\" alt=\"\" width=\"300\" height=\"261\" \/><\/a>F\u00fcr Kira sollte der Tag noch nicht beendet sein, der Jubel war gro\u00df als ihr Name f\u00fcr die Finalteilnehmer fiel. Das bedeutete jetzt schon, dass sie unter den besten 5 T\u00e4nzerinnen des Tages lag, was gleichzeitig bereits ihre beste Leistung als Solistin war. Nun hie\u00df es also Endspurt, Choreografin Kristina Krieger, die mit Kira zusammen die Choreografie erstellte stimmte sie nochmal auf ihr St\u00fcck ein und gab letzte Tipps. Die drei vorangegangen Runden haben viel Kraft gekostet und es ging auch darum wer am Ende noch genug Reserven hat um die 2-min\u00fctige Choreografie fehlerfrei zu tanzen. Kira gelang dies mit Bravour, sie legte eine souver\u00e4ne Performance auf die Fl\u00e4che und zog nochmals alle Zuschauer und Wertungsrichter in den Bann. Da es an diesem Tag aus zeittechnischen Gr\u00fcnden keine offene Wertung f\u00fcr die T\u00e4nzer gab, war die Spannung bei der Siegerehrung um so gr\u00f6\u00dfer. Mit jedem Platz bei dem Kiras Name nicht fiel, wurde es ihr immer schwerer zu realisieren was hier gerade passierte. Am Ende wurde es dann tats\u00e4chlich der Turniersieg vor Kristina Haar aus Saarlouis und Carly Crane aus Egelsbach und das erste Mal, dass eine nieders\u00e4chsische T\u00e4nzerin diese Kategorie gewinnen konnte. Gleichzeitig bedeutet dies auch, dass sich Kira bereits jetzt f\u00fcr den Deutschlandpokal im November qualifiziert hat.<\/p>\n<p>Fotos: Jana Horne<\/p>\n","protected":false},"excerpt":{"rendered":"<p>Am Wochenende wurde in Recklinghausen die Solo- und Duo-Saison eingel\u00e4utet. Hier geht es in zwei Turnieren um die Qualifikation zum Deutschlandpokal und dort wiederum um die Quali zu Weltmeisterschaft in Polen. Drei T\u00e4nzerinnen sind f\u00fcr den VfL Westercelle bei den Solos in der Hauptgruppe angetreten. Mit insgesamt 34 Starterinnen war dies das gr\u00f6\u00dfte Teilnehmerfeld des <a class=\"read-more-link\" href=\"https:\/\/www.vfl-westercelle.de\/jd\/modern-taenzerin-kira-skibba-gewinnt-bei-ranglistenturnier\/\">[&#8230; weiterlesen]<\/a><\/p>\n","protected":false},"author":1,"featured_media":412,"comment_status":"closed","ping_status":"closed","sticky":false,"template":"","format":"standard","meta":{"footnotes":""},"categories":[4],"tags":[],"class_list":["post-407","post","type-post","status-publish","format-standard","has-post-thumbnail","hentry","category-jazzdance"],"_links":{"self":[{"href":"https:\/\/www.vfl-westercelle.de\/jd\/wp-json\/wp\/v2\/posts\/407","targetHints":{"allow":["GET"]}}],"collection":[{"href":"https:\/\/www.vfl-westercelle.de\/jd\/wp-json\/wp\/v2\/posts"}],"about":[{"href":"https:\/\/www.vfl-westercelle.de\/jd\/wp-json\/wp\/v2\/types\/post"}],"author":[{"embeddable":true,"href":"https:\/\/www.vfl-westercelle.de\/jd\/wp-json\/wp\/v2\/users\/1"}],"replies":[{"embeddable":true,"href":"https:\/\/www.vfl-westercelle.de\/jd\/wp-json\/wp\/v2\/comments?post=407"}],"version-history":[{"count":1,"href":"https:\/\/www.vfl-westercelle.de\/jd\/wp-json\/wp\/v2\/posts\/407\/revisions"}],"predecessor-version":[{"id":410,"href":"https:\/\/www.vfl-westercelle.de\/jd\/wp-json\/wp\/v2\/posts\/407\/revisions\/410"}],"wp:featuredmedia":[{"embeddable":true,"href":"https:\/\/www.vfl-westercelle.de\/jd\/wp-json\/wp\/v2\/media\/412"}],"wp:attachment":[{"href":"https:\/\/www.vfl-westercelle.de\/jd\/wp-json\/wp\/v2\/media?parent=407"}],"wp:term":[{"taxonomy":"category","embeddable":true,"href":"https:\/\/www.vfl-westercelle.de\/jd\/wp-json\/wp\/v2\/categories?post=407"},{"taxonomy":"post_tag","embeddable":true,"href":"https:\/\/www.vfl-westercelle.de\/jd\/wp-json\/wp\/v2\/tags?post=407"}],"curies":[{"name":"wp","href":"https:\/\/api.w.org\/{rel}","templated":true}]}}