{"id":434,"date":"2019-11-02T18:41:06","date_gmt":"2019-11-02T17:41:06","guid":{"rendered":"http:\/\/www.vfl-westercelle.de\/jd\/2019\/11\/02\/vitesse-gewinnt-regionalmeisterschaft-nord-der-smallgroups\/"},"modified":"2019-11-02T18:41:08","modified_gmt":"2019-11-02T17:41:08","slug":"vitesse-gewinnt-regionalmeisterschaft-nord-der-smallgroups","status":"publish","type":"post","link":"https:\/\/www.vfl-westercelle.de\/jd\/vitesse-gewinnt-regionalmeisterschaft-nord-der-smallgroups\/","title":{"rendered":"Vitesse gewinnt Regionalmeisterschaft Nord der Smallgroups"},"content":{"rendered":"\n<p>Offene Wertung: F\u00fcnf Tafeln mit f\u00fcnf Zahlen werden in die H\u00f6he gehalten &#8211; danach lautes Gekreische und wilde Umarmungen.<\/p>\n\n\n\n<p>Am Ende bekommen die M\u00e4dels von Vitesse die Goldmedaille umgeh\u00e4ngt und d\u00fcrfen sich Regionalmeister Nord der Smallgroups im Modern Dance nennen.<\/p>\n\n\n\n<p>Am 27.10.19 traf sich die Modern Dance Szene des Nordens in Wunstorf zur Regionalmeisterschaft der Smallgroups sowie dem Newcomer Pokal f\u00fcr Solisten und Duos.<\/p>\n\n\n\n<p>Abseits von den Ranglistenturnieren der Solisten und Duos haben, junge Talente beim Newcomer-Pokal die Chance sich das erste Mal alleine auf der Fl\u00e4che zu pr\u00e4sentieren und erste Erfahrungen in diesen Wettbewerbsarten zu sammeln. Vom VfL Westercelle waren an diesem Tag zwei T\u00e4nzerinnen am Start. Lisa Tatu zeigte ihr Solo \u201ei really hate myself\u201c und Merle Stellmach pr\u00e4sentierte ihr St\u00fcck \u201esoldier\u201c das erste Mal den Wertungsrichtern. Eine souver\u00e4ne erste Runde sicherte beiden den Einzug in die Zwischenrunde der besten 10. Ins Finale schafften es dann nur 5 Solisten und Merle war mit dabei, Lisa verpasste den Sprung in die letzte Runde denkbar knapp und durfte sich in ihrem ersten Jahr als Solistin \u00fcber einen 6. Platz freuen. Auch im Finale zeigte Merle ihre mit technisch anspruchsvollen Schwierigkeiten und akrobatischen Elementen gespickte Choreografie nochmals fehlerfrei und wartete im Anschluss gespannt auf die Wertung. Gro\u00dfer Jubel brach aus, denn die 5 Wertungsrichter sahen sie klar auf dem 2. Platz.&nbsp;<\/p>\n\n\n\n<p>Eine beachtliche Leistung auch deshalb weil dies nicht der einzige Wettbewerb war, den Merle an dem Tag bestreiten musste, denn sie war auch Teil der Smallgroup \u201eVitesse\u201c.<\/p>\n\n\n\n<p>Anders als in der Formation d\u00fcrfen in einer Smallgroup nur maximal 7 T\u00e4nzer auf der Fl\u00e4che stehen und die Modern Dance Formation Vitesse vom VfL Westercelle nahm in diesem Jahr zum ersten Mal an dieser Wettbewerbsform teil. Mit Trainer und Choreograf Andreas Schmidt machten sich die M\u00e4dels daran ihre aktuelle Saison-Choreografie\u201eGer\u00fcchte\u201c so abzu\u00e4ndern, dass sie f\u00fcr 7 T\u00e4nzer passt.<\/p>\n\n\n\n<p>Die Musik wurde gek\u00fcrzt, denn das St\u00fcck darf nicht so lang sein wie bei den Formationen und es wurde ordentlich umgestellt um auch mit 7 T\u00e4nzern die Fl\u00e4che gut zu f\u00fcllen. Ebenfalls neu f\u00fcr Vitesse waren auch die so genannten \u201eGruppen-Lifts\u201c. Bisher durften sie in der Regionalliga nur Lifts zeigen, an denen 2 Personen beteiligt sind, in den Bundesligen, sowie in den Wettbewerben der Smallgroups d\u00fcrfen auch mehr als 2 T\u00e4nzer an einer Hebung beteiligt sein. Eine gute \u00dcbung f\u00fcr Vitesse, die im n\u00e4chsten Jahr in der 2. Bundesliga starten d\u00fcrfen. Eine Woche vor dem Turnier dann der Schock, Choreograf Andreas Schmidt, der auch als T\u00e4nzer in der Smallgroup mitwirken sollte verletzte sich und es war nicht sicher ob er tanzen k\u00f6nne. Zwei Tage vor dem Start folgte dann die Entscheidung, er konnte nicht tanzen. Nun hie\u00df es umstellen, umlernen und so tun als wenn das St\u00fcck nur f\u00fcr 6 T\u00e4nzer konzipiert wurde. Der Sonntag startete mit den Stellproben, dort w\u00fcrde sich zeigen ob die \u00c4nderungen alle sitzen und das Ganze auch auf der gro\u00dfen Fl\u00e4che wirkt. Trainer Andreas war f\u00fcrs Erste zufrieden, ein bisschen Luft nach oben ist allerdings immer und er hoffte, dass wenn das Kost\u00fcm und das Make-up erstmal sitzen und die Trib\u00fcne voll ist, die M\u00e4dels noch eine Schippe drauf legen k\u00f6nnen.<\/p>\n\n\n\n<p>Die Vorrunde folgte, alles klappte, kaum Wackler und die Energie war im Vergleich zur Stellprobe auch schon viel besser, man war also erstmal zufrieden. Nun wurde die Konkurrenz genau begutachtet und die war nicht auf die leichte Schulter zu nehmen. Da der Wettbewerb offen ist trat man sowohl gegen Smallgroups aus der Landesliga als auch aus der 1. Bundesliga an, das Niveau war also sehr gemischt. F\u00fcrs Finale reichte es f\u00fcr Vitesse schonmal, zusammen mit 4 weiteren Smallgroups durften sie nochmal auf die Fl\u00e4che. Nochmals wurden sie von Andreas eingeschworen und mental auf die Runde vorbereitet. Das sehr provokative St\u00fcck lebt von der Pr\u00e4sentation und der Ehrlichkeit der T\u00e4nzerinnen und genau das versuchte der Trainer nochmal aus seinen Sch\u00fctzlingen rauszukitzeln. Im Finale konnten die M\u00e4dels wie vom Trainer verlangt nochmal eine Schippe drauflegen, dieser war also zufrieden und zusammen wartete man auf den spannendsten Moment des Tages: die offene Wertung.<\/p>\n\n\n\n<p>Es musste mindestens ein dritter Platz her um sich f\u00fcr die Deutsche Meisterschaft zu qualifizieren und alle 5 Teams des Finals wollten um die Vergabe dieser Pl\u00e4tze mitreden. Gro\u00dfer Jubel brach bei Vitesse aus als sie die Wertung 2-1-2-2-2 erhielten, Qualifikation geschafft, 2. Platz, so dachte man zumindest. Bei der Siegerehrung dann die \u00dcberraschung, dadurch dass die Wertungen der anderen Teams so unterschiedlich ausfielen, konnte Vitesse trotz ihrer Majorit\u00e4t zum 2. Platz das Turnier gewinnen und die T\u00e4nzer nahmen stolz ihre Goldmedaille entgegen. Auf den 2. Platz folgte mit knappen R\u00fcckstand \u201eFearless\u201c aus Wolfsburg und auf dem 3. Platz \u201eTopas\u201c aus Hamburg.&nbsp;<\/p>\n\n\n\n<p>Nun heisst es weiter trainieren, denn am 09. November geht es schon weiter bei der Deutschen Meisterschaft in Dorsten.<br><\/p>\n","protected":false},"excerpt":{"rendered":"<p>Offene Wertung: F\u00fcnf Tafeln mit f\u00fcnf Zahlen werden in die H\u00f6he gehalten &#8211; danach lautes Gekreische und wilde Umarmungen. Am Ende bekommen die M\u00e4dels von Vitesse die Goldmedaille umgeh\u00e4ngt und d\u00fcrfen sich Regionalmeister Nord der Smallgroups im Modern Dance nennen. Am 27.10.19 traf sich die Modern Dance Szene des Nordens in Wunstorf zur Regionalmeisterschaft der <a class=\"read-more-link\" href=\"https:\/\/www.vfl-westercelle.de\/jd\/vitesse-gewinnt-regionalmeisterschaft-nord-der-smallgroups\/\">[&#8230; weiterlesen]<\/a><\/p>\n","protected":false},"author":1,"featured_media":435,"comment_status":"closed","ping_status":"closed","sticky":false,"template":"","format":"standard","meta":{"footnotes":""},"categories":[4],"tags":[],"class_list":["post-434","post","type-post","status-publish","format-standard","has-post-thumbnail","hentry","category-jazzdance"],"_links":{"self":[{"href":"https:\/\/www.vfl-westercelle.de\/jd\/wp-json\/wp\/v2\/posts\/434","targetHints":{"allow":["GET"]}}],"collection":[{"href":"https:\/\/www.vfl-westercelle.de\/jd\/wp-json\/wp\/v2\/posts"}],"about":[{"href":"https:\/\/www.vfl-westercelle.de\/jd\/wp-json\/wp\/v2\/types\/post"}],"author":[{"embeddable":true,"href":"https:\/\/www.vfl-westercelle.de\/jd\/wp-json\/wp\/v2\/users\/1"}],"replies":[{"embeddable":true,"href":"https:\/\/www.vfl-westercelle.de\/jd\/wp-json\/wp\/v2\/comments?post=434"}],"version-history":[{"count":0,"href":"https:\/\/www.vfl-westercelle.de\/jd\/wp-json\/wp\/v2\/posts\/434\/revisions"}],"wp:featuredmedia":[{"embeddable":true,"href":"https:\/\/www.vfl-westercelle.de\/jd\/wp-json\/wp\/v2\/media\/435"}],"wp:attachment":[{"href":"https:\/\/www.vfl-westercelle.de\/jd\/wp-json\/wp\/v2\/media?parent=434"}],"wp:term":[{"taxonomy":"category","embeddable":true,"href":"https:\/\/www.vfl-westercelle.de\/jd\/wp-json\/wp\/v2\/categories?post=434"},{"taxonomy":"post_tag","embeddable":true,"href":"https:\/\/www.vfl-westercelle.de\/jd\/wp-json\/wp\/v2\/tags?post=434"}],"curies":[{"name":"wp","href":"https:\/\/api.w.org\/{rel}","templated":true}]}}