{"id":87,"date":"2017-09-23T10:39:17","date_gmt":"2017-09-23T09:39:17","guid":{"rendered":"http:\/\/www.vfl-westercelle.de\/jd\/2017\/09\/23\/erfolgreiches-erstes-ranglistenturnier-in-wuppertal\/"},"modified":"2018-01-10T15:20:25","modified_gmt":"2018-01-10T14:20:25","slug":"erfolgreiches-erstes-ranglistenturnier-in-wuppertal","status":"publish","type":"post","link":"https:\/\/www.vfl-westercelle.de\/jd\/erfolgreiches-erstes-ranglistenturnier-in-wuppertal\/","title":{"rendered":"Erfolgreiches erstes Ranglistenturnier in Wuppertal"},"content":{"rendered":"<p>W\u00e4hrend die Saison der Formationen bereits vorbei ist, haben unsere Solisten in der Sommerpause flei\u00dfig weiter trainiert. Vergangenes Wochenende stand dann das erste Ranglistenturnier in Wuppertal an. Am Samstag startete Kira Skibba im starken Feld der der Solistinnen in der Hauptgruppe. Mit ihrem d\u00fcsteren St\u00fcck zum Thema Sch\u00f6nheitswahn tanzte sie sich bis in die zweite Zwischenrunde. Am Ende verpasste sie nur knapp das Finale der besten 7 T\u00e4nzerinnen und landete auf einem hervorragendem geteilten 8. Platz. Am Sonntag gingen dann unsere drei Duos an den Start. W\u00e4hrend Laura und Fin den Sprung in die zweite Runde mit dem 13. Platz knapp verpassten, durften Diana und Jona sowie Sarah und Juliane ihre Duos nochmal zeigen. Im Finale der besten 6 Duos waren sie zwar nicht mehr vertreten, jedoch waren beide Duos mit einem geteilten 10. Platz sehr zufrieden.<\/p>\n","protected":false},"excerpt":{"rendered":"<p>W\u00e4hrend die Saison der Formationen bereits vorbei ist, haben unsere Solisten in der Sommerpause flei\u00dfig weiter trainiert. Vergangenes Wochenende stand dann das erste Ranglistenturnier in Wuppertal an. Am Samstag startete Kira Skibba im starken Feld der der Solistinnen in der Hauptgruppe. Mit ihrem d\u00fcsteren St\u00fcck zum Thema Sch\u00f6nheitswahn tanzte sie sich bis in die zweite <a class=\"read-more-link\" href=\"https:\/\/www.vfl-westercelle.de\/jd\/erfolgreiches-erstes-ranglistenturnier-in-wuppertal\/\">[&#8230; weiterlesen]<\/a><\/p>\n","protected":false},"author":1,"featured_media":88,"comment_status":"closed","ping_status":"closed","sticky":false,"template":"","format":"standard","meta":{"footnotes":""},"categories":[4],"tags":[],"class_list":["post-87","post","type-post","status-publish","format-standard","has-post-thumbnail","hentry","category-jazzdance"],"_links":{"self":[{"href":"https:\/\/www.vfl-westercelle.de\/jd\/wp-json\/wp\/v2\/posts\/87","targetHints":{"allow":["GET"]}}],"collection":[{"href":"https:\/\/www.vfl-westercelle.de\/jd\/wp-json\/wp\/v2\/posts"}],"about":[{"href":"https:\/\/www.vfl-westercelle.de\/jd\/wp-json\/wp\/v2\/types\/post"}],"author":[{"embeddable":true,"href":"https:\/\/www.vfl-westercelle.de\/jd\/wp-json\/wp\/v2\/users\/1"}],"replies":[{"embeddable":true,"href":"https:\/\/www.vfl-westercelle.de\/jd\/wp-json\/wp\/v2\/comments?post=87"}],"version-history":[{"count":0,"href":"https:\/\/www.vfl-westercelle.de\/jd\/wp-json\/wp\/v2\/posts\/87\/revisions"}],"wp:featuredmedia":[{"embeddable":true,"href":"https:\/\/www.vfl-westercelle.de\/jd\/wp-json\/wp\/v2\/media\/88"}],"wp:attachment":[{"href":"https:\/\/www.vfl-westercelle.de\/jd\/wp-json\/wp\/v2\/media?parent=87"}],"wp:term":[{"taxonomy":"category","embeddable":true,"href":"https:\/\/www.vfl-westercelle.de\/jd\/wp-json\/wp\/v2\/categories?post=87"},{"taxonomy":"post_tag","embeddable":true,"href":"https:\/\/www.vfl-westercelle.de\/jd\/wp-json\/wp\/v2\/tags?post=87"}],"curies":[{"name":"wp","href":"https:\/\/api.w.org\/{rel}","templated":true}]}}