{"id":91,"date":"2017-03-23T01:04:13","date_gmt":"2017-03-23T00:04:13","guid":{"rendered":"http:\/\/www.vfl-westercelle.de\/jd\/2017\/03\/23\/dream-team-und-vitesse-starten-in-die-saison\/"},"modified":"2018-01-10T15:20:38","modified_gmt":"2018-01-10T14:20:38","slug":"dream-team-und-vitesse-starten-in-die-saison","status":"publish","type":"post","link":"https:\/\/www.vfl-westercelle.de\/jd\/dream-team-und-vitesse-starten-in-die-saison\/","title":{"rendered":"Dream Team und Vitesse starten in die Saison"},"content":{"rendered":"<p>Vitesse hat bereits 2 der 4 Saisonturniere in der 2. Bundesliga bestritten. Nach einem holprigen Start mit einem 10. Platz konnte sich die Formation von Sonja Seidler am vergangenen Wochenende in Berlin bereits um zwei Pl\u00e4tze auf einen 8. Platz steigern. Weitere Turniere folgen in Sch\u00f6ningen und Wuppertal.<\/p>\n<p>Das Dream Team gelang dagegen ein Traumstart. Nachdem sie letztes Jahr noch in der Jugend an den Start gingen, tanzen sie dieses Jahr in der Hauptgruppe. Das erste Turnier konnten sie souver\u00e4n f\u00fcr sich entscheiden. F\u00fcr die Formation stehen noch drei weitere Turniere auf dem Plan.<\/p>\n","protected":false},"excerpt":{"rendered":"<p>Vitesse hat bereits 2 der 4 Saisonturniere in der 2. Bundesliga bestritten. Nach einem holprigen Start mit einem 10. Platz konnte sich die Formation von Sonja Seidler am vergangenen Wochenende in Berlin bereits um zwei Pl\u00e4tze auf einen 8. Platz steigern. Weitere Turniere folgen in Sch\u00f6ningen und Wuppertal. Das Dream Team gelang dagegen ein Traumstart. <a class=\"read-more-link\" href=\"https:\/\/www.vfl-westercelle.de\/jd\/dream-team-und-vitesse-starten-in-die-saison\/\">[&#8230; weiterlesen]<\/a><\/p>\n","protected":false},"author":1,"featured_media":92,"comment_status":"closed","ping_status":"closed","sticky":false,"template":"","format":"standard","meta":{"footnotes":""},"categories":[4],"tags":[],"class_list":["post-91","post","type-post","status-publish","format-standard","has-post-thumbnail","hentry","category-jazzdance"],"_links":{"self":[{"href":"https:\/\/www.vfl-westercelle.de\/jd\/wp-json\/wp\/v2\/posts\/91","targetHints":{"allow":["GET"]}}],"collection":[{"href":"https:\/\/www.vfl-westercelle.de\/jd\/wp-json\/wp\/v2\/posts"}],"about":[{"href":"https:\/\/www.vfl-westercelle.de\/jd\/wp-json\/wp\/v2\/types\/post"}],"author":[{"embeddable":true,"href":"https:\/\/www.vfl-westercelle.de\/jd\/wp-json\/wp\/v2\/users\/1"}],"replies":[{"embeddable":true,"href":"https:\/\/www.vfl-westercelle.de\/jd\/wp-json\/wp\/v2\/comments?post=91"}],"version-history":[{"count":0,"href":"https:\/\/www.vfl-westercelle.de\/jd\/wp-json\/wp\/v2\/posts\/91\/revisions"}],"wp:featuredmedia":[{"embeddable":true,"href":"https:\/\/www.vfl-westercelle.de\/jd\/wp-json\/wp\/v2\/media\/92"}],"wp:attachment":[{"href":"https:\/\/www.vfl-westercelle.de\/jd\/wp-json\/wp\/v2\/media?parent=91"}],"wp:term":[{"taxonomy":"category","embeddable":true,"href":"https:\/\/www.vfl-westercelle.de\/jd\/wp-json\/wp\/v2\/categories?post=91"},{"taxonomy":"post_tag","embeddable":true,"href":"https:\/\/www.vfl-westercelle.de\/jd\/wp-json\/wp\/v2\/tags?post=91"}],"curies":[{"name":"wp","href":"https:\/\/api.w.org\/{rel}","templated":true}]}}