{"id":97,"date":"2016-12-07T18:50:56","date_gmt":"2016-12-07T17:50:56","guid":{"rendered":"http:\/\/www.vfl-westercelle.de\/jd\/2016\/12\/07\/jazzdance-sparte-feiert-ihr-jubilaeum\/"},"modified":"2018-01-10T15:20:56","modified_gmt":"2018-01-10T14:20:56","slug":"jazzdance-sparte-feiert-ihr-jubilaeum","status":"publish","type":"post","link":"https:\/\/www.vfl-westercelle.de\/jd\/jazzdance-sparte-feiert-ihr-jubilaeum\/","title":{"rendered":"Jazzdance Sparte feiert ihr Jubil\u00e4um"},"content":{"rendered":"<p>Traditionell beginnt die Jazzdance Sparte das Jahr mit ihrer Neujahrsgala. Im n\u00e4chsten Jahr steht diese unter ganz besonderem Motto, denn vor 20 Jahren betrat die erste Formation unter der Leitung von Sonja Seidler die Fl\u00e4che. 20 Jahre sp\u00e4ter blicken wir nun zur\u00fcck auf die vielen Erfolge, die unz\u00e4hligen Choreografien die entstanden sind und zeigen dem Zuschauer auch die rasante Entwicklung dieser Sportart.<br \/>\nAm 06. Januar 2017 laden wir die Zuschauer auf eine Zeitreise durch die vergangenen Jahre ein. Die besten und beeindruckensten Choreografien wurden ausgew\u00e4hlt und erstrahlen in neuem Glanz. Um 19 Uhr geht&#8217;s los und zum ersten Mal laden wir alle dazu in die HBG Halle ein.\u2028Wir freuen uns auf volle R\u00e4nge und einen tollen Abend!<\/p>\n","protected":false},"excerpt":{"rendered":"<p>Traditionell beginnt die Jazzdance Sparte das Jahr mit ihrer Neujahrsgala. Im n\u00e4chsten Jahr steht diese unter ganz besonderem Motto, denn vor 20 Jahren betrat die erste Formation unter der Leitung von Sonja Seidler die Fl\u00e4che. 20 Jahre sp\u00e4ter blicken wir nun zur\u00fcck auf die vielen Erfolge, die unz\u00e4hligen Choreografien die entstanden sind und zeigen dem <a class=\"read-more-link\" href=\"https:\/\/www.vfl-westercelle.de\/jd\/jazzdance-sparte-feiert-ihr-jubilaeum\/\">[&#8230; weiterlesen]<\/a><\/p>\n","protected":false},"author":1,"featured_media":98,"comment_status":"closed","ping_status":"closed","sticky":false,"template":"","format":"standard","meta":{"footnotes":""},"categories":[4],"tags":[],"class_list":["post-97","post","type-post","status-publish","format-standard","has-post-thumbnail","hentry","category-jazzdance"],"_links":{"self":[{"href":"https:\/\/www.vfl-westercelle.de\/jd\/wp-json\/wp\/v2\/posts\/97","targetHints":{"allow":["GET"]}}],"collection":[{"href":"https:\/\/www.vfl-westercelle.de\/jd\/wp-json\/wp\/v2\/posts"}],"about":[{"href":"https:\/\/www.vfl-westercelle.de\/jd\/wp-json\/wp\/v2\/types\/post"}],"author":[{"embeddable":true,"href":"https:\/\/www.vfl-westercelle.de\/jd\/wp-json\/wp\/v2\/users\/1"}],"replies":[{"embeddable":true,"href":"https:\/\/www.vfl-westercelle.de\/jd\/wp-json\/wp\/v2\/comments?post=97"}],"version-history":[{"count":0,"href":"https:\/\/www.vfl-westercelle.de\/jd\/wp-json\/wp\/v2\/posts\/97\/revisions"}],"wp:featuredmedia":[{"embeddable":true,"href":"https:\/\/www.vfl-westercelle.de\/jd\/wp-json\/wp\/v2\/media\/98"}],"wp:attachment":[{"href":"https:\/\/www.vfl-westercelle.de\/jd\/wp-json\/wp\/v2\/media?parent=97"}],"wp:term":[{"taxonomy":"category","embeddable":true,"href":"https:\/\/www.vfl-westercelle.de\/jd\/wp-json\/wp\/v2\/categories?post=97"},{"taxonomy":"post_tag","embeddable":true,"href":"https:\/\/www.vfl-westercelle.de\/jd\/wp-json\/wp\/v2\/tags?post=97"}],"curies":[{"name":"wp","href":"https:\/\/api.w.org\/{rel}","templated":true}]}}