{"id":1230,"date":"2016-12-11T14:55:06","date_gmt":"2016-12-11T13:55:06","guid":{"rendered":"http:\/\/www.vfl-westercelle.de\/ju-ju\/?p=1230"},"modified":"2018-05-02T18:24:04","modified_gmt":"2018-05-02T16:24:04","slug":"erfolgreicher-jahresabschluss-des-vfl-beim-x-mas-turnier","status":"publish","type":"post","link":"https:\/\/www.vfl-westercelle.de\/ju-ju\/erfolgreicher-jahresabschluss-des-vfl-beim-x-mas-turnier\/","title":{"rendered":"Erfolgreicher Jahresabschluss des VfL beim X-Mas Turnier"},"content":{"rendered":"<p>289 K\u00e4mpfer aus 49 Vereinen und f\u00fcnf L\u00e4ndern nahmen am 20. X-Mas Turnier in Oldenburg teil. Nach hochklassigen, spannenden und intensiven K\u00e4mpfen, haben die Ju-Jutsuka des VfL Westercelle hervorragende Platzierungen erreicht. So erk\u00e4mpften sich in der Altersklasse U10 bis 27 kg Justin Gramlich den 2. Platz und Marcel Krause bis 42 kg Platz 1. In der Klasse U12 bis 42 kg konnte Kristin Raddatz die Goldmedaille erringen und Yanic Fuchs bis 44 kg die Silbermedaille. Sein letztes Turnier in der Altersklasse U15 bis 50 kg bestritt Simon Fukas, drittplatzierter bei den Deutschen Meisterschaften 2016. Er konnte ein weiteres Mal seine Dominanz unter Beweis stellen, bevor er ab dem n\u00e4chsten Jahr in der U18 starten wird. Sehr souver\u00e4n beendete er alle seine K\u00e4mpfe vorzeitig durch Full-Ippon und erreichte so den 1. Platz. In der gleichen Altersklasse bis 48 kg errang Melissa Chevalier den 2. Platz. Seine erste Saison nach dem Aufstieg in die Klasse U18 bis 55 kg konnte Ali Akbas ebenfalls mit einem 2. Platz kr\u00f6nen.<br \/>\nBeim traditionellen Jahresabschluss belegte der VfL mit drei Mal Gold und vier Silbermedaillen in der Gesamtwertung den sechsten Platz. Die Trainer, Alexey Volf und Karsten Sell, waren mit den gezeigten Leistungen sehr zufrieden. \u201eWir sehen eine stetige Weiterentwicklung jedes K\u00e4mpfers und die Resultate best\u00e4tigen das. Insbesondere bei einem solchen Turnier, wo sich die nationale Spitze trifft, sind die erreichten Platzierungen entsprechend hoch zu bewerten.\u201c<\/p>\n\n<style type=\"text\/css\" data-created_by=\"avia_inline_auto\" id=\"style-css-av-25xgbi-304086b67fb0909af5f31aaabc166c13\">\n#top .avia-gallery.av-25xgbi-304086b67fb0909af5f31aaabc166c13 .avia-gallery-thumb a{\nwidth:20%;\n}\n<\/style>\n<div  class='avia-gallery av-25xgbi-304086b67fb0909af5f31aaabc166c13 avia_animate_when_visible  avia-builder-el-0  avia-builder-el-no-sibling  avia_lazyload avia-gallery-animate avia-gallery-1'  itemprop=\"image\" itemscope=\"itemscope\" itemtype=\"https:\/\/schema.org\/ImageObject\" ><meta itemprop=\"contentURL\" content=\"https:\/\/www.vfl-westercelle.de\/ju-ju\/erfolgreicher-jahresabschluss-des-vfl-beim-x-mas-turnier\/\"><div class='avia-gallery-thumb'><a href=\"https:\/\/www.vfl-westercelle.de\/ju-ju\/wp-content\/uploads\/sites\/2\/2016\/12\/Ali_Akbas-1030x687.jpg\" data-rel='gallery-1' data-prev-img='https:\/\/www.vfl-westercelle.de\/ju-ju\/wp-content\/uploads\/sites\/2\/2016\/12\/Ali_Akbas-495x400.jpg' class='first_thumb lightbox ' data-onclick='1' title='Ali Akbas'  itemprop=\"thumbnailUrl\"  ><img fetchpriority=\"high\" class=\"wp-image-1231 avia-img-lazy-loading-not-1231\"   src='https:\/\/www.vfl-westercelle.de\/ju-ju\/wp-content\/uploads\/sites\/2\/2016\/12\/Ali_Akbas-495x400.jpg' width='495' height='400'  title='Ali Akbas' alt='' \/><div class='big-prev-fake'><img loading=\"lazy\" class=\"wp-image-1231 avia-img-lazy-loading-1231\"  width='495' height='400' src='https:\/\/www.vfl-westercelle.de\/ju-ju\/wp-content\/uploads\/sites\/2\/2016\/12\/Ali_Akbas-495x400.jpg' title='Ali Akbas' alt='' \/><\/div><\/a><a href=\"https:\/\/www.vfl-westercelle.de\/ju-ju\/wp-content\/uploads\/sites\/2\/2016\/12\/Justin_Gramlich-1030x687.jpg\" data-rel='gallery-1' data-prev-img='https:\/\/www.vfl-westercelle.de\/ju-ju\/wp-content\/uploads\/sites\/2\/2016\/12\/Justin_Gramlich-495x400.jpg' class='lightbox ' data-onclick='2' title='Justin Gramlich'  itemprop=\"thumbnailUrl\"  ><img fetchpriority=\"high\" class=\"wp-image-1232 avia-img-lazy-loading-not-1232\"   src='https:\/\/www.vfl-westercelle.de\/ju-ju\/wp-content\/uploads\/sites\/2\/2016\/12\/Justin_Gramlich-495x400.jpg' width='495' height='400'  title='Justin Gramlich' alt='' \/><div class='big-prev-fake'><img loading=\"lazy\" class=\"wp-image-1232 avia-img-lazy-loading-1232\"  width='495' height='400' src='https:\/\/www.vfl-westercelle.de\/ju-ju\/wp-content\/uploads\/sites\/2\/2016\/12\/Justin_Gramlich-495x400.jpg' title='Justin Gramlich' alt='' \/><\/div><\/a><a href=\"https:\/\/www.vfl-westercelle.de\/ju-ju\/wp-content\/uploads\/sites\/2\/2016\/12\/Kristin_Raddatz-1030x687.jpg\" data-rel='gallery-1' data-prev-img='https:\/\/www.vfl-westercelle.de\/ju-ju\/wp-content\/uploads\/sites\/2\/2016\/12\/Kristin_Raddatz-495x400.jpg' class='lightbox ' data-onclick='3' title='Kristin Raddatz'  itemprop=\"thumbnailUrl\"  ><img fetchpriority=\"high\" class=\"wp-image-1233 avia-img-lazy-loading-not-1233\"   src='https:\/\/www.vfl-westercelle.de\/ju-ju\/wp-content\/uploads\/sites\/2\/2016\/12\/Kristin_Raddatz-495x400.jpg' width='495' height='400'  title='Kristin Raddatz' alt='' \/><div class='big-prev-fake'><img loading=\"lazy\" class=\"wp-image-1233 avia-img-lazy-loading-1233\"  width='495' height='400' src='https:\/\/www.vfl-westercelle.de\/ju-ju\/wp-content\/uploads\/sites\/2\/2016\/12\/Kristin_Raddatz-495x400.jpg' title='Kristin Raddatz' alt='' \/><\/div><\/a><\/div><\/div>\n","protected":false},"excerpt":{"rendered":"<p>289 K\u00e4mpfer aus 49 Vereinen und f\u00fcnf L\u00e4ndern nahmen am 20. X-Mas Turnier in Oldenburg teil. Nach hochklassigen, spannenden und intensiven K\u00e4mpfen, haben die Ju-Jutsuka des VfL Westercelle hervorragende Platzierungen erreicht. So erk\u00e4mpften sich in der Altersklasse U10 bis 27 kg Justin Gramlich den 2. Platz und Marcel Krause bis 42 kg Platz 1. In <a class=\"read-more-link\" href=\"https:\/\/www.vfl-westercelle.de\/ju-ju\/erfolgreicher-jahresabschluss-des-vfl-beim-x-mas-turnier\/\">[ &#8230; weiter]<\/a><\/p>\n","protected":false},"author":1,"featured_media":1231,"comment_status":"closed","ping_status":"closed","sticky":false,"template":"","format":"standard","meta":{"footnotes":""},"categories":[1],"tags":[9,8],"class_list":["post-1230","post","type-post","status-publish","format-standard","has-post-thumbnail","hentry","category-ju-jutsu-news","tag-pressebericht","tag-wettkampfbericht"],"_links":{"self":[{"href":"https:\/\/www.vfl-westercelle.de\/ju-ju\/wp-json\/wp\/v2\/posts\/1230","targetHints":{"allow":["GET"]}}],"collection":[{"href":"https:\/\/www.vfl-westercelle.de\/ju-ju\/wp-json\/wp\/v2\/posts"}],"about":[{"href":"https:\/\/www.vfl-westercelle.de\/ju-ju\/wp-json\/wp\/v2\/types\/post"}],"author":[{"embeddable":true,"href":"https:\/\/www.vfl-westercelle.de\/ju-ju\/wp-json\/wp\/v2\/users\/1"}],"replies":[{"embeddable":true,"href":"https:\/\/www.vfl-westercelle.de\/ju-ju\/wp-json\/wp\/v2\/comments?post=1230"}],"version-history":[{"count":3,"href":"https:\/\/www.vfl-westercelle.de\/ju-ju\/wp-json\/wp\/v2\/posts\/1230\/revisions"}],"predecessor-version":[{"id":2018,"href":"https:\/\/www.vfl-westercelle.de\/ju-ju\/wp-json\/wp\/v2\/posts\/1230\/revisions\/2018"}],"wp:featuredmedia":[{"embeddable":true,"href":"https:\/\/www.vfl-westercelle.de\/ju-ju\/wp-json\/wp\/v2\/media\/1231"}],"wp:attachment":[{"href":"https:\/\/www.vfl-westercelle.de\/ju-ju\/wp-json\/wp\/v2\/media?parent=1230"}],"wp:term":[{"taxonomy":"category","embeddable":true,"href":"https:\/\/www.vfl-westercelle.de\/ju-ju\/wp-json\/wp\/v2\/categories?post=1230"},{"taxonomy":"post_tag","embeddable":true,"href":"https:\/\/www.vfl-westercelle.de\/ju-ju\/wp-json\/wp\/v2\/tags?post=1230"}],"curies":[{"name":"wp","href":"https:\/\/api.w.org\/{rel}","templated":true}]}}