{"id":1406,"date":"2017-05-30T19:38:26","date_gmt":"2017-05-30T17:38:26","guid":{"rendered":"http:\/\/www.vfl-westercelle.de\/ju-ju\/?p=1406"},"modified":"2017-05-30T19:38:26","modified_gmt":"2017-05-30T17:38:26","slug":"deutscher-meistertitel-fuer-vfl-westercelle","status":"publish","type":"post","link":"https:\/\/www.vfl-westercelle.de\/ju-ju\/deutscher-meistertitel-fuer-vfl-westercelle\/","title":{"rendered":"Deutscher Meistertitel f\u00fcr VfL Westercelle"},"content":{"rendered":"<p>Am 27.06.2017 starteten \u00fcber 300 K\u00e4mpfer aus 47 Vereinen bei den Deutschen Sch\u00fclermeisterschaften der U15 und U18 in Delmenhorst. Der VfL Westercelle war mit 3 K\u00e4mpfern vertreten. Ali Akbas trat in der Altersklasse U18 bis 60 kg an. Gegen seinen ersten Gegner aus Bernau, Benjamin Vach, konnte Ali den Kampf mit seinen schnellen Atemis bestimmen, musste allerdings einmal einen Ippon am Boden und in Part 1 abgeben. Bis 6 Sekunden vor dem Kampfende lag Ali noch mit 4 Punkten in F\u00fchrung. Vach musste ihn nur einmal werfen um den Kampf f\u00fcr sich zu entscheiden und setzte alles daran in eine gute Wurfposition zu kommen. Den ersten Angriff zu einem Ausheber konnte Ali noch abwehren, doch Vach setzte sofort nach und konnte Ali doch noch mit einem Ausheber zu Boden bringen. Von dieser ungl\u00fccklichen Niederlage lie\u00df sich Ali nicht beirren und konnte die n\u00e4chsten beiden K\u00e4mpfe in der Trostrunde gegen Ju-Jutsuka aus Offenbach und Gelsenkirchen souver\u00e4n gewinnen. Im kleinen Finale traf Ali auf einen K\u00e4mpfer aus Sinsheim. Mit diesem Gegner lieferte sich Ali ein spannendes Duell. Bis zum Schluss war der Kampf ausgeglichen. Am Ende stand es unentschieden aber Alis Gegner hatte sich in den Unterbewertungen einen Vorteil erk\u00e4mpft. So musste sich Ali in einer starken und ausgeglichenen Gruppe mit dem f\u00fcnften Platz zufriedengeben.<br \/>\nIn der Klasse U18 bis 55 kg startete Simon Fukas. Er traf in seinem ersten Kampf auf einen K\u00e4mpfer aus Bocholt. Trotz klarer Nachteile in Reichweite und Gr\u00f6\u00dfe, konnte sich Simon mit schnellen Angriffen die ersten Punkte in Part 1 holen. Nach einem schnellen \u00dcbergang in einen Seoi-nage und anschlie\u00dfender W\u00fcrgetechnik konnte Simon den Kampf mit Full Ippon gewinnen. Im Halbfinale wartete der Sieger der Gruppenmeisterschaften West aus Erlensee. Gegen ihn gl\u00e4nzte Simon mit einer taktisch disziplinierten Leistung. Nach dem die ersten Angriffe mit Atemis vorerst nicht zu Punkten f\u00fchrten, ging Simon sofort in den Part 2 (Werfen) \u00fcber und konnte seinen Gegner erneut mit seiner Spezialtechnik, Seoi-nage, zu Boden bringen und anschlie\u00dfend mit einem Armstreckhebel den notwendigen Ippon am Boden holen. F\u00fcr den Einzug in das Finale fehlte nun nur noch ein Ippon in Part 1. Diesen versuchte Simon durch das Kontern der Angriffe des Gegners mit Yoko-geri zu erlangen. Allerdings f\u00fchrte das nicht zum gew\u00fcnschten Erfolg, womit sich Simon wieder auf den eigenen Angriff besann und mit einer energischen und schnellen Schlagkombination den noch fehlenden Ippon erzielte. Im anschlie\u00dfenden Finale traf Simon auf seinen Finalgegner der diesj\u00e4hrigen Landesmeisterschaften. Konnte Simon damals noch mit 4 Punkten Vorsprung gegen den Nienburger gewinnen, war der Kampf dieses Mal bis zum Schluss offen. Beide konnten mit Atemis punkten, wobei Simon erneut seinen Reichweitennachteil mit schnellen Bewegungen ausgleichen musste. Beide schafften es nicht den jeweiligen Kontrahenten sauber zu werfen oder am Boden in eine Haltetechnik zu zwingen. Drei Sekunden vor dem Kampfende l\u00f6ste der Hauptkampfrichter eine Pattsituation am Boden auf. Jetzt mussten beide K\u00e4mpfer im Stand neu beginnen. Vorher war Simon mit zwei Punkten in R\u00fcckstand geraten und musste nun versuchen in den verbleibenden Sekunden noch einen Ippon mit Atemis zu holen. Sobald der Kampfrichter den Kampf wieder frei gab, griff Simon beherzt mit einer Schlagkombination zum Kopf an und konnte tats\u00e4chlich noch den n\u00f6tigen Treffer landen um den Punktestand auszugleichen. Durch einen Vorteil in den Unterbewertungen war dieser Treffer letzten Endes auch der Treffer zum Sieg. So konnte sich Simon als zweiter Ju-Jutsuka des VfL, in einem hochklassigen Finale, welches zwei Sieger verdient h\u00e4tte, zum Deutschen Meister kr\u00f6nen.<br \/>\nIn der Klasse U15 bis 52 kg sollte urspr\u00fcnglich noch die dritte Westerceller Ju-Jutsuka, Melissa Chevalier, antreten. Allerdings verz\u00f6gerte sich der Kampfbeginn dieser Gruppe mit zunehmender Dauer der Meisterschaften. Die U15-Klassen starteten erst am Nachmittag und die Temperatur- und Luftbedingungen in der Halle verschlechterten sich zunehmend. Immer h\u00e4ufiger kam es jetzt zu mittleren bis schweren Verletzungen bei den K\u00e4mpfen, hervorgerufen durch lange Wartezeiten und die dadurch gesunkene Konzentration der jungen K\u00e4mpfer. Deshalb entschieden die Trainer Melissa nicht mehr starten zu lassen. \u201eSo sehr wir uns \u00fcber den f\u00fcnften Platz von Ali und den Titel f\u00fcr Simon freuen, umso \u00e4rgerlicher ist es, dass wir diese Entscheidungen treffen mussten. Aber als Trainer haben wir die Verantwortung f\u00fcr unsere K\u00e4mpfer und die Gesundheit geht immer vor. Man kann von Jugendlichen zwischen 11 und 14 Jahren nicht erwarten, dass sie nach mehr als 10 Stunden Wartezeit, bei diesen Bedingungen eine konzentrierte Leistung bringen. Die unverh\u00e4ltnism\u00e4\u00dfig h\u00e4ufigen Verletzungen sprechen f\u00fcr sich. Dieser Nachmittag war keine gute Werbung f\u00fcr unseren Sport.\u201c, res\u00fcmierten die Trainer Alexey Volf und Karsten Sell.<\/p>\n","protected":false},"excerpt":{"rendered":"<p>Am 27.06.2017 starteten \u00fcber 300 K\u00e4mpfer aus 47 Vereinen bei den Deutschen Sch\u00fclermeisterschaften der U15 und U18 in Delmenhorst. Der VfL Westercelle war mit 3 K\u00e4mpfern vertreten. Ali Akbas trat in der Altersklasse U18 bis 60 kg an. Gegen seinen ersten Gegner aus Bernau, Benjamin Vach, konnte Ali den Kampf mit seinen schnellen Atemis bestimmen, <a class=\"read-more-link\" href=\"https:\/\/www.vfl-westercelle.de\/ju-ju\/deutscher-meistertitel-fuer-vfl-westercelle\/\">[ &#8230; weiter]<\/a><\/p>\n","protected":false},"author":1,"featured_media":1407,"comment_status":"closed","ping_status":"closed","sticky":false,"template":"","format":"standard","meta":{"footnotes":""},"categories":[1],"tags":[9,8],"class_list":["post-1406","post","type-post","status-publish","format-standard","has-post-thumbnail","hentry","category-ju-jutsu-news","tag-pressebericht","tag-wettkampfbericht"],"_links":{"self":[{"href":"https:\/\/www.vfl-westercelle.de\/ju-ju\/wp-json\/wp\/v2\/posts\/1406","targetHints":{"allow":["GET"]}}],"collection":[{"href":"https:\/\/www.vfl-westercelle.de\/ju-ju\/wp-json\/wp\/v2\/posts"}],"about":[{"href":"https:\/\/www.vfl-westercelle.de\/ju-ju\/wp-json\/wp\/v2\/types\/post"}],"author":[{"embeddable":true,"href":"https:\/\/www.vfl-westercelle.de\/ju-ju\/wp-json\/wp\/v2\/users\/1"}],"replies":[{"embeddable":true,"href":"https:\/\/www.vfl-westercelle.de\/ju-ju\/wp-json\/wp\/v2\/comments?post=1406"}],"version-history":[{"count":2,"href":"https:\/\/www.vfl-westercelle.de\/ju-ju\/wp-json\/wp\/v2\/posts\/1406\/revisions"}],"predecessor-version":[{"id":1409,"href":"https:\/\/www.vfl-westercelle.de\/ju-ju\/wp-json\/wp\/v2\/posts\/1406\/revisions\/1409"}],"wp:featuredmedia":[{"embeddable":true,"href":"https:\/\/www.vfl-westercelle.de\/ju-ju\/wp-json\/wp\/v2\/media\/1407"}],"wp:attachment":[{"href":"https:\/\/www.vfl-westercelle.de\/ju-ju\/wp-json\/wp\/v2\/media?parent=1406"}],"wp:term":[{"taxonomy":"category","embeddable":true,"href":"https:\/\/www.vfl-westercelle.de\/ju-ju\/wp-json\/wp\/v2\/categories?post=1406"},{"taxonomy":"post_tag","embeddable":true,"href":"https:\/\/www.vfl-westercelle.de\/ju-ju\/wp-json\/wp\/v2\/tags?post=1406"}],"curies":[{"name":"wp","href":"https:\/\/api.w.org\/{rel}","templated":true}]}}