{"id":1477,"date":"2017-09-19T12:36:59","date_gmt":"2017-09-19T10:36:59","guid":{"rendered":"http:\/\/www.vfl-westercelle.de\/ju-ju\/?p=1477"},"modified":"2018-01-17T20:14:40","modified_gmt":"2018-01-17T19:14:40","slug":"erfolgreicher-start-in-die-wettkampfsaison","status":"publish","type":"post","link":"https:\/\/www.vfl-westercelle.de\/ju-ju\/erfolgreicher-start-in-die-wettkampfsaison\/","title":{"rendered":"Erfolgreicher Start in die Wettkampfsaison"},"content":{"rendered":"<p>Am 16.09.2017 traten 135 Ju-Jutsuka aus 18 Vereinen und 8 Bundesl\u00e4ndern beim Leinefelder Herbstturnier in Th\u00fcringen an. Traditionell ist dieses Turnier f\u00fcr die K\u00e4mpfer des VfL der allj\u00e4hrliche Saisonauftakt. Auch dieses Mal nutzten sieben Athleten die Chance, nach langer Sommerpause wieder in den Wettkampf zu starten.<\/p>\n<p>F\u00fcr Isha Njingo, mit acht Jahren die J\u00fcngste im Team des VfL, war es erst das dritte Turnier. Sie hatte leider das Pech, dass sie als Einzige in ihrer Alters- und Gewichtsklasse antrat und deshalb in eine h\u00f6here Klasse, U12 bis 54 kg, eingestuft wurde. Ihre Gegnerinnen hatten zwar gro\u00dfe Vorteile in Reichweite und Erfahrung, jedoch konnte sich Isha mit einer beherzten Leistung am Ende den dritten Platz sichern. Zu einem vereinsinternen Duell kam es im Finale in der Klasse U12 bis 30 kg zwischen Justin Gramlich und Finley Selke. Beide konnten ihre Vork\u00e4mpfe souver\u00e4n f\u00fcr sich entscheiden und wollten nun auch das Finale gewinnen. Nach einem spannenden und dynamischen Kampf, konnte sich Justin am Ende nach Punkten durchsetzen. In der Klasse U12 bis 45 kg konnte Marcel Krause den ersten Kampf mit Full Ippon beenden. Von seinem zweiten Gegner lie\u00df er sich allerdings \u00fcberraschen und musste sich seinerseits vorzeitig geschlagen geben. Zum Schluss konnte sich Marcel mit der Bronzemedaille tr\u00f6sten. Eine weitere Silbermedaille f\u00fcr den VfL gewann Marc Marx in der Klasse U15 bis 55 kg. Im Kampf um Gold musste sich Marc bei Punktgleichstand nur durch den Ipponvorteil seines Gegners geschlagen geben. Melissa Chevalier zeigte eine \u00fcberzeugende Leistung in der Klasse U15 bis 52 kg. Ihre K\u00e4mpfe konnte sie alle in den ersten 30 Sekunden vorzeitig durch Full Ippon gewinnen und sicherte sich \u00fcberlegen den 1. Platz. Die Bronzemedaille in der U18 bis 60 kg gewann Simon Fukas. Der aktuelle Deutsche Meister konnte aus Mangel an Konkurrenten leider nicht in seiner angestammten Klasse bis 55 kg k\u00e4mpfen. Zus\u00e4tzlich sollte er, als Vorbereitung f\u00fcr die in zwei Wochen stattfindenden German Open, bestimmte Techniken und Taktiken anwenden. Insgesamt konnte Simon die Vorgaben der Trainer gut umsetzen. Auch den Kampf gegen den Drittplatzierten der letzten Deutschen Meisterschaft dieser Klasse aus Bernau, konnte er lange offen gestalten und verlor nur knapp nach Punkten.<\/p>\n<p>\u201eZum Saisonauftakt sind die Platzierungen zweitrangig. Viel wichtiger f\u00fcr die K\u00e4mpfer ist es, nach langer Wettkampfpause und Trainingsbeginn wieder ihre Leistung abzurufen und Neuerlerntes anzuwenden.\u201c, waren die Trainer Alexey Volf und Karsten Sell zufrieden mit dem Turnierverlauf.<\/p>\n\n\t\t<style type=\"text\/css\">\n\t\t\t#gallery-1 {\n\t\t\t\tmargin: auto;\n\t\t\t}\n\t\t\t#gallery-1 .gallery-item {\n\t\t\t\tfloat: left;\n\t\t\t\tmargin-top: 10px;\n\t\t\t\ttext-align: center;\n\t\t\t\twidth: 20%;\n\t\t\t}\n\t\t\t#gallery-1 img {\n\t\t\t\tborder: 2px solid #cfcfcf;\n\t\t\t}\n\t\t\t#gallery-1 .gallery-caption {\n\t\t\t\tmargin-left: 0;\n\t\t\t}\n\t\t\t\/* see gallery_shortcode() in wp-includes\/media.php *\/\n\t\t<\/style>\n\t\t<div id='gallery-1' class='gallery galleryid-1477 gallery-columns-5 gallery-size-thumbnail'><dl class='gallery-item'>\n\t\t\t<dt class='gallery-icon landscape'>\n\t\t\t\t<a href='https:\/\/www.vfl-westercelle.de\/ju-ju\/wp-content\/uploads\/sites\/2\/2017\/09\/Finley.jpg'><img loading=\"lazy\" decoding=\"async\" width=\"80\" height=\"80\" src=\"https:\/\/www.vfl-westercelle.de\/ju-ju\/wp-content\/uploads\/sites\/2\/2017\/09\/Finley-80x80.jpg\" class=\"attachment-thumbnail size-thumbnail\" alt=\"\" \/><\/a>\n\t\t\t<\/dt><\/dl><dl class='gallery-item'>\n\t\t\t<dt class='gallery-icon landscape'>\n\t\t\t\t<a href='https:\/\/www.vfl-westercelle.de\/ju-ju\/wp-content\/uploads\/sites\/2\/2017\/09\/Isha.jpg'><img loading=\"lazy\" decoding=\"async\" width=\"80\" height=\"80\" src=\"https:\/\/www.vfl-westercelle.de\/ju-ju\/wp-content\/uploads\/sites\/2\/2017\/09\/Isha-80x80.jpg\" class=\"attachment-thumbnail size-thumbnail\" alt=\"\" \/><\/a>\n\t\t\t<\/dt><\/dl><dl class='gallery-item'>\n\t\t\t<dt class='gallery-icon landscape'>\n\t\t\t\t<a href='https:\/\/www.vfl-westercelle.de\/ju-ju\/wp-content\/uploads\/sites\/2\/2017\/09\/Justin.jpg'><img loading=\"lazy\" decoding=\"async\" width=\"80\" height=\"80\" src=\"https:\/\/www.vfl-westercelle.de\/ju-ju\/wp-content\/uploads\/sites\/2\/2017\/09\/Justin-80x80.jpg\" class=\"attachment-thumbnail size-thumbnail\" alt=\"\" \/><\/a>\n\t\t\t<\/dt><\/dl><dl class='gallery-item'>\n\t\t\t<dt class='gallery-icon landscape'>\n\t\t\t\t<a href='https:\/\/www.vfl-westercelle.de\/ju-ju\/wp-content\/uploads\/sites\/2\/2017\/09\/Marc.jpg'><img loading=\"lazy\" decoding=\"async\" width=\"80\" height=\"80\" src=\"https:\/\/www.vfl-westercelle.de\/ju-ju\/wp-content\/uploads\/sites\/2\/2017\/09\/Marc-80x80.jpg\" class=\"attachment-thumbnail size-thumbnail\" alt=\"\" \/><\/a>\n\t\t\t<\/dt><\/dl><dl class='gallery-item'>\n\t\t\t<dt class='gallery-icon landscape'>\n\t\t\t\t<a href='https:\/\/www.vfl-westercelle.de\/ju-ju\/wp-content\/uploads\/sites\/2\/2017\/09\/Marcel.jpg'><img loading=\"lazy\" decoding=\"async\" width=\"80\" height=\"80\" src=\"https:\/\/www.vfl-westercelle.de\/ju-ju\/wp-content\/uploads\/sites\/2\/2017\/09\/Marcel-80x80.jpg\" class=\"attachment-thumbnail size-thumbnail\" alt=\"\" \/><\/a>\n\t\t\t<\/dt><\/dl><br style=\"clear: both\" \/>\n\t\t<\/div>\n\n","protected":false},"excerpt":{"rendered":"<p>Am 16.09.2017 traten 135 Ju-Jutsuka aus 18 Vereinen und 8 Bundesl\u00e4ndern beim Leinefelder Herbstturnier in Th\u00fcringen an. Traditionell ist dieses Turnier f\u00fcr die K\u00e4mpfer des VfL der allj\u00e4hrliche Saisonauftakt. Auch dieses Mal nutzten sieben Athleten die Chance, nach langer Sommerpause wieder in den Wettkampf zu starten. F\u00fcr Isha Njingo, mit acht Jahren die J\u00fcngste im <a class=\"read-more-link\" href=\"https:\/\/www.vfl-westercelle.de\/ju-ju\/erfolgreicher-start-in-die-wettkampfsaison\/\">[ &#8230; weiter]<\/a><\/p>\n","protected":false},"author":1,"featured_media":1496,"comment_status":"closed","ping_status":"closed","sticky":false,"template":"","format":"standard","meta":{"footnotes":""},"categories":[1],"tags":[9],"class_list":["post-1477","post","type-post","status-publish","format-standard","has-post-thumbnail","hentry","category-ju-jutsu-news","tag-pressebericht"],"_links":{"self":[{"href":"https:\/\/www.vfl-westercelle.de\/ju-ju\/wp-json\/wp\/v2\/posts\/1477","targetHints":{"allow":["GET"]}}],"collection":[{"href":"https:\/\/www.vfl-westercelle.de\/ju-ju\/wp-json\/wp\/v2\/posts"}],"about":[{"href":"https:\/\/www.vfl-westercelle.de\/ju-ju\/wp-json\/wp\/v2\/types\/post"}],"author":[{"embeddable":true,"href":"https:\/\/www.vfl-westercelle.de\/ju-ju\/wp-json\/wp\/v2\/users\/1"}],"replies":[{"embeddable":true,"href":"https:\/\/www.vfl-westercelle.de\/ju-ju\/wp-json\/wp\/v2\/comments?post=1477"}],"version-history":[{"count":6,"href":"https:\/\/www.vfl-westercelle.de\/ju-ju\/wp-json\/wp\/v2\/posts\/1477\/revisions"}],"predecessor-version":[{"id":1898,"href":"https:\/\/www.vfl-westercelle.de\/ju-ju\/wp-json\/wp\/v2\/posts\/1477\/revisions\/1898"}],"wp:featuredmedia":[{"embeddable":true,"href":"https:\/\/www.vfl-westercelle.de\/ju-ju\/wp-json\/wp\/v2\/media\/1496"}],"wp:attachment":[{"href":"https:\/\/www.vfl-westercelle.de\/ju-ju\/wp-json\/wp\/v2\/media?parent=1477"}],"wp:term":[{"taxonomy":"category","embeddable":true,"href":"https:\/\/www.vfl-westercelle.de\/ju-ju\/wp-json\/wp\/v2\/categories?post=1477"},{"taxonomy":"post_tag","embeddable":true,"href":"https:\/\/www.vfl-westercelle.de\/ju-ju\/wp-json\/wp\/v2\/tags?post=1477"}],"curies":[{"name":"wp","href":"https:\/\/api.w.org\/{rel}","templated":true}]}}