{"id":2334,"date":"2019-05-13T20:57:25","date_gmt":"2019-05-13T18:57:25","guid":{"rendered":"http:\/\/www.vfl-westercelle.de\/ju-ju\/?p=2334"},"modified":"2019-05-15T20:33:07","modified_gmt":"2019-05-15T18:33:07","slug":"silber-fuer-ju-jutsuka-des-vfl-westercelle-beim-u14-u16-europacup","status":"publish","type":"post","link":"https:\/\/www.vfl-westercelle.de\/ju-ju\/silber-fuer-ju-jutsuka-des-vfl-westercelle-beim-u14-u16-europacup\/","title":{"rendered":"Silber f\u00fcr Ju-Jutsuka des VfL Westercelle beim U14\/U16 Europacup"},"content":{"rendered":"<p>In Amersfoort (NL) wurde vom 11.-12.05.2019 zum zweiten Mal der U14 und U16 Europacup im Ju-Jutsu ausgetragen. Fast 200 K\u00e4mpfer und K\u00e4mpferinnen aus 16 L\u00e4ndern nahmen daran teil.\u00a0F\u00fcr den VfL Westercelle gingen Kristin Raddatz in der Altersklasse U14 bis 52 kg und Melissa Chevalier in der Klasse U16 bis 63 kg an den Start. Ihren ersten Kampf bestritt Kristin gegen eine Ungarin. Von Beginn an setzte sie ihre Gegnerin unter Druck und konnte schnell zwei Ippons in Part I (Atemi &#8211; Schlagen und Treten) holen. Nach einem ersten Wurfversuch bekam Kristin zwar nur eine kleine Wertung, war aber in der Lage die Ungarin in eine Haltetechnik zu zwingen und sich einen Ippon in Part III (Bodenkampf) zu erk\u00e4mpfen. <!--more-->Zur\u00fcck im Stand griff Kristin erneut erfolgreich mit einer Schlagkombination an und ging sofort in Part II (Werfen) \u00fcber um die Kontrahentin mit Tani-Otoshi (Talfallzug) zu werfen. Damit holte sie sich den noch fehlenden Ippon f\u00fcr den vorzeitigen Sieg. Im zweiten Kampf traf Kristin auf eine niederl\u00e4ndische Ju-Jutsuka. Befl\u00fcgelt vom ersten Sieg dominierte sie diese Begegnung mit schnellen Schlag- und Trittkombinationen. Es gelang ihr die Niederl\u00e4nderin mehrmals zu werfen und mit einer Haltetechnik auch diesen Kampf vorzeitig zu gewinnen. Damit stand Kristin im Finale. Hier sollte ihre Gegnerin erneut eine Niederl\u00e4nderin sein. Zu Beginn belauerten sich die beiden Kontrahentinnen, bis Kristin die ersten Akzente mit klaren Angriffen und Treffern setzte. Allein der Kampfrichter belohnte sie daf\u00fcr nicht mit Punkten. Im Part II versuchte Kristin sich einen Griff f\u00fcr ihren Spezialwurf zu erarbeiten, w\u00e4hrend die Niederl\u00e4nderin sich darauf beschr\u00e4nkte die Griffans\u00e4tze zu verhindern und f\u00fcr dieses passive Verhalten leider nicht bestraft wurde. Als es Kristin doch noch gelang ihre Gegnerin mit einem Seoi-Nage (Schulterwurf) zu werfen und in eine Haltetechnik zu zwingen, wurde diese vom Kampfrichter ohne nachvollziehbare Gr\u00fcnde unterbrochen und der Kampf im Stand fortgesetzt. Sekunden vor dem Ende lag Kristin nach Punkten zur\u00fcck. Mit einem letzten Atemi-Angriff konnte sie zwar noch mal mit Ippon punkten, den R\u00fcckstand aber nicht mehr aufholen und belegte so den zweiten Platz.<\/p>\n<p>Die erste Gegnerin von Melissa kam aus Polen. Beide z\u00f6gerten nicht lange und versuchten mit Atemis Punkte zu sammeln. Melissa konnte sich so einen kleinen Vorsprung erarbeiten. Beim \u00dcbergang in Part II war der erste schnelle Wurfversuch noch nicht erfolgreich aber mit dem zweiten gelang es ihr die Polin mit Tani-Otoshi zu werfen. Leider bekam Melissa daf\u00fcr nur eine kleine Wertung, konnte die Gegnerin allerdings mit einer Haltetechnik festlegen und so einen Ippon in Part III holen. Um den Kampf vorzeitig zu gewinnen, fehlte nun nur noch der Ippon in Part II. Beim n\u00e4chsten Wurfversuch konterte die Polin, punktete ihrerseits am Boden und gestaltete so den Kampf wieder ausgeglichen. 14 Sekunden vor dem Ende startete Melissa einen letzten Angriff. Mit schnellen Atemis \u00fcberrannte sie ihre Gegnerin, ging nahtlos in eine O-Uchi-Gari (Gro\u00dfe Innensichel) \u00fcber und konnte die Kontrahentin damit f\u00fcr Ippon werfen. Im n\u00e4chsten Kampf, gegen eine Russin, ging es bereits um Gold. Melissa dominierte die Begegnung von Beginn an mit Atemis. Nach einem missgl\u00fcckten Wurfversuch gelang es der Russin mit einer Haltetechnik zu punkten. Danach verlegte sich Melissa darauf mit Schlag- und Trittkombinationen ihren Punktevorsprung auszubauen. Nach einer weiteren Schlagkombination beschwerte sich die Gegnerin wegen eines zu harten Treffers am Kopf. Der Kampfrichter, der erst noch auf Punkt f\u00fcr Melissa entschieden hatte, gab der Beschwerde nach. Daraufhin wurde Melissa wegen unerlaubten Kontakts zum Kopf disqualifiziert und musste sich, wie 2018, mit dem zweiten Platz zufriedengeben.<\/p>\n<p>\u201eKristin und Melissa haben sehr gute Leistungen gezeigt. Umso \u00e4rgerlicher sind die teilweise nicht nachvollziehbaren Entscheidungen. Letztes Jahr sind die Kampfrichter souver\u00e4ner aufgetreten. Dennoch k\u00f6nnen die Beiden auf die Vizetitel stolz sein.\u201c, res\u00fcmierten die Trainer Alexey Volf und Karsten Sell.<\/p>\n","protected":false},"excerpt":{"rendered":"<p>In Amersfoort (NL) wurde vom 11.-12.05.2019 zum zweiten Mal der U14 und U16 Europacup im Ju-Jutsu ausgetragen. Fast 200 K\u00e4mpfer und K\u00e4mpferinnen aus 16 L\u00e4ndern nahmen daran teil.\u00a0F\u00fcr den VfL Westercelle gingen Kristin Raddatz in der Altersklasse U14 bis 52 kg und Melissa Chevalier in der Klasse U16 bis 63 kg an den Start. Ihren <a class=\"read-more-link\" href=\"https:\/\/www.vfl-westercelle.de\/ju-ju\/silber-fuer-ju-jutsuka-des-vfl-westercelle-beim-u14-u16-europacup\/\">[ &#8230; weiter]<\/a><\/p>\n","protected":false},"author":8,"featured_media":2333,"comment_status":"closed","ping_status":"closed","sticky":false,"template":"","format":"standard","meta":{"footnotes":""},"categories":[1],"tags":[9,8],"class_list":["post-2334","post","type-post","status-publish","format-standard","has-post-thumbnail","hentry","category-ju-jutsu-news","tag-pressebericht","tag-wettkampfbericht"],"_links":{"self":[{"href":"https:\/\/www.vfl-westercelle.de\/ju-ju\/wp-json\/wp\/v2\/posts\/2334","targetHints":{"allow":["GET"]}}],"collection":[{"href":"https:\/\/www.vfl-westercelle.de\/ju-ju\/wp-json\/wp\/v2\/posts"}],"about":[{"href":"https:\/\/www.vfl-westercelle.de\/ju-ju\/wp-json\/wp\/v2\/types\/post"}],"author":[{"embeddable":true,"href":"https:\/\/www.vfl-westercelle.de\/ju-ju\/wp-json\/wp\/v2\/users\/8"}],"replies":[{"embeddable":true,"href":"https:\/\/www.vfl-westercelle.de\/ju-ju\/wp-json\/wp\/v2\/comments?post=2334"}],"version-history":[{"count":2,"href":"https:\/\/www.vfl-westercelle.de\/ju-ju\/wp-json\/wp\/v2\/posts\/2334\/revisions"}],"predecessor-version":[{"id":2340,"href":"https:\/\/www.vfl-westercelle.de\/ju-ju\/wp-json\/wp\/v2\/posts\/2334\/revisions\/2340"}],"wp:featuredmedia":[{"embeddable":true,"href":"https:\/\/www.vfl-westercelle.de\/ju-ju\/wp-json\/wp\/v2\/media\/2333"}],"wp:attachment":[{"href":"https:\/\/www.vfl-westercelle.de\/ju-ju\/wp-json\/wp\/v2\/media?parent=2334"}],"wp:term":[{"taxonomy":"category","embeddable":true,"href":"https:\/\/www.vfl-westercelle.de\/ju-ju\/wp-json\/wp\/v2\/categories?post=2334"},{"taxonomy":"post_tag","embeddable":true,"href":"https:\/\/www.vfl-westercelle.de\/ju-ju\/wp-json\/wp\/v2\/tags?post=2334"}],"curies":[{"name":"wp","href":"https:\/\/api.w.org\/{rel}","templated":true}]}}