{"id":3056,"date":"2023-07-02T14:11:45","date_gmt":"2023-07-02T12:11:45","guid":{"rendered":"https:\/\/www.vfl-westercelle.de\/ju-ju\/?p=3056"},"modified":"2023-07-30T17:02:32","modified_gmt":"2023-07-30T15:02:32","slug":"fuenf-mal-gold-zum-saisonabschluss-fuer-den-ju-jutsu-nachwuchs-des-vfl","status":"publish","type":"post","link":"https:\/\/www.vfl-westercelle.de\/ju-ju\/fuenf-mal-gold-zum-saisonabschluss-fuer-den-ju-jutsu-nachwuchs-des-vfl\/","title":{"rendered":"F\u00fcnf Mal Gold zum Saisonabschluss f\u00fcr den Ju-Jutsu Nachwuchs des VfL"},"content":{"rendered":"\n<p>Am 01.07.2023 fand der 1. K\u00fcstencup in Cuxhaven statt. Beim Nachwuchsturnier f\u00fcr die Altersklassen von U8 bis U16 nahmen 156 K\u00e4mpferinnen und K\u00e4mpfer aus 15 Vereinen teil. Der VfL Westercelle trat mit 14 Athletinnen und Athleten in den Kategorien Fighting und BJJ an.<\/p>\n\n\n\n<p>Nach spannenden und leidenschaftlichen K\u00e4mpfen sicherten sich in der Kategorie Fighting, in ihren jeweiligen Alters- und Gewichtsklassen Ida Hinterth\u00fcr, Luis Kannenberg und Theodor Godawa die Goldmedaille. Einen zweiten Platz erk\u00e4mpften sich Isabella und Alexander Skierecki sowie Lennert Kirtoaka. \u00dcber eine Bronzemedaille konnten sich Elli Fuhrmann und Kai Mackenstein freuen.<\/p>\n\n\n\n<p>Ebenso erfolgreich war der Westerceller BJJ-Nachwuchs. Die seit einem Jahr von Kostiantyn Murzin trainierten K\u00e4mpferinnen und K\u00e4mpfer konnten ebenso mit einem couragierten Auftritt \u00fcberzeugen. In ihren jeweiligen Klassen errangen Yelyzaveta Lemish und Damir Murzin die Goldmedaille. Silber holten sich Nazar Murzin, Matvii Romaniuk und Andreas Scholl. Den dritten Platz konnte sich Bela Schudlik sichern.<\/p>\n\n\n\n<p>Im Endergebnis belegte der VfL Westercelle mit 5 Mal Gold, 6 Silbermedaillen und 3 Mal Bronze den 3. Platz in der Vereinswertung. \u201eNach einer langen und erfolgreichen Saison k\u00f6nnen alle stolz auf ihre gezeigten Leistungen sein.\u201c, waren die Trainer Alexey Volf und Karsten Sell zufrieden mit den Ergebnissen des Turniers.<\/p>\n","protected":false},"excerpt":{"rendered":"<p>Am 01.07.2023 fand der 1. K\u00fcstencup in Cuxhaven statt. Beim Nachwuchsturnier f\u00fcr die Altersklassen von U8 bis U16 nahmen 156 K\u00e4mpferinnen und K\u00e4mpfer aus 15 Vereinen teil. Der VfL Westercelle trat mit 14 Athletinnen und Athleten in den Kategorien Fighting und BJJ an. Nach spannenden und leidenschaftlichen K\u00e4mpfen sicherten sich in der Kategorie Fighting, in <a class=\"read-more-link\" href=\"https:\/\/www.vfl-westercelle.de\/ju-ju\/fuenf-mal-gold-zum-saisonabschluss-fuer-den-ju-jutsu-nachwuchs-des-vfl\/\">[ &#8230; weiter]<\/a><\/p>\n","protected":false},"author":8,"featured_media":3057,"comment_status":"closed","ping_status":"closed","sticky":false,"template":"","format":"standard","meta":{"footnotes":""},"categories":[1],"tags":[9,8],"class_list":["post-3056","post","type-post","status-publish","format-standard","has-post-thumbnail","hentry","category-ju-jutsu-news","tag-pressebericht","tag-wettkampfbericht"],"_links":{"self":[{"href":"https:\/\/www.vfl-westercelle.de\/ju-ju\/wp-json\/wp\/v2\/posts\/3056","targetHints":{"allow":["GET"]}}],"collection":[{"href":"https:\/\/www.vfl-westercelle.de\/ju-ju\/wp-json\/wp\/v2\/posts"}],"about":[{"href":"https:\/\/www.vfl-westercelle.de\/ju-ju\/wp-json\/wp\/v2\/types\/post"}],"author":[{"embeddable":true,"href":"https:\/\/www.vfl-westercelle.de\/ju-ju\/wp-json\/wp\/v2\/users\/8"}],"replies":[{"embeddable":true,"href":"https:\/\/www.vfl-westercelle.de\/ju-ju\/wp-json\/wp\/v2\/comments?post=3056"}],"version-history":[{"count":1,"href":"https:\/\/www.vfl-westercelle.de\/ju-ju\/wp-json\/wp\/v2\/posts\/3056\/revisions"}],"predecessor-version":[{"id":3058,"href":"https:\/\/www.vfl-westercelle.de\/ju-ju\/wp-json\/wp\/v2\/posts\/3056\/revisions\/3058"}],"wp:featuredmedia":[{"embeddable":true,"href":"https:\/\/www.vfl-westercelle.de\/ju-ju\/wp-json\/wp\/v2\/media\/3057"}],"wp:attachment":[{"href":"https:\/\/www.vfl-westercelle.de\/ju-ju\/wp-json\/wp\/v2\/media?parent=3056"}],"wp:term":[{"taxonomy":"category","embeddable":true,"href":"https:\/\/www.vfl-westercelle.de\/ju-ju\/wp-json\/wp\/v2\/categories?post=3056"},{"taxonomy":"post_tag","embeddable":true,"href":"https:\/\/www.vfl-westercelle.de\/ju-ju\/wp-json\/wp\/v2\/tags?post=3056"}],"curies":[{"name":"wp","href":"https:\/\/api.w.org\/{rel}","templated":true}]}}