{"id":615,"date":"2016-04-10T19:32:41","date_gmt":"2016-04-10T17:32:41","guid":{"rendered":"http:\/\/www.vfl-westercelle.de\/ju-jutsu\/?p=615"},"modified":"2016-08-08T09:49:08","modified_gmt":"2016-08-08T07:49:08","slug":"ju-jutsuka-des-vfl-testen-erfolgreich-in-bernau","status":"publish","type":"post","link":"https:\/\/www.vfl-westercelle.de\/ju-ju\/ju-jutsuka-des-vfl-testen-erfolgreich-in-bernau\/","title":{"rendered":"Ju-Jutsuka des VfL testen erfolgreich in Bernau"},"content":{"rendered":"<p>Am 09.04.2016 starteten 230 K\u00e4mpfer aus 18 Vereinen beim 20. Internationalen Ju-Jutsu Turnier in Bernau. Traditionell starten bei dieser Veranstaltung nationale und internationale Spitzen-Ju-Jutsuka. Der VfL Westercelle nutzte dieses Turnier als Vorbereitung f\u00fcr die kommenden norddeutschen Meisterschaften in Todenb\u00fcttel und auch zum Testen des Nachwuchses. So konnte Justin Gramlich in der Altersklasse U10 bis 23 kg alle K\u00e4mpfe vorzeitig gewinnen und sicherte sich souver\u00e4n den ersten Platz. Auch Marcel Krause dominierte seine Klasse U10 bis 42 kg, gewann alle K\u00e4mpfe \u00fcberlegen und belegte ebenfalls den ersten Platz. In der Altersklasse U12 bis 40 kg startete Kristin Raddatz. Ihren ersten Kampf verlor sie gegen eine erfahrene K\u00e4mpferin nur knapp mit einem Punkt. Entsprechend motiviert konnte sie ihre nachfolgenden K\u00e4mpfe gewinnen und sicherte sich so die Silbermedaille. \u00c4hnlich erging es Melissa Chevalier in der Altersklasse U15 bis 44 kg. Auch sie musste sich im ersten Kampf knapp geschlagen geben, konnte aber in den darauf folgenden K\u00e4mpfen \u00fcberzeugen und erk\u00e4mpfte sich am Ende den zweiten Platz. In derselben Altersklasse bis 45 kg traf Simon Fukas auf starke Konkurrenz aus Norderstedt und Bernau. Nach packenden K\u00e4mpfen konnte sich Simon gegen seine Gegner durchsetzen und gewann die Goldmedaille. Den dritten Platz sicherte sich Ali Akbas in der Klasse U18 bis 60 kg. Nach einer technisch \u00fcberzeugenden Leistung musste er sich nur dem aktuellen Vizeweltmeister aus Basdorf geschlagen geben. Mit einer dominierenden Leistung konnte Robin Windhorst seine K\u00e4mpfe alle vorzeitig gewinnen und errang damit in der Altersklasse U18 bis 81 kg die Goldmedaille. Bastian G\u00e4rtner und Marius Joop starteten in der am st\u00e4rksten besetzten Klasse U21 bis 77 kg. In dieser Gruppe trafen sie auf aktuelle deutsche Meister und Weltmeister. Nach spannenden und knappen K\u00e4mpfen erreichten beide zwar nur jeweils den neunten Rang, dennoch k\u00f6nnen sie mit der gezeigten Leistung zufrieden sein. Insgesamt erk\u00e4mpfte sich der VfL Westercelle 4 mal Gold, 2 Silber und eine Bronzemedaille und belegte damit in der Vereinswertung den sechsten Platz. \u201eWir haben gute Leistungen gesehen und k\u00f6nnen unsere Sportler jetzt besser f\u00fcr die kommenden Turniere einstellen.\u201c, waren die Trainer Alexey Volf und Karsten Sell mit den Turnierleistungen zufrieden.<\/p>\n","protected":false},"excerpt":{"rendered":"<p>Am 09.04.2016 starteten 230 K\u00e4mpfer aus 18 Vereinen beim 20. Internationalen Ju-Jutsu Turnier in Bernau. Traditionell starten bei dieser Veranstaltung nationale und internationale Spitzen-Ju-Jutsuka. Der VfL Westercelle nutzte dieses Turnier als Vorbereitung f\u00fcr die kommenden norddeutschen Meisterschaften in Todenb\u00fcttel und auch zum Testen des Nachwuchses. So konnte Justin Gramlich in der Altersklasse U10 bis 23 <a class=\"read-more-link\" href=\"https:\/\/www.vfl-westercelle.de\/ju-ju\/ju-jutsuka-des-vfl-testen-erfolgreich-in-bernau\/\">[ &#8230; weiter]<\/a><\/p>\n","protected":false},"author":1,"featured_media":616,"comment_status":"closed","ping_status":"open","sticky":false,"template":"","format":"standard","meta":{"footnotes":""},"categories":[1],"tags":[8],"class_list":["post-615","post","type-post","status-publish","format-standard","has-post-thumbnail","hentry","category-ju-jutsu-news","tag-wettkampfbericht"],"_links":{"self":[{"href":"https:\/\/www.vfl-westercelle.de\/ju-ju\/wp-json\/wp\/v2\/posts\/615","targetHints":{"allow":["GET"]}}],"collection":[{"href":"https:\/\/www.vfl-westercelle.de\/ju-ju\/wp-json\/wp\/v2\/posts"}],"about":[{"href":"https:\/\/www.vfl-westercelle.de\/ju-ju\/wp-json\/wp\/v2\/types\/post"}],"author":[{"embeddable":true,"href":"https:\/\/www.vfl-westercelle.de\/ju-ju\/wp-json\/wp\/v2\/users\/1"}],"replies":[{"embeddable":true,"href":"https:\/\/www.vfl-westercelle.de\/ju-ju\/wp-json\/wp\/v2\/comments?post=615"}],"version-history":[{"count":1,"href":"https:\/\/www.vfl-westercelle.de\/ju-ju\/wp-json\/wp\/v2\/posts\/615\/revisions"}],"predecessor-version":[{"id":617,"href":"https:\/\/www.vfl-westercelle.de\/ju-ju\/wp-json\/wp\/v2\/posts\/615\/revisions\/617"}],"wp:featuredmedia":[{"embeddable":true,"href":"https:\/\/www.vfl-westercelle.de\/ju-ju\/wp-json\/wp\/v2\/media\/616"}],"wp:attachment":[{"href":"https:\/\/www.vfl-westercelle.de\/ju-ju\/wp-json\/wp\/v2\/media?parent=615"}],"wp:term":[{"taxonomy":"category","embeddable":true,"href":"https:\/\/www.vfl-westercelle.de\/ju-ju\/wp-json\/wp\/v2\/categories?post=615"},{"taxonomy":"post_tag","embeddable":true,"href":"https:\/\/www.vfl-westercelle.de\/ju-ju\/wp-json\/wp\/v2\/tags?post=615"}],"curies":[{"name":"wp","href":"https:\/\/api.w.org\/{rel}","templated":true}]}}