{"id":709,"date":"2015-06-10T16:04:04","date_gmt":"2015-06-10T14:04:04","guid":{"rendered":"http:\/\/www.vfl-westercelle.de\/ju-jutsu\/?p=709"},"modified":"2016-08-08T09:49:08","modified_gmt":"2016-08-08T07:49:08","slug":"norddeutsche-einzelmeisterschaft-2015-im-ju-jutsu-fighting","status":"publish","type":"post","link":"https:\/\/www.vfl-westercelle.de\/ju-ju\/norddeutsche-einzelmeisterschaft-2015-im-ju-jutsu-fighting\/","title":{"rendered":"Norddeutsche-Einzelmeisterschaft 2015 im Ju-Jutsu-Fighting"},"content":{"rendered":"<p>Die Ju-Jutsuka des VfL Westercelle konnten die taktischen Vorgaben ihrer beiden Trainer nahezu perfekt umsetzen und hatten auch deshalb einen gro\u00dfartigen, erfolgreichen Auftritt bei der Gruppen-Einzelmeisterschaft Nord 2015\u00a0 der Bundesl\u00e4nder Niedersachsen, Hamburg, Bremen, Schleswig-Holstein und Mecklenburg-Vorpommern am 09.05.2015 in Einbeck. Simon Fukas (u15 -37kg) und Justus Wendt (u18 -73kg) erk\u00e4mpften sich die Norddeutschen Meistertitel<strong>.<\/strong> Ali Akbas (u15 -55kg) wurde Vizemeister und Robin Windhorst (u18 -73kg) konnte einen sehr guten dritten Platz erreichen. Alle vier qualifizierten sich somit f\u00fcr die Deutschen Meisterschaften, die am 06. Juni 2015 f\u00fcr die Sch\u00fcler (u15) in Zeitz beziehungsweise am 13.\/14.06.2015 in Winsen\/Luhe f\u00fcr die u18 und Senioren stattfinden. Der VfL Westercelle belegte in der Vereinswertung den 4. Platz und war somit der erfolgreichste Verein in Niedersachsen.<\/p>\n","protected":false},"excerpt":{"rendered":"<p>Die Ju-Jutsuka des VfL Westercelle konnten die taktischen Vorgaben ihrer beiden Trainer nahezu perfekt umsetzen und hatten auch deshalb einen gro\u00dfartigen, erfolgreichen Auftritt bei der Gruppen-Einzelmeisterschaft Nord 2015\u00a0 der Bundesl\u00e4nder Niedersachsen, Hamburg, Bremen, Schleswig-Holstein und Mecklenburg-Vorpommern am 09.05.2015 in Einbeck. Simon Fukas (u15 -37kg) und Justus Wendt (u18 -73kg) erk\u00e4mpften sich die Norddeutschen Meistertitel. Ali <a class=\"read-more-link\" href=\"https:\/\/www.vfl-westercelle.de\/ju-ju\/norddeutsche-einzelmeisterschaft-2015-im-ju-jutsu-fighting\/\">[ &#8230; weiter]<\/a><\/p>\n","protected":false},"author":1,"featured_media":710,"comment_status":"closed","ping_status":"open","sticky":false,"template":"","format":"standard","meta":{"footnotes":""},"categories":[1],"tags":[8],"class_list":["post-709","post","type-post","status-publish","format-standard","has-post-thumbnail","hentry","category-ju-jutsu-news","tag-wettkampfbericht"],"_links":{"self":[{"href":"https:\/\/www.vfl-westercelle.de\/ju-ju\/wp-json\/wp\/v2\/posts\/709","targetHints":{"allow":["GET"]}}],"collection":[{"href":"https:\/\/www.vfl-westercelle.de\/ju-ju\/wp-json\/wp\/v2\/posts"}],"about":[{"href":"https:\/\/www.vfl-westercelle.de\/ju-ju\/wp-json\/wp\/v2\/types\/post"}],"author":[{"embeddable":true,"href":"https:\/\/www.vfl-westercelle.de\/ju-ju\/wp-json\/wp\/v2\/users\/1"}],"replies":[{"embeddable":true,"href":"https:\/\/www.vfl-westercelle.de\/ju-ju\/wp-json\/wp\/v2\/comments?post=709"}],"version-history":[{"count":1,"href":"https:\/\/www.vfl-westercelle.de\/ju-ju\/wp-json\/wp\/v2\/posts\/709\/revisions"}],"predecessor-version":[{"id":711,"href":"https:\/\/www.vfl-westercelle.de\/ju-ju\/wp-json\/wp\/v2\/posts\/709\/revisions\/711"}],"wp:featuredmedia":[{"embeddable":true,"href":"https:\/\/www.vfl-westercelle.de\/ju-ju\/wp-json\/wp\/v2\/media\/710"}],"wp:attachment":[{"href":"https:\/\/www.vfl-westercelle.de\/ju-ju\/wp-json\/wp\/v2\/media?parent=709"}],"wp:term":[{"taxonomy":"category","embeddable":true,"href":"https:\/\/www.vfl-westercelle.de\/ju-ju\/wp-json\/wp\/v2\/categories?post=709"},{"taxonomy":"post_tag","embeddable":true,"href":"https:\/\/www.vfl-westercelle.de\/ju-ju\/wp-json\/wp\/v2\/tags?post=709"}],"curies":[{"name":"wp","href":"https:\/\/api.w.org\/{rel}","templated":true}]}}