{"id":731,"date":"2015-06-06T16:22:13","date_gmt":"2015-06-06T14:22:13","guid":{"rendered":"http:\/\/www.vfl-westercelle.de\/ju-jutsu\/?p=731"},"modified":"2016-08-08T09:49:08","modified_gmt":"2016-08-08T07:49:08","slug":"schuelermeisterschaft-2015","status":"publish","type":"post","link":"https:\/\/www.vfl-westercelle.de\/ju-ju\/schuelermeisterschaft-2015\/","title":{"rendered":"Sch\u00fclermeisterschaft 2015"},"content":{"rendered":"<p>Am 06.06.2015 fanden in Zeitz die zweiten deutschen Sch\u00fclermeisterschaften statt. Insgesamt nahmen 118 K\u00e4mpferinnen und K\u00e4mpfer aus 12 Bundesl\u00e4ndern teil. Zum ersten Mal wollte auch der VfL Westercelle mit um die Titel k\u00e4mpfen. Simon Fukas, bis 37 kg und Ali Akbas, bis 55 kg, hatten sich\u00a0 zuvor bei den Norddeutschen Meisterschaften f\u00fcr dieses Turnier qualifizieren k\u00f6nnen. Seine ersten beiden K\u00e4mpfe konnte Ali Akbas souver\u00e4n gewinnen und musste sich dann leider im Halbfinale dem sp\u00e4teren deutschen Meister knapp geschlagen geben. Lange durfte die Entt\u00e4uschung \u00fcber das verpasste Finale aber nicht anhalten, denn es galt nun, sich auf das kleine Finale um Platz drei zu konzentrieren. Diesen Kampf konnte Ali mit einer sehr guten Leistung vorzeitig gewinnen und sicherte sich so den dritten Platz. Bei den \u201eLeichtgewichten\u201c war Simon Fukas in der Lage, sich nach zwei schweren K\u00e4mpfen gegen starke Gegner f\u00fcr das Finale zu qualifizieren. Dort traf er auf einen sehr erfahrenen K\u00e4mpfer und musste sich trotz guter Leistung am Ende mit dem zweiten Platz zufrieden geben. Die Trainer Alexej Volf und Karsten Sell waren mit den gezeigten Leistungen ihrer K\u00e4mpfer sehr zufrieden.<\/p>\n<p><a href=\"http:\/\/www.vfl-westercelle.de\/ju-jutsu\/wp-content\/uploads\/sites\/2\/2016\/07\/Artikel-CZ-DEM-U15-09-06-15.jpg\"><img loading=\"lazy\" decoding=\"async\" class=\"alignnone size-medium wp-image-733\" src=\"http:\/\/www.vfl-westercelle.de\/ju-jutsu\/wp-content\/uploads\/sites\/2\/2016\/07\/Artikel-CZ-DEM-U15-09-06-15-300x274.jpg\" alt=\"Artikel CZ DEM U15, 09-06-15\" width=\"300\" height=\"274\" srcset=\"https:\/\/www.vfl-westercelle.de\/ju-ju\/wp-content\/uploads\/sites\/2\/2016\/07\/Artikel-CZ-DEM-U15-09-06-15-300x274.jpg 300w, https:\/\/www.vfl-westercelle.de\/ju-ju\/wp-content\/uploads\/sites\/2\/2016\/07\/Artikel-CZ-DEM-U15-09-06-15-768x702.jpg 768w, https:\/\/www.vfl-westercelle.de\/ju-ju\/wp-content\/uploads\/sites\/2\/2016\/07\/Artikel-CZ-DEM-U15-09-06-15-705x644.jpg 705w, https:\/\/www.vfl-westercelle.de\/ju-ju\/wp-content\/uploads\/sites\/2\/2016\/07\/Artikel-CZ-DEM-U15-09-06-15-450x411.jpg 450w, https:\/\/www.vfl-westercelle.de\/ju-ju\/wp-content\/uploads\/sites\/2\/2016\/07\/Artikel-CZ-DEM-U15-09-06-15.jpg 1000w\" sizes=\"auto, (max-width: 300px) 100vw, 300px\" \/><\/a><\/p>\n","protected":false},"excerpt":{"rendered":"<p>Am 06.06.2015 fanden in Zeitz die zweiten deutschen Sch\u00fclermeisterschaften statt. Insgesamt nahmen 118 K\u00e4mpferinnen und K\u00e4mpfer aus 12 Bundesl\u00e4ndern teil. Zum ersten Mal wollte auch der VfL Westercelle mit um die Titel k\u00e4mpfen. Simon Fukas, bis 37 kg und Ali Akbas, bis 55 kg, hatten sich\u00a0 zuvor bei den Norddeutschen Meisterschaften f\u00fcr dieses Turnier qualifizieren <a class=\"read-more-link\" href=\"https:\/\/www.vfl-westercelle.de\/ju-ju\/schuelermeisterschaft-2015\/\">[ &#8230; weiter]<\/a><\/p>\n","protected":false},"author":1,"featured_media":732,"comment_status":"closed","ping_status":"open","sticky":false,"template":"","format":"standard","meta":{"footnotes":""},"categories":[1],"tags":[9,8],"class_list":["post-731","post","type-post","status-publish","format-standard","has-post-thumbnail","hentry","category-ju-jutsu-news","tag-pressebericht","tag-wettkampfbericht"],"_links":{"self":[{"href":"https:\/\/www.vfl-westercelle.de\/ju-ju\/wp-json\/wp\/v2\/posts\/731","targetHints":{"allow":["GET"]}}],"collection":[{"href":"https:\/\/www.vfl-westercelle.de\/ju-ju\/wp-json\/wp\/v2\/posts"}],"about":[{"href":"https:\/\/www.vfl-westercelle.de\/ju-ju\/wp-json\/wp\/v2\/types\/post"}],"author":[{"embeddable":true,"href":"https:\/\/www.vfl-westercelle.de\/ju-ju\/wp-json\/wp\/v2\/users\/1"}],"replies":[{"embeddable":true,"href":"https:\/\/www.vfl-westercelle.de\/ju-ju\/wp-json\/wp\/v2\/comments?post=731"}],"version-history":[{"count":1,"href":"https:\/\/www.vfl-westercelle.de\/ju-ju\/wp-json\/wp\/v2\/posts\/731\/revisions"}],"predecessor-version":[{"id":734,"href":"https:\/\/www.vfl-westercelle.de\/ju-ju\/wp-json\/wp\/v2\/posts\/731\/revisions\/734"}],"wp:featuredmedia":[{"embeddable":true,"href":"https:\/\/www.vfl-westercelle.de\/ju-ju\/wp-json\/wp\/v2\/media\/732"}],"wp:attachment":[{"href":"https:\/\/www.vfl-westercelle.de\/ju-ju\/wp-json\/wp\/v2\/media?parent=731"}],"wp:term":[{"taxonomy":"category","embeddable":true,"href":"https:\/\/www.vfl-westercelle.de\/ju-ju\/wp-json\/wp\/v2\/categories?post=731"},{"taxonomy":"post_tag","embeddable":true,"href":"https:\/\/www.vfl-westercelle.de\/ju-ju\/wp-json\/wp\/v2\/tags?post=731"}],"curies":[{"name":"wp","href":"https:\/\/api.w.org\/{rel}","templated":true}]}}