{"id":1254,"date":"2023-11-30T10:37:40","date_gmt":"2023-11-30T09:37:40","guid":{"rendered":"https:\/\/www.vfl-westercelle.de\/tenn\/?p=1254"},"modified":"2023-11-30T10:37:42","modified_gmt":"2023-11-30T09:37:42","slug":"tenniscamp-in-den-herbstferien","status":"publish","type":"post","link":"https:\/\/www.vfl-westercelle.de\/tenn\/tenniscamp-in-den-herbstferien\/","title":{"rendered":"Tenniscamp in den Herbstferien"},"content":{"rendered":"<figure class=\"wp-block-post-featured-image\"><img decoding=\"async\" loading=\"lazy\" width=\"2048\" height=\"1536\" src=\"https:\/\/www.vfl-westercelle.de\/tenn\/wp-content\/uploads\/sites\/18\/2023\/11\/Tenniscamp-Herbstferien.jpg\" class=\"wp-image-1255 avia-img-lazy-loading-1255 attachment-post-thumbnail size-post-thumbnail wp-post-image\" alt=\"\" style=\"object-fit:cover;\" srcset=\"https:\/\/www.vfl-westercelle.de\/tenn\/wp-content\/uploads\/sites\/18\/2023\/11\/Tenniscamp-Herbstferien.jpg 2048w, https:\/\/www.vfl-westercelle.de\/tenn\/wp-content\/uploads\/sites\/18\/2023\/11\/Tenniscamp-Herbstferien-300x225.jpg 300w, https:\/\/www.vfl-westercelle.de\/tenn\/wp-content\/uploads\/sites\/18\/2023\/11\/Tenniscamp-Herbstferien-1030x773.jpg 1030w, https:\/\/www.vfl-westercelle.de\/tenn\/wp-content\/uploads\/sites\/18\/2023\/11\/Tenniscamp-Herbstferien-768x576.jpg 768w, https:\/\/www.vfl-westercelle.de\/tenn\/wp-content\/uploads\/sites\/18\/2023\/11\/Tenniscamp-Herbstferien-1536x1152.jpg 1536w, https:\/\/www.vfl-westercelle.de\/tenn\/wp-content\/uploads\/sites\/18\/2023\/11\/Tenniscamp-Herbstferien-1500x1125.jpg 1500w, https:\/\/www.vfl-westercelle.de\/tenn\/wp-content\/uploads\/sites\/18\/2023\/11\/Tenniscamp-Herbstferien-705x529.jpg 705w\" sizes=\"auto, (max-width: 2048px) 100vw, 2048px\" \/><\/figure>\n\n\n<p>Die VfL Westercelle und TC Boye haben in den Herbstferien einen Tenniscamp f\u00fcr Kinder und Jugendliche organisiert. Die Veranstaltung war sehr erfolgreich. Nach kurzer Ank\u00fcndigung waren alle Pl\u00e4tze ausgebucht. Das Trainerteam mit Steve Williams und Thomas Masur mit der Unterst\u00fctzung von Bezna Cakil haben viele Aktionen und Spiele rund ums Tennis vorbereitet. Auch Kraft-Training und Fitness standen auf dem Programm. Rund 16 Kinder hatten die M\u00f6glichkeit gehabt die Ferienaktion voller Sport, Spiel und Spa\u00df auf der Tennisanlage der VfL Westercelle zu erleben.<\/p>\n\n\n\n<p>Auf dem Foto die Teilnehmer des Tenniscamps:<\/p>\n\n\n\n<p>Steve Williams, Hardy Reimchen, &nbsp;Zina Cakil, Heinrich Hummel, Nilay Cakil, Sophia Kukuk, Stefan Hodoiu, &nbsp;Valentina Esselborn, Bezna Cakil, Leon Schoppmann,<\/p>\n\n\n\n<p>vorne: Paul Reimchen, Alina Schoppmann, Sara Hodoiu Maximilian Eck<\/p>\n\n\n\n<p>(Foto Steffi Reimchen)<\/p>\n","protected":false},"excerpt":{"rendered":"<p>Die VfL Westercelle und TC Boye haben in den Herbstferien einen Tenniscamp f\u00fcr Kinder und Jugendliche organisiert. Die Veranstaltung war sehr erfolgreich. Nach kurzer Ank\u00fcndigung waren alle Pl\u00e4tze ausgebucht. Das Trainerteam mit Steve Williams und Thomas Masur mit der Unterst\u00fctzung von Bezna Cakil haben viele Aktionen und Spiele rund ums Tennis vorbereitet. Auch Kraft-Training und <a class=\"read-more-link\" href=\"https:\/\/www.vfl-westercelle.de\/tenn\/tenniscamp-in-den-herbstferien\/\">[&#8230; weiterlesen]<\/a><\/p>\n","protected":false},"author":32,"featured_media":1255,"comment_status":"closed","ping_status":"open","sticky":false,"template":"","format":"standard","meta":{"footnotes":""},"categories":[4],"tags":[],"class_list":["post-1254","post","type-post","status-publish","format-standard","has-post-thumbnail","hentry","category-tennis"],"_links":{"self":[{"href":"https:\/\/www.vfl-westercelle.de\/tenn\/wp-json\/wp\/v2\/posts\/1254","targetHints":{"allow":["GET"]}}],"collection":[{"href":"https:\/\/www.vfl-westercelle.de\/tenn\/wp-json\/wp\/v2\/posts"}],"about":[{"href":"https:\/\/www.vfl-westercelle.de\/tenn\/wp-json\/wp\/v2\/types\/post"}],"author":[{"embeddable":true,"href":"https:\/\/www.vfl-westercelle.de\/tenn\/wp-json\/wp\/v2\/users\/32"}],"replies":[{"embeddable":true,"href":"https:\/\/www.vfl-westercelle.de\/tenn\/wp-json\/wp\/v2\/comments?post=1254"}],"version-history":[{"count":1,"href":"https:\/\/www.vfl-westercelle.de\/tenn\/wp-json\/wp\/v2\/posts\/1254\/revisions"}],"predecessor-version":[{"id":1256,"href":"https:\/\/www.vfl-westercelle.de\/tenn\/wp-json\/wp\/v2\/posts\/1254\/revisions\/1256"}],"wp:featuredmedia":[{"embeddable":true,"href":"https:\/\/www.vfl-westercelle.de\/tenn\/wp-json\/wp\/v2\/media\/1255"}],"wp:attachment":[{"href":"https:\/\/www.vfl-westercelle.de\/tenn\/wp-json\/wp\/v2\/media?parent=1254"}],"wp:term":[{"taxonomy":"category","embeddable":true,"href":"https:\/\/www.vfl-westercelle.de\/tenn\/wp-json\/wp\/v2\/categories?post=1254"},{"taxonomy":"post_tag","embeddable":true,"href":"https:\/\/www.vfl-westercelle.de\/tenn\/wp-json\/wp\/v2\/tags?post=1254"}],"curies":[{"name":"wp","href":"https:\/\/api.w.org\/{rel}","templated":true}]}}