{"id":1715,"date":"2025-09-05T19:32:04","date_gmt":"2025-09-05T17:32:04","guid":{"rendered":"https:\/\/www.vfl-westercelle.de\/tenn\/?p=1715"},"modified":"2025-09-05T19:33:29","modified_gmt":"2025-09-05T17:33:29","slug":"mitgliederversammlung-der-tennissparte-des-vfl-westercelle","status":"publish","type":"post","link":"https:\/\/www.vfl-westercelle.de\/tenn\/mitgliederversammlung-der-tennissparte-des-vfl-westercelle\/","title":{"rendered":"Mitgliederversammlung der Tennissparte des VfL Westercelle"},"content":{"rendered":"<figure class=\"wp-block-post-featured-image\"><img decoding=\"async\" loading=\"lazy\" width=\"2560\" height=\"1920\" src=\"https:\/\/www.vfl-westercelle.de\/tenn\/wp-content\/uploads\/sites\/18\/2025\/09\/Vorstand-scaled.jpg\" class=\"wp-image-1716 avia-img-lazy-loading-1716 attachment-post-thumbnail size-post-thumbnail wp-post-image\" alt=\"\" style=\"object-fit:cover;\" srcset=\"https:\/\/www.vfl-westercelle.de\/tenn\/wp-content\/uploads\/sites\/18\/2025\/09\/Vorstand-scaled.jpg 2560w, https:\/\/www.vfl-westercelle.de\/tenn\/wp-content\/uploads\/sites\/18\/2025\/09\/Vorstand-300x225.jpg 300w, https:\/\/www.vfl-westercelle.de\/tenn\/wp-content\/uploads\/sites\/18\/2025\/09\/Vorstand-1030x773.jpg 1030w, https:\/\/www.vfl-westercelle.de\/tenn\/wp-content\/uploads\/sites\/18\/2025\/09\/Vorstand-768x576.jpg 768w, https:\/\/www.vfl-westercelle.de\/tenn\/wp-content\/uploads\/sites\/18\/2025\/09\/Vorstand-1536x1152.jpg 1536w, https:\/\/www.vfl-westercelle.de\/tenn\/wp-content\/uploads\/sites\/18\/2025\/09\/Vorstand-2048x1536.jpg 2048w, https:\/\/www.vfl-westercelle.de\/tenn\/wp-content\/uploads\/sites\/18\/2025\/09\/Vorstand-1500x1125.jpg 1500w, https:\/\/www.vfl-westercelle.de\/tenn\/wp-content\/uploads\/sites\/18\/2025\/09\/Vorstand-705x529.jpg 705w\" sizes=\"auto, (max-width: 2560px) 100vw, 2560px\" \/><\/figure>\n\n\n<p>Die Mitgliederversammlung der Tennissparte des VfL Westercelle fand am 07.02.2025 im Tennisheim statt. In seinem Jahresbericht zeichnete Spartenleiter Steve Williams das Jahr 2024 noch einmal nach und gab einen positiven Ausblick auf das Jahr 2025. Die Arbeit mit kleinen Kinder stand im Fokus im letzten Jahr und hat positive Ergebnisse gebracht. Nach erfolgreichen Schulbesuchen starteten mehrere Schnupperkurse. Viele der Teilnehmer wollen beim Tennis bleiben und haben die Aufnahmeantr\u00e4ge unterschrieben. Die Tennissparte freut sich \u00fcber die neuen Mitglieder.<\/p>\n\n\n\n<p>Der Sportwart berichtet \u00fcber die aktuelle Mannschaftssituation und \u00fcber die f\u00fcr den Sommer gemeldeten Teams. Insgesamt wurden 12 Mannschaften f\u00fcr das neue Saison gemeldet. Im Winter 2024 wurden zum ersten mal drei Herrenmannschaften gemeldet: I Herren, II Herren und Herren 40. Dabei hat die erste Herrenmannschaft erneut einen Aufstieg erzielt und wird im kommenden Wintersaison in der Bezirksliga spielen. Die sehr junge zweite Herrenmannschaft hat die ersten Spielerfahrungen gesammelt. Die Spieler sind sehr motiviert und freuen sich auf das kommende Sommersaison. Die erste Damenmannschaft war viele Jahre erfolgreich in der Nordliga vertreten. Leider ist im Sommer 2024 der Klassenhalt nicht gelungen, das Team ist abgestiegen und wird im Sommer in der Oberliga spielen. Es ist zu betonen, dass die Oberliga die h\u00f6chste Liga im Damentennis in der Region bleibt und die Tennissparte der VfL Westercelle weiterhin attraktiv macht.<\/p>\n\n\n\n<p>Im Jahr 2025 feiert der Hauptverein ein 75-Jubil\u00e4um. Anl\u00e4sslich des Jubil\u00e4ums sind mehre Aktionen geplant, die Tennissporte unterst\u00fctzen wird.<\/p>\n\n\n\n<p>Die im letzten Jahr ins leben gerufene Whatsapp-Gruppe funktioniert gut. Der Spartenleiter teilt \u00fcber die Gruppe die Informationen rund um die Tennissparte wie die Veranstaltungen, Arbeitsdienst, Events auf der Anlage oder Notfallinformationen mit.<\/p>\n\n\n\n<p><\/p>\n\n\n\n<p>Die Spartenleitung setzt sich nach den Wahlen wie folgt zusammen:<\/p>\n\n\n\n<p>Steve Williams : Spartenleiter, Werner Zimmermann: stellvertretender Spartenleiter und Hallenwart, Martin Lucan: Kassenwart, Thomas Masur : Sportwart, Robert Neumann :&nbsp; Jugendwart, Florian Degenhard : Schriftwart, Ekaterina Popova : Pressewartin.<\/p>\n\n\n\n<p>Auf dem Foto von links: Ekaterina Popova, Thomas Masur, Steve Williams, Martin Lucan, Florian Degenhard, Werner Zimmermann und Robert Neumann (Foto Leon Schoppmann)<\/p>\n\n\n\n<p><\/p>\n","protected":false},"excerpt":{"rendered":"<p>Die Mitgliederversammlung der Tennissparte des VfL Westercelle fand am 07.02.2025 im Tennisheim statt. In seinem Jahresbericht zeichnete Spartenleiter Steve Williams das Jahr 2024 noch einmal nach und gab einen positiven Ausblick auf das Jahr 2025. Die Arbeit mit kleinen Kinder stand im Fokus im letzten Jahr und hat positive Ergebnisse gebracht. Nach erfolgreichen Schulbesuchen starteten <a class=\"read-more-link\" href=\"https:\/\/www.vfl-westercelle.de\/tenn\/mitgliederversammlung-der-tennissparte-des-vfl-westercelle\/\">[&#8230; weiterlesen]<\/a><\/p>\n","protected":false},"author":32,"featured_media":1716,"comment_status":"closed","ping_status":"open","sticky":false,"template":"","format":"standard","meta":{"footnotes":""},"categories":[4],"tags":[],"class_list":["post-1715","post","type-post","status-publish","format-standard","has-post-thumbnail","hentry","category-tennis"],"_links":{"self":[{"href":"https:\/\/www.vfl-westercelle.de\/tenn\/wp-json\/wp\/v2\/posts\/1715","targetHints":{"allow":["GET"]}}],"collection":[{"href":"https:\/\/www.vfl-westercelle.de\/tenn\/wp-json\/wp\/v2\/posts"}],"about":[{"href":"https:\/\/www.vfl-westercelle.de\/tenn\/wp-json\/wp\/v2\/types\/post"}],"author":[{"embeddable":true,"href":"https:\/\/www.vfl-westercelle.de\/tenn\/wp-json\/wp\/v2\/users\/32"}],"replies":[{"embeddable":true,"href":"https:\/\/www.vfl-westercelle.de\/tenn\/wp-json\/wp\/v2\/comments?post=1715"}],"version-history":[{"count":2,"href":"https:\/\/www.vfl-westercelle.de\/tenn\/wp-json\/wp\/v2\/posts\/1715\/revisions"}],"predecessor-version":[{"id":1718,"href":"https:\/\/www.vfl-westercelle.de\/tenn\/wp-json\/wp\/v2\/posts\/1715\/revisions\/1718"}],"wp:featuredmedia":[{"embeddable":true,"href":"https:\/\/www.vfl-westercelle.de\/tenn\/wp-json\/wp\/v2\/media\/1716"}],"wp:attachment":[{"href":"https:\/\/www.vfl-westercelle.de\/tenn\/wp-json\/wp\/v2\/media?parent=1715"}],"wp:term":[{"taxonomy":"category","embeddable":true,"href":"https:\/\/www.vfl-westercelle.de\/tenn\/wp-json\/wp\/v2\/categories?post=1715"},{"taxonomy":"post_tag","embeddable":true,"href":"https:\/\/www.vfl-westercelle.de\/tenn\/wp-json\/wp\/v2\/tags?post=1715"}],"curies":[{"name":"wp","href":"https:\/\/api.w.org\/{rel}","templated":true}]}}