{"id":800,"date":"2021-12-11T22:45:25","date_gmt":"2021-12-11T21:45:25","guid":{"rendered":"https:\/\/www.vfl-westercelle.de\/tenn\/?p=800"},"modified":"2022-02-09T22:10:19","modified_gmt":"2022-02-09T21:10:19","slug":"regionsmeisterschaften-der-juengsten-winter-2021","status":"publish","type":"post","link":"https:\/\/www.vfl-westercelle.de\/tenn\/regionsmeisterschaften-der-juengsten-winter-2021\/","title":{"rendered":"Regionsmeisterschaften der J\u00fcngsten Winter 2021"},"content":{"rendered":"\n<p>Die J\u00fcngsten-Regionsmeisterschaften Winter 2021 fanden in diesem Jahr erneut im&nbsp; Tenniscenter S\u00fcdheide statt. Kinder aus zahlreichen Vereinen der Region S\u00fcdheide in der Kategorien U7 bis U10 nahmen daran teil.<\/p>\n\n\n\n<p>Die Tennissparte des VfL Westercelle war mit 11 M\u00e4dels und Jungs zahlreich und auch erfolgreich vertreten.<\/p>\n\n\n\n<p>Einen Regionsmeistertitel gab es f\u00fcr Caterina&nbsp; Schreiber im Midcourtwettbewerb W9. Alina Schoppmann holte sich in dieser Kategorie den 2.Platz. Einen weiteren zweiten Platz holte sich Miron Gerling im Gro\u00dffeld U10 m\u00e4nnlich gefolgt von Nick Fischer mit Platz drei. Klea Kessering erspielte sich in der W7 weiblich den 3.Platz. Mit dabei waren auch Jayden Engel, Jonas Post, Paul Reimchen, Artjom Stele, Sara Houdoui und Egor Leonov. &nbsp;&nbsp;<\/p>\n\n\n\n<p>W\u00e4hrend die Kids viel Spa\u00df bei einem tollen Wettbewerb hatten, freuten sich die Eltern und auch die Trainer, dass sich alle jungen Talente seit dem Sommer sp\u00fcrbar verbessert haben.<\/p>\n\n\n\n<p>Zum Anfang des Jahres werden es noch einige Wettbewerbe f\u00fcr die \u00e4lteren Tenniskinder geben. Am 04-05.01.2022 findet der 39. Celler Jugend Hallenturnier in den Altersklassen U11-U16 statt. Und am 07-09.01.2022 sind die Regionsmeisterschaften der Jugend U11-U16 und U21 geplant. Der Veranstaltungsort f\u00fcr die beiden Turniere ist auch Tenniscenter S\u00fcdheide in Gro\u00df Hehlen.<\/p>\n\n\n\n<figure class=\"wp-block-gallery columns-3 is-cropped wp-block-gallery-1 is-layout-flex wp-block-gallery-is-layout-flex\"><ul class=\"blocks-gallery-grid\"><li class=\"blocks-gallery-item\"><figure><img loading=\"lazy\" decoding=\"async\" width=\"773\" height=\"1030\" src=\"https:\/\/www.vfl-westercelle.de\/tenn\/wp-content\/uploads\/sites\/18\/2021\/12\/Miron-Gerling-U-10-2.-Platz-1-773x1030.jpg\" alt=\"\" data-id=\"812\" data-link=\"https:\/\/www.vfl-westercelle.de\/tenn\/?attachment_id=812\" class=\"wp-image-812\" srcset=\"https:\/\/www.vfl-westercelle.de\/tenn\/wp-content\/uploads\/sites\/18\/2021\/12\/Miron-Gerling-U-10-2.-Platz-1-773x1030.jpg 773w, https:\/\/www.vfl-westercelle.de\/tenn\/wp-content\/uploads\/sites\/18\/2021\/12\/Miron-Gerling-U-10-2.-Platz-1-225x300.jpg 225w, https:\/\/www.vfl-westercelle.de\/tenn\/wp-content\/uploads\/sites\/18\/2021\/12\/Miron-Gerling-U-10-2.-Platz-1-768x1024.jpg 768w, https:\/\/www.vfl-westercelle.de\/tenn\/wp-content\/uploads\/sites\/18\/2021\/12\/Miron-Gerling-U-10-2.-Platz-1-1152x1536.jpg 1152w, https:\/\/www.vfl-westercelle.de\/tenn\/wp-content\/uploads\/sites\/18\/2021\/12\/Miron-Gerling-U-10-2.-Platz-1-1125x1500.jpg 1125w, https:\/\/www.vfl-westercelle.de\/tenn\/wp-content\/uploads\/sites\/18\/2021\/12\/Miron-Gerling-U-10-2.-Platz-1-529x705.jpg 529w, https:\/\/www.vfl-westercelle.de\/tenn\/wp-content\/uploads\/sites\/18\/2021\/12\/Miron-Gerling-U-10-2.-Platz-1.jpg 1200w\" sizes=\"auto, (max-width: 773px) 100vw, 773px\" \/><figcaption class=\"blocks-gallery-item__caption\">Miron Gerling, Platz 2 U10 Gro\u00dffeld<\/figcaption><\/figure><\/li><li class=\"blocks-gallery-item\"><figure><img loading=\"lazy\" decoding=\"async\" width=\"729\" height=\"1030\" src=\"https:\/\/www.vfl-westercelle.de\/tenn\/wp-content\/uploads\/sites\/18\/2021\/12\/Nick-Fischer-U10-3.Platz_-2-729x1030.jpg\" alt=\"\" data-id=\"813\" data-link=\"https:\/\/www.vfl-westercelle.de\/tenn\/?attachment_id=813\" class=\"wp-image-813\" srcset=\"https:\/\/www.vfl-westercelle.de\/tenn\/wp-content\/uploads\/sites\/18\/2021\/12\/Nick-Fischer-U10-3.Platz_-2-729x1030.jpg 729w, https:\/\/www.vfl-westercelle.de\/tenn\/wp-content\/uploads\/sites\/18\/2021\/12\/Nick-Fischer-U10-3.Platz_-2-212x300.jpg 212w, https:\/\/www.vfl-westercelle.de\/tenn\/wp-content\/uploads\/sites\/18\/2021\/12\/Nick-Fischer-U10-3.Platz_-2-768x1085.jpg 768w, https:\/\/www.vfl-westercelle.de\/tenn\/wp-content\/uploads\/sites\/18\/2021\/12\/Nick-Fischer-U10-3.Platz_-2-1087x1536.jpg 1087w, https:\/\/www.vfl-westercelle.de\/tenn\/wp-content\/uploads\/sites\/18\/2021\/12\/Nick-Fischer-U10-3.Platz_-2-1061x1500.jpg 1061w, https:\/\/www.vfl-westercelle.de\/tenn\/wp-content\/uploads\/sites\/18\/2021\/12\/Nick-Fischer-U10-3.Platz_-2-499x705.jpg 499w, https:\/\/www.vfl-westercelle.de\/tenn\/wp-content\/uploads\/sites\/18\/2021\/12\/Nick-Fischer-U10-3.Platz_-2.jpg 1449w\" sizes=\"auto, (max-width: 729px) 100vw, 729px\" \/><figcaption class=\"blocks-gallery-item__caption\">Nick Fischer, Platz 3 U10 Gro\u00dffeld<\/figcaption><\/figure><\/li><li class=\"blocks-gallery-item\"><figure><img loading=\"lazy\" decoding=\"async\" width=\"768\" height=\"1024\" src=\"https:\/\/www.vfl-westercelle.de\/tenn\/wp-content\/uploads\/sites\/18\/2021\/12\/Klea-Kesselring-U7-3.Platz_-1.jpg\" alt=\"\" data-id=\"814\" data-link=\"https:\/\/www.vfl-westercelle.de\/tenn\/?attachment_id=814\" class=\"wp-image-814\" srcset=\"https:\/\/www.vfl-westercelle.de\/tenn\/wp-content\/uploads\/sites\/18\/2021\/12\/Klea-Kesselring-U7-3.Platz_-1.jpg 768w, https:\/\/www.vfl-westercelle.de\/tenn\/wp-content\/uploads\/sites\/18\/2021\/12\/Klea-Kesselring-U7-3.Platz_-1-225x300.jpg 225w, https:\/\/www.vfl-westercelle.de\/tenn\/wp-content\/uploads\/sites\/18\/2021\/12\/Klea-Kesselring-U7-3.Platz_-1-529x705.jpg 529w\" sizes=\"auto, (max-width: 768px) 100vw, 768px\" \/><figcaption class=\"blocks-gallery-item__caption\">Klea Kesselring. Platz 3 W7 Kleinfeld<\/figcaption><\/figure><\/li><li class=\"blocks-gallery-item\"><figure><img loading=\"lazy\" decoding=\"async\" width=\"773\" height=\"1030\" src=\"https:\/\/www.vfl-westercelle.de\/tenn\/wp-content\/uploads\/sites\/18\/2021\/12\/Alina-Schoppmann-2.Platz-U9-2-773x1030.jpg\" alt=\"\" data-id=\"817\" data-full-url=\"https:\/\/www.vfl-westercelle.de\/tenn\/wp-content\/uploads\/sites\/18\/2021\/12\/Alina-Schoppmann-2.Platz-U9-2-scaled.jpg\" data-link=\"https:\/\/www.vfl-westercelle.de\/tenn\/?attachment_id=817\" class=\"wp-image-817\" srcset=\"https:\/\/www.vfl-westercelle.de\/tenn\/wp-content\/uploads\/sites\/18\/2021\/12\/Alina-Schoppmann-2.Platz-U9-2-773x1030.jpg 773w, https:\/\/www.vfl-westercelle.de\/tenn\/wp-content\/uploads\/sites\/18\/2021\/12\/Alina-Schoppmann-2.Platz-U9-2-225x300.jpg 225w, https:\/\/www.vfl-westercelle.de\/tenn\/wp-content\/uploads\/sites\/18\/2021\/12\/Alina-Schoppmann-2.Platz-U9-2-768x1024.jpg 768w, https:\/\/www.vfl-westercelle.de\/tenn\/wp-content\/uploads\/sites\/18\/2021\/12\/Alina-Schoppmann-2.Platz-U9-2-1152x1536.jpg 1152w, https:\/\/www.vfl-westercelle.de\/tenn\/wp-content\/uploads\/sites\/18\/2021\/12\/Alina-Schoppmann-2.Platz-U9-2-1536x2048.jpg 1536w, https:\/\/www.vfl-westercelle.de\/tenn\/wp-content\/uploads\/sites\/18\/2021\/12\/Alina-Schoppmann-2.Platz-U9-2-1125x1500.jpg 1125w, https:\/\/www.vfl-westercelle.de\/tenn\/wp-content\/uploads\/sites\/18\/2021\/12\/Alina-Schoppmann-2.Platz-U9-2-529x705.jpg 529w, https:\/\/www.vfl-westercelle.de\/tenn\/wp-content\/uploads\/sites\/18\/2021\/12\/Alina-Schoppmann-2.Platz-U9-2-scaled.jpg 1920w\" sizes=\"auto, (max-width: 773px) 100vw, 773px\" \/><figcaption class=\"blocks-gallery-item__caption\">Alina Schoppmann, Platz 2. W9 Midcourt<\/figcaption><\/figure><\/li><li class=\"blocks-gallery-item\"><figure><img decoding=\"async\" src=\"https:\/\/www.vfl-westercelle.de\/tenn\/wp-content\/uploads\/sites\/18\/2021\/12\/Jungen-U10-Grossfeld-3-1009x1030.jpg\" alt=\"\" data-id=\"818\" data-full-url=\"https:\/\/www.vfl-westercelle.de\/tenn\/wp-content\/uploads\/sites\/18\/2021\/12\/Jungen-U10-Grossfeld-3.jpg\" data-link=\"https:\/\/www.vfl-westercelle.de\/tenn\/?attachment_id=818\" class=\"wp-image-818\"\/><figcaption class=\"blocks-gallery-item__caption\">Jungs U10 Gro\u00dffeld<\/figcaption><\/figure><\/li><\/ul><\/figure>\n","protected":false},"excerpt":{"rendered":"<p>Die J\u00fcngsten-Regionsmeisterschaften Winter 2021 fanden in diesem Jahr erneut im&nbsp; Tenniscenter S\u00fcdheide statt. Kinder aus zahlreichen Vereinen der Region S\u00fcdheide in der Kategorien U7 bis U10 nahmen daran teil. Die Tennissparte des VfL Westercelle war mit 11 M\u00e4dels und Jungs zahlreich und auch erfolgreich vertreten. Einen Regionsmeistertitel gab es f\u00fcr Caterina&nbsp; Schreiber im Midcourtwettbewerb W9. <a class=\"read-more-link\" href=\"https:\/\/www.vfl-westercelle.de\/tenn\/regionsmeisterschaften-der-juengsten-winter-2021\/\">[&#8230; weiterlesen]<\/a><\/p>\n","protected":false},"author":32,"featured_media":805,"comment_status":"closed","ping_status":"open","sticky":false,"template":"","format":"standard","meta":{"footnotes":""},"categories":[4],"tags":[],"class_list":["post-800","post","type-post","status-publish","format-standard","has-post-thumbnail","hentry","category-tennis"],"_links":{"self":[{"href":"https:\/\/www.vfl-westercelle.de\/tenn\/wp-json\/wp\/v2\/posts\/800","targetHints":{"allow":["GET"]}}],"collection":[{"href":"https:\/\/www.vfl-westercelle.de\/tenn\/wp-json\/wp\/v2\/posts"}],"about":[{"href":"https:\/\/www.vfl-westercelle.de\/tenn\/wp-json\/wp\/v2\/types\/post"}],"author":[{"embeddable":true,"href":"https:\/\/www.vfl-westercelle.de\/tenn\/wp-json\/wp\/v2\/users\/32"}],"replies":[{"embeddable":true,"href":"https:\/\/www.vfl-westercelle.de\/tenn\/wp-json\/wp\/v2\/comments?post=800"}],"version-history":[{"count":4,"href":"https:\/\/www.vfl-westercelle.de\/tenn\/wp-json\/wp\/v2\/posts\/800\/revisions"}],"predecessor-version":[{"id":830,"href":"https:\/\/www.vfl-westercelle.de\/tenn\/wp-json\/wp\/v2\/posts\/800\/revisions\/830"}],"wp:featuredmedia":[{"embeddable":true,"href":"https:\/\/www.vfl-westercelle.de\/tenn\/wp-json\/wp\/v2\/media\/805"}],"wp:attachment":[{"href":"https:\/\/www.vfl-westercelle.de\/tenn\/wp-json\/wp\/v2\/media?parent=800"}],"wp:term":[{"taxonomy":"category","embeddable":true,"href":"https:\/\/www.vfl-westercelle.de\/tenn\/wp-json\/wp\/v2\/categories?post=800"},{"taxonomy":"post_tag","embeddable":true,"href":"https:\/\/www.vfl-westercelle.de\/tenn\/wp-json\/wp\/v2\/tags?post=800"}],"curies":[{"name":"wp","href":"https:\/\/api.w.org\/{rel}","templated":true}]}}