{"id":821,"date":"2022-01-18T19:50:11","date_gmt":"2022-01-18T18:50:11","guid":{"rendered":"https:\/\/www.vfl-westercelle.de\/tenn\/?p=821"},"modified":"2022-05-09T22:09:45","modified_gmt":"2022-05-09T20:09:45","slug":"jugend-regionsmeisterschaften-winter-2022-region-suedheide","status":"publish","type":"post","link":"https:\/\/www.vfl-westercelle.de\/tenn\/jugend-regionsmeisterschaften-winter-2022-region-suedheide\/","title":{"rendered":"Jugend-Regionsmeisterschaften Winter 2022 Region S\u00fcdheide"},"content":{"rendered":"<figure class=\"wp-block-post-featured-image\"><img decoding=\"async\" loading=\"lazy\" width=\"1480\" height=\"655\" src=\"https:\/\/www.vfl-westercelle.de\/tenn\/wp-content\/uploads\/sites\/18\/2021\/12\/Jungen-U10-Grossfeld-3-e1652126829350.jpg\" class=\"wp-image-818 avia-img-lazy-loading-818 attachment-post-thumbnail size-post-thumbnail wp-post-image\" alt=\"\" style=\"object-fit:cover;\" srcset=\"https:\/\/www.vfl-westercelle.de\/tenn\/wp-content\/uploads\/sites\/18\/2021\/12\/Jungen-U10-Grossfeld-3-e1652126829350.jpg 1480w, https:\/\/www.vfl-westercelle.de\/tenn\/wp-content\/uploads\/sites\/18\/2021\/12\/Jungen-U10-Grossfeld-3-e1652126829350-300x133.jpg 300w, https:\/\/www.vfl-westercelle.de\/tenn\/wp-content\/uploads\/sites\/18\/2021\/12\/Jungen-U10-Grossfeld-3-e1652126829350-1030x456.jpg 1030w, https:\/\/www.vfl-westercelle.de\/tenn\/wp-content\/uploads\/sites\/18\/2021\/12\/Jungen-U10-Grossfeld-3-e1652126829350-768x340.jpg 768w, https:\/\/www.vfl-westercelle.de\/tenn\/wp-content\/uploads\/sites\/18\/2021\/12\/Jungen-U10-Grossfeld-3-e1652126829350-705x312.jpg 705w\" sizes=\"auto, (max-width: 1480px) 100vw, 1480px\" \/><\/figure>\n\n\n<p><strong>Kamea Kesselring holt sich den Regionsmeistertitel in der U14<\/strong><\/p>\n\n\n\n<p><strong>Zina Joelle Cakil 2. Platz in der U16, Nick Fischer 2. Platz in der U11<\/strong><\/p>\n\n\n\n<p>Die Jugend-Regionsmeisterschaften Winter 2022 fanden in diesem Jahr erneut im&nbsp; Tenniscenter S\u00fcdheide mit 46 Kindern&nbsp; aus 13 Vereinen der Tennisregion S\u00fcdheide statt.<\/p>\n\n\n\n<p>Auf den Platzanlagen wurden viele spannende Spiele unter der Turnierleitung von Holger Brandes, Udo Symansky, Maike Hambrock, Andre Kornhass und Nicole Abend durchgef\u00fchrt. Auch die Tennissparte des VfL Westercelle war zahlreich vertreten.<\/p>\n\n\n\n<p>Bei den Juniorinnen U 16 starteten 3 Westercellerinnen: Clara Neumann, Anastasia Friesen und Zina Joelle Cakil. Die M\u00e4dels wurden in 2 Gruppen aufgeteilt. In der Gruppe 1 unterlagen Clara und Anastasia der zuk\u00fcnftigen Finalistin Florine Lemgo mit jeweils 3:6, 0:6. In der Gruppe 2 hat Zina Joelle Cakil gegen Laura Saegert &nbsp;(SV Nienhagen) mit 7:5, 6:2 und gegen Maria M\u00fcller (MTV Eintracht Celle) mit 6:0, 6:0 gewonnen und ins Finale geschafft. Im harten Match hat sich Florine Lemgo von SV Nienhagen den Regionsmeistertitel mit 6:3, 6:4 geholt. Zina Joelle wurde die zweite.<\/p>\n\n\n\n<p>Bei den Juniorinnen U 14 hat sich Kamea Kesselring bis in das Finale durchgeschlagen, wo sie auf Melisa Marie Brandes von TuS Eschede traf. Nach einem erfolgreichen ersten Satz mit 6:2, und einem zweiten Satz mit 0:6, hat Kamea im Tiebreak mit 10:5 gewonnen und wurde erneut die Regionsmeisterin.<\/p>\n\n\n\n<p>Bei den Junioren U 16 hat Leon Schoppmann f\u00fcr VfL Westercelle gek\u00e4mpft. Der Sieger wurde Luis Wietfeldt von SV Nienhagen, der 2.Platz ging an Marlon Mei\u00dfner und der 3. Platz an Henry Mei\u00dfner, beide von MTV Eintracht Celle.<\/p>\n\n\n\n<p>Der Regionsmeister bei den Junioren U14 wurde Fabian Schreiber von CTV. Hardy Reimchen von VfL Westercelle hat sich bis ins Finale bei der Nebenrunde durchgeschlagen und hat gegen Luca Schr\u00f6der von TSV Neuenkirchen mit 4:6, 1:6 verloren.<\/p>\n\n\n\n<p>In der Kategorie Junioren U 11 haben 3 Jungs von VfL Westercelle teilgenommen: Nick Fischer, Miron Gerling und Paul Reimchen. Nick Fischer wurde erster in Gruppe 1 und kam ins Finale. In 2. Gruppe gelang Miron Gering nur der 2.Platz und Paul Reimchen der 4. Platz, was f\u00fcr das Finale nicht reichte. Im Match um den Regionsmeistertitel &nbsp;hat Nick Fischer alles gegeben. Leider unterlag er mit 3:6 und einem engen zweiten Satz mit 6:7 Felix Liniewski aus TC Hamb\u00fchren.<\/p>\n\n\n\n<figure class=\"wp-block-gallery has-nested-images columns-default is-cropped wp-block-gallery-1 is-layout-flex wp-block-gallery-is-layout-flex\">\n<figure class=\"wp-block-image size-large\"><img loading=\"lazy\" decoding=\"async\" width=\"824\" height=\"1030\" data-id=\"825\" src=\"https:\/\/www.vfl-westercelle.de\/tenn\/wp-content\/uploads\/sites\/18\/2022\/01\/Regionsmeisterin-U14-3-824x1030.jpg\" alt=\"\" class=\"wp-image-825\" srcset=\"https:\/\/www.vfl-westercelle.de\/tenn\/wp-content\/uploads\/sites\/18\/2022\/01\/Regionsmeisterin-U14-3-824x1030.jpg 824w, https:\/\/www.vfl-westercelle.de\/tenn\/wp-content\/uploads\/sites\/18\/2022\/01\/Regionsmeisterin-U14-3-240x300.jpg 240w, https:\/\/www.vfl-westercelle.de\/tenn\/wp-content\/uploads\/sites\/18\/2022\/01\/Regionsmeisterin-U14-3-768x960.jpg 768w, https:\/\/www.vfl-westercelle.de\/tenn\/wp-content\/uploads\/sites\/18\/2022\/01\/Regionsmeisterin-U14-3-1229x1536.jpg 1229w, https:\/\/www.vfl-westercelle.de\/tenn\/wp-content\/uploads\/sites\/18\/2022\/01\/Regionsmeisterin-U14-3-1200x1500.jpg 1200w, https:\/\/www.vfl-westercelle.de\/tenn\/wp-content\/uploads\/sites\/18\/2022\/01\/Regionsmeisterin-U14-3-564x705.jpg 564w, https:\/\/www.vfl-westercelle.de\/tenn\/wp-content\/uploads\/sites\/18\/2022\/01\/Regionsmeisterin-U14-3.jpg 1280w\" sizes=\"auto, (max-width: 824px) 100vw, 824px\" \/><figcaption>Regionsmeisterin U 14<br>Kamea Kesselring (Foto Albina Kesselring)<\/figcaption><\/figure>\n\n\n\n<figure class=\"wp-block-image size-large\"><img loading=\"lazy\" decoding=\"async\" width=\"773\" height=\"1030\" data-id=\"826\" src=\"https:\/\/www.vfl-westercelle.de\/tenn\/wp-content\/uploads\/sites\/18\/2022\/01\/Finalisten-U11-773x1030.jpg\" alt=\"\" class=\"wp-image-826\" srcset=\"https:\/\/www.vfl-westercelle.de\/tenn\/wp-content\/uploads\/sites\/18\/2022\/01\/Finalisten-U11-773x1030.jpg 773w, https:\/\/www.vfl-westercelle.de\/tenn\/wp-content\/uploads\/sites\/18\/2022\/01\/Finalisten-U11-225x300.jpg 225w, https:\/\/www.vfl-westercelle.de\/tenn\/wp-content\/uploads\/sites\/18\/2022\/01\/Finalisten-U11-768x1024.jpg 768w, https:\/\/www.vfl-westercelle.de\/tenn\/wp-content\/uploads\/sites\/18\/2022\/01\/Finalisten-U11-1152x1536.jpg 1152w, https:\/\/www.vfl-westercelle.de\/tenn\/wp-content\/uploads\/sites\/18\/2022\/01\/Finalisten-U11-1125x1500.jpg 1125w, https:\/\/www.vfl-westercelle.de\/tenn\/wp-content\/uploads\/sites\/18\/2022\/01\/Finalisten-U11-529x705.jpg 529w, https:\/\/www.vfl-westercelle.de\/tenn\/wp-content\/uploads\/sites\/18\/2022\/01\/Finalisten-U11.jpg 1200w\" sizes=\"auto, (max-width: 773px) 100vw, 773px\" \/><figcaption>Finalisten U11<br>Felix Liniewski (links) und Nick Fischer <br>(Foto Ella Fischer)<\/figcaption><\/figure>\n\n\n\n<figure class=\"wp-block-image size-large\"><img loading=\"lazy\" decoding=\"async\" width=\"704\" height=\"1030\" data-id=\"827\" src=\"https:\/\/www.vfl-westercelle.de\/tenn\/wp-content\/uploads\/sites\/18\/2022\/01\/Nick-Fischer-2.Platz-U11-704x1030.jpg\" alt=\"\" class=\"wp-image-827\" srcset=\"https:\/\/www.vfl-westercelle.de\/tenn\/wp-content\/uploads\/sites\/18\/2022\/01\/Nick-Fischer-2.Platz-U11-704x1030.jpg 704w, https:\/\/www.vfl-westercelle.de\/tenn\/wp-content\/uploads\/sites\/18\/2022\/01\/Nick-Fischer-2.Platz-U11-205x300.jpg 205w, https:\/\/www.vfl-westercelle.de\/tenn\/wp-content\/uploads\/sites\/18\/2022\/01\/Nick-Fischer-2.Platz-U11-768x1124.jpg 768w, https:\/\/www.vfl-westercelle.de\/tenn\/wp-content\/uploads\/sites\/18\/2022\/01\/Nick-Fischer-2.Platz-U11-1049x1536.jpg 1049w, https:\/\/www.vfl-westercelle.de\/tenn\/wp-content\/uploads\/sites\/18\/2022\/01\/Nick-Fischer-2.Platz-U11-1025x1500.jpg 1025w, https:\/\/www.vfl-westercelle.de\/tenn\/wp-content\/uploads\/sites\/18\/2022\/01\/Nick-Fischer-2.Platz-U11-482x705.jpg 482w, https:\/\/www.vfl-westercelle.de\/tenn\/wp-content\/uploads\/sites\/18\/2022\/01\/Nick-Fischer-2.Platz-U11.jpg 1093w\" sizes=\"auto, (max-width: 704px) 100vw, 704px\" \/><figcaption>Nick Fischer &#8211; 2. Platz U11<br>(Foto Ella Fischer)<\/figcaption><\/figure>\n<\/figure>\n\n\n\n<p><\/p>\n\n\n\n<p><\/p>\n\n\n\n<p><\/p>\n","protected":false},"excerpt":{"rendered":"<p>Kamea Kesselring holt sich den Regionsmeistertitel in der U14 Zina Joelle Cakil 2. Platz in der U16, Nick Fischer 2. Platz in der U11 Die Jugend-Regionsmeisterschaften Winter 2022 fanden in diesem Jahr erneut im&nbsp; Tenniscenter S\u00fcdheide mit 46 Kindern&nbsp; aus 13 Vereinen der Tennisregion S\u00fcdheide statt. Auf den Platzanlagen wurden viele spannende Spiele unter der <a class=\"read-more-link\" href=\"https:\/\/www.vfl-westercelle.de\/tenn\/jugend-regionsmeisterschaften-winter-2022-region-suedheide\/\">[&#8230; weiterlesen]<\/a><\/p>\n","protected":false},"author":32,"featured_media":818,"comment_status":"closed","ping_status":"open","sticky":false,"template":"","format":"standard","meta":{"footnotes":""},"categories":[4],"tags":[],"class_list":["post-821","post","type-post","status-publish","format-standard","has-post-thumbnail","hentry","category-tennis"],"_links":{"self":[{"href":"https:\/\/www.vfl-westercelle.de\/tenn\/wp-json\/wp\/v2\/posts\/821","targetHints":{"allow":["GET"]}}],"collection":[{"href":"https:\/\/www.vfl-westercelle.de\/tenn\/wp-json\/wp\/v2\/posts"}],"about":[{"href":"https:\/\/www.vfl-westercelle.de\/tenn\/wp-json\/wp\/v2\/types\/post"}],"author":[{"embeddable":true,"href":"https:\/\/www.vfl-westercelle.de\/tenn\/wp-json\/wp\/v2\/users\/32"}],"replies":[{"embeddable":true,"href":"https:\/\/www.vfl-westercelle.de\/tenn\/wp-json\/wp\/v2\/comments?post=821"}],"version-history":[{"count":2,"href":"https:\/\/www.vfl-westercelle.de\/tenn\/wp-json\/wp\/v2\/posts\/821\/revisions"}],"predecessor-version":[{"id":922,"href":"https:\/\/www.vfl-westercelle.de\/tenn\/wp-json\/wp\/v2\/posts\/821\/revisions\/922"}],"wp:featuredmedia":[{"embeddable":true,"href":"https:\/\/www.vfl-westercelle.de\/tenn\/wp-json\/wp\/v2\/media\/818"}],"wp:attachment":[{"href":"https:\/\/www.vfl-westercelle.de\/tenn\/wp-json\/wp\/v2\/media?parent=821"}],"wp:term":[{"taxonomy":"category","embeddable":true,"href":"https:\/\/www.vfl-westercelle.de\/tenn\/wp-json\/wp\/v2\/categories?post=821"},{"taxonomy":"post_tag","embeddable":true,"href":"https:\/\/www.vfl-westercelle.de\/tenn\/wp-json\/wp\/v2\/tags?post=821"}],"curies":[{"name":"wp","href":"https:\/\/api.w.org\/{rel}","templated":true}]}}