{"id":835,"date":"2022-02-20T13:54:44","date_gmt":"2022-02-20T12:54:44","guid":{"rendered":"https:\/\/www.vfl-westercelle.de\/tenn\/?p=835"},"modified":"2022-05-09T22:01:21","modified_gmt":"2022-05-09T20:01:21","slug":"tnb-landesmeisterschaften-der-juengsten-winter-2022","status":"publish","type":"post","link":"https:\/\/www.vfl-westercelle.de\/tenn\/tnb-landesmeisterschaften-der-juengsten-winter-2022\/","title":{"rendered":"TNB Landesmeisterschaften der J\u00fcngsten Winter 2022"},"content":{"rendered":"<figure class=\"wp-block-post-featured-image\"><img decoding=\"async\" loading=\"lazy\" width=\"2048\" height=\"952\" src=\"https:\/\/www.vfl-westercelle.de\/tenn\/wp-content\/uploads\/sites\/18\/2022\/02\/Team-Suedheide-e1652126359147.jpg\" class=\"wp-image-837 avia-img-lazy-loading-837 attachment-post-thumbnail size-post-thumbnail wp-post-image\" alt=\"\" style=\"object-fit:cover;\" srcset=\"https:\/\/www.vfl-westercelle.de\/tenn\/wp-content\/uploads\/sites\/18\/2022\/02\/Team-Suedheide-e1652126359147.jpg 2048w, https:\/\/www.vfl-westercelle.de\/tenn\/wp-content\/uploads\/sites\/18\/2022\/02\/Team-Suedheide-e1652126359147-300x139.jpg 300w, https:\/\/www.vfl-westercelle.de\/tenn\/wp-content\/uploads\/sites\/18\/2022\/02\/Team-Suedheide-e1652126359147-1030x479.jpg 1030w, https:\/\/www.vfl-westercelle.de\/tenn\/wp-content\/uploads\/sites\/18\/2022\/02\/Team-Suedheide-e1652126359147-768x357.jpg 768w, https:\/\/www.vfl-westercelle.de\/tenn\/wp-content\/uploads\/sites\/18\/2022\/02\/Team-Suedheide-e1652126359147-1536x714.jpg 1536w, https:\/\/www.vfl-westercelle.de\/tenn\/wp-content\/uploads\/sites\/18\/2022\/02\/Team-Suedheide-e1652126359147-1500x697.jpg 1500w, https:\/\/www.vfl-westercelle.de\/tenn\/wp-content\/uploads\/sites\/18\/2022\/02\/Team-Suedheide-e1652126359147-705x328.jpg 705w\" sizes=\"auto, (max-width: 2048px) 100vw, 2048px\" \/><\/figure>\n\n\n<figure class=\"wp-block-image size-large\"><img decoding=\"async\" src=\"https:\/\/www.vfl-westercelle.de\/tenn\/wp-content\/uploads\/sites\/18\/2022\/02\/Team-Vfl-2-773x1030.jpg\" alt=\"\" class=\"wp-image-836\" \/><figcaption>Miron Gerling, Nick Fischer, Caterina Schreiber und Alina Schoppmann<\/figcaption><\/figure>\n\n\n\n<p><strong>Platz 5 und Platz 11 f\u00fcr die Tennisregion S\u00fcdheide<\/strong><\/p>\n\n\n\n<p><strong>VfL Westercelle ist mit 4 Spielern dabei<\/strong><\/p>\n\n\n\n<p>In der TNB-Meisterschaften am 11-13.02.2022 in Isernhagen haben 12 Tennis-Teams aus 10 Regionen von Niedersachsen teilgenommen. Zum ersten mal&nbsp; hat die Region S\u00fcdheide zwei Mannschaften gemeldet. An drei Tagen haben sich die Tenniskids in verschiedenen motorischen \u00dcbungen, Hockey und nat\u00fcrlich in Tennis \u2013 Einzel und Doppel \u2013 Ihre Kr\u00e4fte gemessen. Es war sehr emotional f\u00fcr die Spieler, Eltern und die Regionstrainer Andre Kornha\u00df und Maike Hambrock. Mit dem Ergebnis waren alle zufrieden: das Team S\u00fcdheide 1 hat den 5.Platz erk\u00e4mpft und das Team S\u00fcdheide 2 \u2013 den 11.Platz. Schade, dass es f\u00fcr das erste Team um einige Punkte gefehlt hat um im Finale f\u00fcr den 1-4 Platz zu spielen. Um so mehr ist die Motivation bei den Kindern in der n\u00e4chsten Meisterschaft im Sommer alles zu geben.<\/p>\n\n\n\n<p>VfL Westercelle ist besonders stolz, dass zu diesem Erfolg 4 Vereinsspieler beigetragen haben: Miron Gerling, Nick Fischer, Caterina Schreiber und Alina Schoppmann. Die 5. Spielerin von VfL Westercelle Merle Kunz, die auch an der Meisterschaft teilnehmen sollte, &nbsp;war leider krankheitsbedingt verhindert.<\/p>\n\n\n\n<p>Die Landesmeisterschaft war eine sehr sch\u00f6ne Erfahrung f\u00fcr alle Kids. Sie hatten viel Spa\u00df dabei, haben leidenschaftlich um jeden Punkt gek\u00e4mpft und einander unterst\u00fctzt und mitgefiebert. Diese drei Tage haben die Freundschaften unter den Kindern und Eltern gest\u00e4rkt und noch mehr Motivation f\u00fcr Tennis entwickelt. Ein gro\u00dfes Lob und Dankesch\u00f6n an das Trainer-Team der TBN f\u00fcr die Organisation. F\u00fcr alle Tenniskids auch weiterhin viel Erfolg!<\/p>\n\n\n\n<p>Foto 1: Team S\u00fcdheide: von oben rechts Regionstrainer Andre Kornha\u00df, 1 Reihe Lina-Marie S\u00f6hnholz, Joshua Meinecke, Taja Truffel, Miron Gerling, Hauke P\u00f6ppe, Regionstrainerin Maike Hambrock, 2 Reihe: Mika W\u00f6rner, Alina Schoppmann, 3 Reihe Luise Mei\u00dfner, Nick Fischer, Lenn Wickert, Caterina Schreiber (Foto Maike Hambrock)<\/p>\n\n\n\n<p><\/p>\n\n\n\n<figure class=\"wp-block-gallery has-nested-images columns-default is-cropped wp-block-gallery-1 is-layout-flex wp-block-gallery-is-layout-flex\">\n<figure class=\"wp-block-image size-large\"><img decoding=\"async\" data-id=\"837\" src=\"https:\/\/www.vfl-westercelle.de\/tenn\/wp-content\/uploads\/sites\/18\/2022\/02\/Team-Suedheide-1030x789.jpg\" alt=\"\" class=\"wp-image-837\" \/><\/figure>\n\n\n\n<figure class=\"wp-block-image size-large\"><img loading=\"lazy\" decoding=\"async\" width=\"1030\" height=\"803\" data-id=\"838\" src=\"https:\/\/www.vfl-westercelle.de\/tenn\/wp-content\/uploads\/sites\/18\/2022\/02\/Suedheide-1-1030x803.jpg\" alt=\"\" class=\"wp-image-838\" srcset=\"https:\/\/www.vfl-westercelle.de\/tenn\/wp-content\/uploads\/sites\/18\/2022\/02\/Suedheide-1-1030x803.jpg 1030w, https:\/\/www.vfl-westercelle.de\/tenn\/wp-content\/uploads\/sites\/18\/2022\/02\/Suedheide-1-300x234.jpg 300w, https:\/\/www.vfl-westercelle.de\/tenn\/wp-content\/uploads\/sites\/18\/2022\/02\/Suedheide-1-768x599.jpg 768w, https:\/\/www.vfl-westercelle.de\/tenn\/wp-content\/uploads\/sites\/18\/2022\/02\/Suedheide-1-1536x1198.jpg 1536w, https:\/\/www.vfl-westercelle.de\/tenn\/wp-content\/uploads\/sites\/18\/2022\/02\/Suedheide-1-1500x1170.jpg 1500w, https:\/\/www.vfl-westercelle.de\/tenn\/wp-content\/uploads\/sites\/18\/2022\/02\/Suedheide-1-705x550.jpg 705w, https:\/\/www.vfl-westercelle.de\/tenn\/wp-content\/uploads\/sites\/18\/2022\/02\/Suedheide-1.jpg 2048w\" sizes=\"auto, (max-width: 1030px) 100vw, 1030px\" \/><figcaption>Team S\u00fcdheide 1<\/figcaption><\/figure>\n\n\n\n<figure class=\"wp-block-image size-large\"><img loading=\"lazy\" decoding=\"async\" width=\"1030\" height=\"788\" data-id=\"839\" src=\"https:\/\/www.vfl-westercelle.de\/tenn\/wp-content\/uploads\/sites\/18\/2022\/02\/Suedheide-2-1030x788.jpg\" alt=\"\" class=\"wp-image-839\" srcset=\"https:\/\/www.vfl-westercelle.de\/tenn\/wp-content\/uploads\/sites\/18\/2022\/02\/Suedheide-2-1030x788.jpg 1030w, https:\/\/www.vfl-westercelle.de\/tenn\/wp-content\/uploads\/sites\/18\/2022\/02\/Suedheide-2-300x230.jpg 300w, https:\/\/www.vfl-westercelle.de\/tenn\/wp-content\/uploads\/sites\/18\/2022\/02\/Suedheide-2-768x588.jpg 768w, https:\/\/www.vfl-westercelle.de\/tenn\/wp-content\/uploads\/sites\/18\/2022\/02\/Suedheide-2-1536x1175.jpg 1536w, https:\/\/www.vfl-westercelle.de\/tenn\/wp-content\/uploads\/sites\/18\/2022\/02\/Suedheide-2-1500x1148.jpg 1500w, https:\/\/www.vfl-westercelle.de\/tenn\/wp-content\/uploads\/sites\/18\/2022\/02\/Suedheide-2-705x539.jpg 705w, https:\/\/www.vfl-westercelle.de\/tenn\/wp-content\/uploads\/sites\/18\/2022\/02\/Suedheide-2.jpg 2048w\" sizes=\"auto, (max-width: 1030px) 100vw, 1030px\" \/><figcaption>Team S\u00fcdheide 2<\/figcaption><\/figure>\n\n\n\n<figure class=\"wp-block-image size-large\"><img loading=\"lazy\" decoding=\"async\" width=\"1030\" height=\"773\" data-id=\"840\" src=\"https:\/\/www.vfl-westercelle.de\/tenn\/wp-content\/uploads\/sites\/18\/2022\/02\/Kartenspiel-in-der-Pause-1030x773.jpg\" alt=\"\" class=\"wp-image-840\" srcset=\"https:\/\/www.vfl-westercelle.de\/tenn\/wp-content\/uploads\/sites\/18\/2022\/02\/Kartenspiel-in-der-Pause-1030x773.jpg 1030w, https:\/\/www.vfl-westercelle.de\/tenn\/wp-content\/uploads\/sites\/18\/2022\/02\/Kartenspiel-in-der-Pause-300x225.jpg 300w, https:\/\/www.vfl-westercelle.de\/tenn\/wp-content\/uploads\/sites\/18\/2022\/02\/Kartenspiel-in-der-Pause-768x576.jpg 768w, https:\/\/www.vfl-westercelle.de\/tenn\/wp-content\/uploads\/sites\/18\/2022\/02\/Kartenspiel-in-der-Pause-1536x1152.jpg 1536w, https:\/\/www.vfl-westercelle.de\/tenn\/wp-content\/uploads\/sites\/18\/2022\/02\/Kartenspiel-in-der-Pause-2048x1536.jpg 2048w, https:\/\/www.vfl-westercelle.de\/tenn\/wp-content\/uploads\/sites\/18\/2022\/02\/Kartenspiel-in-der-Pause-1500x1125.jpg 1500w, https:\/\/www.vfl-westercelle.de\/tenn\/wp-content\/uploads\/sites\/18\/2022\/02\/Kartenspiel-in-der-Pause-705x529.jpg 705w\" sizes=\"auto, (max-width: 1030px) 100vw, 1030px\" \/><figcaption>Kartenspielen in der Pause<\/figcaption><\/figure>\n\n\n\n<figure class=\"wp-block-image size-large\"><img loading=\"lazy\" decoding=\"async\" width=\"1030\" height=\"773\" data-id=\"841\" src=\"https:\/\/www.vfl-westercelle.de\/tenn\/wp-content\/uploads\/sites\/18\/2022\/02\/Pause-1030x773.jpg\" alt=\"\" class=\"wp-image-841\" srcset=\"https:\/\/www.vfl-westercelle.de\/tenn\/wp-content\/uploads\/sites\/18\/2022\/02\/Pause-1030x773.jpg 1030w, https:\/\/www.vfl-westercelle.de\/tenn\/wp-content\/uploads\/sites\/18\/2022\/02\/Pause-300x225.jpg 300w, https:\/\/www.vfl-westercelle.de\/tenn\/wp-content\/uploads\/sites\/18\/2022\/02\/Pause-768x576.jpg 768w, https:\/\/www.vfl-westercelle.de\/tenn\/wp-content\/uploads\/sites\/18\/2022\/02\/Pause-1536x1152.jpg 1536w, https:\/\/www.vfl-westercelle.de\/tenn\/wp-content\/uploads\/sites\/18\/2022\/02\/Pause-2048x1536.jpg 2048w, https:\/\/www.vfl-westercelle.de\/tenn\/wp-content\/uploads\/sites\/18\/2022\/02\/Pause-1500x1125.jpg 1500w, https:\/\/www.vfl-westercelle.de\/tenn\/wp-content\/uploads\/sites\/18\/2022\/02\/Pause-705x529.jpg 705w\" sizes=\"auto, (max-width: 1030px) 100vw, 1030px\" \/><\/figure>\n\n\n\n<figure class=\"wp-block-image size-large\"><img loading=\"lazy\" decoding=\"async\" width=\"1030\" height=\"773\" data-id=\"842\" src=\"https:\/\/www.vfl-westercelle.de\/tenn\/wp-content\/uploads\/sites\/18\/2022\/02\/Staerken-mit-Pizza-1030x773.jpg\" alt=\"\" class=\"wp-image-842\" srcset=\"https:\/\/www.vfl-westercelle.de\/tenn\/wp-content\/uploads\/sites\/18\/2022\/02\/Staerken-mit-Pizza-1030x773.jpg 1030w, https:\/\/www.vfl-westercelle.de\/tenn\/wp-content\/uploads\/sites\/18\/2022\/02\/Staerken-mit-Pizza-300x225.jpg 300w, https:\/\/www.vfl-westercelle.de\/tenn\/wp-content\/uploads\/sites\/18\/2022\/02\/Staerken-mit-Pizza-768x576.jpg 768w, https:\/\/www.vfl-westercelle.de\/tenn\/wp-content\/uploads\/sites\/18\/2022\/02\/Staerken-mit-Pizza-1536x1152.jpg 1536w, https:\/\/www.vfl-westercelle.de\/tenn\/wp-content\/uploads\/sites\/18\/2022\/02\/Staerken-mit-Pizza-2048x1536.jpg 2048w, https:\/\/www.vfl-westercelle.de\/tenn\/wp-content\/uploads\/sites\/18\/2022\/02\/Staerken-mit-Pizza-1500x1125.jpg 1500w, https:\/\/www.vfl-westercelle.de\/tenn\/wp-content\/uploads\/sites\/18\/2022\/02\/Staerken-mit-Pizza-705x529.jpg 705w\" sizes=\"auto, (max-width: 1030px) 100vw, 1030px\" \/><figcaption>St\u00e4rken mit Pizza<\/figcaption><\/figure>\n\n\n\n<figure class=\"wp-block-image size-large\"><img loading=\"lazy\" decoding=\"async\" width=\"622\" height=\"1030\" data-id=\"843\" src=\"https:\/\/www.vfl-westercelle.de\/tenn\/wp-content\/uploads\/sites\/18\/2022\/02\/Nick-und-Miron-622x1030.jpg\" alt=\"\" class=\"wp-image-843\" srcset=\"https:\/\/www.vfl-westercelle.de\/tenn\/wp-content\/uploads\/sites\/18\/2022\/02\/Nick-und-Miron-622x1030.jpg 622w, https:\/\/www.vfl-westercelle.de\/tenn\/wp-content\/uploads\/sites\/18\/2022\/02\/Nick-und-Miron-181x300.jpg 181w, https:\/\/www.vfl-westercelle.de\/tenn\/wp-content\/uploads\/sites\/18\/2022\/02\/Nick-und-Miron-768x1272.jpg 768w, https:\/\/www.vfl-westercelle.de\/tenn\/wp-content\/uploads\/sites\/18\/2022\/02\/Nick-und-Miron-426x705.jpg 426w, https:\/\/www.vfl-westercelle.de\/tenn\/wp-content\/uploads\/sites\/18\/2022\/02\/Nick-und-Miron.jpg 773w\" sizes=\"auto, (max-width: 622px) 100vw, 622px\" \/><figcaption>Nick und Miron<\/figcaption><\/figure>\n\n\n\n<figure class=\"wp-block-image size-large\"><img loading=\"lazy\" decoding=\"async\" width=\"773\" height=\"1030\" data-id=\"844\" src=\"https:\/\/www.vfl-westercelle.de\/tenn\/wp-content\/uploads\/sites\/18\/2022\/02\/Siegesehrung-1-773x1030.jpg\" alt=\"\" class=\"wp-image-844\" srcset=\"https:\/\/www.vfl-westercelle.de\/tenn\/wp-content\/uploads\/sites\/18\/2022\/02\/Siegesehrung-1-773x1030.jpg 773w, https:\/\/www.vfl-westercelle.de\/tenn\/wp-content\/uploads\/sites\/18\/2022\/02\/Siegesehrung-1-225x300.jpg 225w, https:\/\/www.vfl-westercelle.de\/tenn\/wp-content\/uploads\/sites\/18\/2022\/02\/Siegesehrung-1-768x1024.jpg 768w, https:\/\/www.vfl-westercelle.de\/tenn\/wp-content\/uploads\/sites\/18\/2022\/02\/Siegesehrung-1-1152x1536.jpg 1152w, https:\/\/www.vfl-westercelle.de\/tenn\/wp-content\/uploads\/sites\/18\/2022\/02\/Siegesehrung-1-1125x1500.jpg 1125w, https:\/\/www.vfl-westercelle.de\/tenn\/wp-content\/uploads\/sites\/18\/2022\/02\/Siegesehrung-1-529x705.jpg 529w, https:\/\/www.vfl-westercelle.de\/tenn\/wp-content\/uploads\/sites\/18\/2022\/02\/Siegesehrung-1.jpg 1512w\" sizes=\"auto, (max-width: 773px) 100vw, 773px\" \/><figcaption>Siegesehrung<\/figcaption><\/figure>\n\n\n\n<figure class=\"wp-block-image size-large\"><img loading=\"lazy\" decoding=\"async\" width=\"773\" height=\"1030\" data-id=\"845\" src=\"https:\/\/www.vfl-westercelle.de\/tenn\/wp-content\/uploads\/sites\/18\/2022\/02\/Siegesehrung-2-773x1030.jpg\" alt=\"\" class=\"wp-image-845\" srcset=\"https:\/\/www.vfl-westercelle.de\/tenn\/wp-content\/uploads\/sites\/18\/2022\/02\/Siegesehrung-2-773x1030.jpg 773w, https:\/\/www.vfl-westercelle.de\/tenn\/wp-content\/uploads\/sites\/18\/2022\/02\/Siegesehrung-2-225x300.jpg 225w, https:\/\/www.vfl-westercelle.de\/tenn\/wp-content\/uploads\/sites\/18\/2022\/02\/Siegesehrung-2-768x1024.jpg 768w, https:\/\/www.vfl-westercelle.de\/tenn\/wp-content\/uploads\/sites\/18\/2022\/02\/Siegesehrung-2-1152x1536.jpg 1152w, https:\/\/www.vfl-westercelle.de\/tenn\/wp-content\/uploads\/sites\/18\/2022\/02\/Siegesehrung-2-1125x1500.jpg 1125w, https:\/\/www.vfl-westercelle.de\/tenn\/wp-content\/uploads\/sites\/18\/2022\/02\/Siegesehrung-2-529x705.jpg 529w, https:\/\/www.vfl-westercelle.de\/tenn\/wp-content\/uploads\/sites\/18\/2022\/02\/Siegesehrung-2.jpg 1512w\" sizes=\"auto, (max-width: 773px) 100vw, 773px\" \/><\/figure>\n\n\n\n<figure class=\"wp-block-image size-large\"><img loading=\"lazy\" decoding=\"async\" width=\"773\" height=\"1030\" data-id=\"846\" src=\"https:\/\/www.vfl-westercelle.de\/tenn\/wp-content\/uploads\/sites\/18\/2022\/02\/Siegesehrung-3-773x1030.jpg\" alt=\"\" class=\"wp-image-846\" srcset=\"https:\/\/www.vfl-westercelle.de\/tenn\/wp-content\/uploads\/sites\/18\/2022\/02\/Siegesehrung-3-773x1030.jpg 773w, https:\/\/www.vfl-westercelle.de\/tenn\/wp-content\/uploads\/sites\/18\/2022\/02\/Siegesehrung-3-225x300.jpg 225w, https:\/\/www.vfl-westercelle.de\/tenn\/wp-content\/uploads\/sites\/18\/2022\/02\/Siegesehrung-3-768x1024.jpg 768w, https:\/\/www.vfl-westercelle.de\/tenn\/wp-content\/uploads\/sites\/18\/2022\/02\/Siegesehrung-3-1152x1536.jpg 1152w, https:\/\/www.vfl-westercelle.de\/tenn\/wp-content\/uploads\/sites\/18\/2022\/02\/Siegesehrung-3-1125x1500.jpg 1125w, https:\/\/www.vfl-westercelle.de\/tenn\/wp-content\/uploads\/sites\/18\/2022\/02\/Siegesehrung-3-529x705.jpg 529w, https:\/\/www.vfl-westercelle.de\/tenn\/wp-content\/uploads\/sites\/18\/2022\/02\/Siegesehrung-3.jpg 1512w\" sizes=\"auto, (max-width: 773px) 100vw, 773px\" \/><\/figure>\n\n\n\n<figure class=\"wp-block-image size-large\"><img loading=\"lazy\" decoding=\"async\" width=\"1030\" height=\"773\" data-id=\"847\" src=\"https:\/\/www.vfl-westercelle.de\/tenn\/wp-content\/uploads\/sites\/18\/2022\/02\/Siegesehrung-4-1030x773.jpg\" alt=\"\" class=\"wp-image-847\" srcset=\"https:\/\/www.vfl-westercelle.de\/tenn\/wp-content\/uploads\/sites\/18\/2022\/02\/Siegesehrung-4-1030x773.jpg 1030w, https:\/\/www.vfl-westercelle.de\/tenn\/wp-content\/uploads\/sites\/18\/2022\/02\/Siegesehrung-4-300x225.jpg 300w, https:\/\/www.vfl-westercelle.de\/tenn\/wp-content\/uploads\/sites\/18\/2022\/02\/Siegesehrung-4-768x576.jpg 768w, https:\/\/www.vfl-westercelle.de\/tenn\/wp-content\/uploads\/sites\/18\/2022\/02\/Siegesehrung-4-1536x1152.jpg 1536w, https:\/\/www.vfl-westercelle.de\/tenn\/wp-content\/uploads\/sites\/18\/2022\/02\/Siegesehrung-4-1500x1125.jpg 1500w, https:\/\/www.vfl-westercelle.de\/tenn\/wp-content\/uploads\/sites\/18\/2022\/02\/Siegesehrung-4-705x529.jpg 705w, https:\/\/www.vfl-westercelle.de\/tenn\/wp-content\/uploads\/sites\/18\/2022\/02\/Siegesehrung-4.jpg 2016w\" sizes=\"auto, (max-width: 1030px) 100vw, 1030px\" \/><\/figure>\n\n\n\n<figure class=\"wp-block-image size-large\"><img loading=\"lazy\" decoding=\"async\" width=\"773\" height=\"1030\" data-id=\"848\" src=\"https:\/\/www.vfl-westercelle.de\/tenn\/wp-content\/uploads\/sites\/18\/2022\/02\/Siegesehrung-5-773x1030.jpg\" alt=\"\" class=\"wp-image-848\" srcset=\"https:\/\/www.vfl-westercelle.de\/tenn\/wp-content\/uploads\/sites\/18\/2022\/02\/Siegesehrung-5-773x1030.jpg 773w, https:\/\/www.vfl-westercelle.de\/tenn\/wp-content\/uploads\/sites\/18\/2022\/02\/Siegesehrung-5-225x300.jpg 225w, https:\/\/www.vfl-westercelle.de\/tenn\/wp-content\/uploads\/sites\/18\/2022\/02\/Siegesehrung-5-768x1024.jpg 768w, https:\/\/www.vfl-westercelle.de\/tenn\/wp-content\/uploads\/sites\/18\/2022\/02\/Siegesehrung-5-1152x1536.jpg 1152w, https:\/\/www.vfl-westercelle.de\/tenn\/wp-content\/uploads\/sites\/18\/2022\/02\/Siegesehrung-5-1125x1500.jpg 1125w, https:\/\/www.vfl-westercelle.de\/tenn\/wp-content\/uploads\/sites\/18\/2022\/02\/Siegesehrung-5-529x705.jpg 529w, https:\/\/www.vfl-westercelle.de\/tenn\/wp-content\/uploads\/sites\/18\/2022\/02\/Siegesehrung-5.jpg 1512w\" sizes=\"auto, (max-width: 773px) 100vw, 773px\" \/><\/figure>\n\n\n\n<figure class=\"wp-block-image size-large\"><img loading=\"lazy\" decoding=\"async\" width=\"773\" height=\"1030\" data-id=\"849\" src=\"https:\/\/www.vfl-westercelle.de\/tenn\/wp-content\/uploads\/sites\/18\/2022\/02\/Siegesehrung-6-773x1030.jpg\" alt=\"\" class=\"wp-image-849\" srcset=\"https:\/\/www.vfl-westercelle.de\/tenn\/wp-content\/uploads\/sites\/18\/2022\/02\/Siegesehrung-6-773x1030.jpg 773w, https:\/\/www.vfl-westercelle.de\/tenn\/wp-content\/uploads\/sites\/18\/2022\/02\/Siegesehrung-6-225x300.jpg 225w, https:\/\/www.vfl-westercelle.de\/tenn\/wp-content\/uploads\/sites\/18\/2022\/02\/Siegesehrung-6-768x1024.jpg 768w, https:\/\/www.vfl-westercelle.de\/tenn\/wp-content\/uploads\/sites\/18\/2022\/02\/Siegesehrung-6-1152x1536.jpg 1152w, https:\/\/www.vfl-westercelle.de\/tenn\/wp-content\/uploads\/sites\/18\/2022\/02\/Siegesehrung-6-1125x1500.jpg 1125w, https:\/\/www.vfl-westercelle.de\/tenn\/wp-content\/uploads\/sites\/18\/2022\/02\/Siegesehrung-6-529x705.jpg 529w, https:\/\/www.vfl-westercelle.de\/tenn\/wp-content\/uploads\/sites\/18\/2022\/02\/Siegesehrung-6.jpg 1512w\" sizes=\"auto, (max-width: 773px) 100vw, 773px\" \/><\/figure>\n\n\n\n<figure class=\"wp-block-image size-large\"><img loading=\"lazy\" decoding=\"async\" width=\"773\" height=\"1030\" data-id=\"850\" src=\"https:\/\/www.vfl-westercelle.de\/tenn\/wp-content\/uploads\/sites\/18\/2022\/02\/Siegesehrung-7-773x1030.jpg\" alt=\"\" class=\"wp-image-850\" srcset=\"https:\/\/www.vfl-westercelle.de\/tenn\/wp-content\/uploads\/sites\/18\/2022\/02\/Siegesehrung-7-773x1030.jpg 773w, https:\/\/www.vfl-westercelle.de\/tenn\/wp-content\/uploads\/sites\/18\/2022\/02\/Siegesehrung-7-225x300.jpg 225w, https:\/\/www.vfl-westercelle.de\/tenn\/wp-content\/uploads\/sites\/18\/2022\/02\/Siegesehrung-7-768x1024.jpg 768w, https:\/\/www.vfl-westercelle.de\/tenn\/wp-content\/uploads\/sites\/18\/2022\/02\/Siegesehrung-7-1152x1536.jpg 1152w, https:\/\/www.vfl-westercelle.de\/tenn\/wp-content\/uploads\/sites\/18\/2022\/02\/Siegesehrung-7-1125x1500.jpg 1125w, https:\/\/www.vfl-westercelle.de\/tenn\/wp-content\/uploads\/sites\/18\/2022\/02\/Siegesehrung-7-529x705.jpg 529w, https:\/\/www.vfl-westercelle.de\/tenn\/wp-content\/uploads\/sites\/18\/2022\/02\/Siegesehrung-7.jpg 1512w\" sizes=\"auto, (max-width: 773px) 100vw, 773px\" \/><\/figure>\n\n\n\n<figure class=\"wp-block-image size-large\"><img loading=\"lazy\" decoding=\"async\" width=\"773\" height=\"1030\" data-id=\"851\" src=\"https:\/\/www.vfl-westercelle.de\/tenn\/wp-content\/uploads\/sites\/18\/2022\/02\/Siegesehrung-2-1-773x1030.jpg\" alt=\"\" class=\"wp-image-851\" srcset=\"https:\/\/www.vfl-westercelle.de\/tenn\/wp-content\/uploads\/sites\/18\/2022\/02\/Siegesehrung-2-1-773x1030.jpg 773w, https:\/\/www.vfl-westercelle.de\/tenn\/wp-content\/uploads\/sites\/18\/2022\/02\/Siegesehrung-2-1-225x300.jpg 225w, https:\/\/www.vfl-westercelle.de\/tenn\/wp-content\/uploads\/sites\/18\/2022\/02\/Siegesehrung-2-1-768x1024.jpg 768w, https:\/\/www.vfl-westercelle.de\/tenn\/wp-content\/uploads\/sites\/18\/2022\/02\/Siegesehrung-2-1-1152x1536.jpg 1152w, https:\/\/www.vfl-westercelle.de\/tenn\/wp-content\/uploads\/sites\/18\/2022\/02\/Siegesehrung-2-1-1125x1500.jpg 1125w, https:\/\/www.vfl-westercelle.de\/tenn\/wp-content\/uploads\/sites\/18\/2022\/02\/Siegesehrung-2-1-529x705.jpg 529w, https:\/\/www.vfl-westercelle.de\/tenn\/wp-content\/uploads\/sites\/18\/2022\/02\/Siegesehrung-2-1.jpg 1512w\" sizes=\"auto, (max-width: 773px) 100vw, 773px\" \/><\/figure>\n\n\n\n<figure class=\"wp-block-image size-large\"><img loading=\"lazy\" decoding=\"async\" width=\"773\" height=\"1030\" data-id=\"852\" src=\"https:\/\/www.vfl-westercelle.de\/tenn\/wp-content\/uploads\/sites\/18\/2022\/02\/Siegesehrung-3-1-773x1030.jpg\" alt=\"\" class=\"wp-image-852\" srcset=\"https:\/\/www.vfl-westercelle.de\/tenn\/wp-content\/uploads\/sites\/18\/2022\/02\/Siegesehrung-3-1-773x1030.jpg 773w, https:\/\/www.vfl-westercelle.de\/tenn\/wp-content\/uploads\/sites\/18\/2022\/02\/Siegesehrung-3-1-225x300.jpg 225w, https:\/\/www.vfl-westercelle.de\/tenn\/wp-content\/uploads\/sites\/18\/2022\/02\/Siegesehrung-3-1-768x1024.jpg 768w, https:\/\/www.vfl-westercelle.de\/tenn\/wp-content\/uploads\/sites\/18\/2022\/02\/Siegesehrung-3-1-1152x1536.jpg 1152w, https:\/\/www.vfl-westercelle.de\/tenn\/wp-content\/uploads\/sites\/18\/2022\/02\/Siegesehrung-3-1-1125x1500.jpg 1125w, https:\/\/www.vfl-westercelle.de\/tenn\/wp-content\/uploads\/sites\/18\/2022\/02\/Siegesehrung-3-1-529x705.jpg 529w, https:\/\/www.vfl-westercelle.de\/tenn\/wp-content\/uploads\/sites\/18\/2022\/02\/Siegesehrung-3-1.jpg 1512w\" sizes=\"auto, (max-width: 773px) 100vw, 773px\" \/><\/figure>\n\n\n\n<figure class=\"wp-block-image size-large\"><img loading=\"lazy\" decoding=\"async\" width=\"773\" height=\"1030\" data-id=\"853\" src=\"https:\/\/www.vfl-westercelle.de\/tenn\/wp-content\/uploads\/sites\/18\/2022\/02\/Siegesehrung-5-1-773x1030.jpg\" alt=\"\" class=\"wp-image-853\" srcset=\"https:\/\/www.vfl-westercelle.de\/tenn\/wp-content\/uploads\/sites\/18\/2022\/02\/Siegesehrung-5-1-773x1030.jpg 773w, https:\/\/www.vfl-westercelle.de\/tenn\/wp-content\/uploads\/sites\/18\/2022\/02\/Siegesehrung-5-1-225x300.jpg 225w, https:\/\/www.vfl-westercelle.de\/tenn\/wp-content\/uploads\/sites\/18\/2022\/02\/Siegesehrung-5-1-768x1024.jpg 768w, https:\/\/www.vfl-westercelle.de\/tenn\/wp-content\/uploads\/sites\/18\/2022\/02\/Siegesehrung-5-1-1152x1536.jpg 1152w, https:\/\/www.vfl-westercelle.de\/tenn\/wp-content\/uploads\/sites\/18\/2022\/02\/Siegesehrung-5-1-1125x1500.jpg 1125w, https:\/\/www.vfl-westercelle.de\/tenn\/wp-content\/uploads\/sites\/18\/2022\/02\/Siegesehrung-5-1-529x705.jpg 529w, https:\/\/www.vfl-westercelle.de\/tenn\/wp-content\/uploads\/sites\/18\/2022\/02\/Siegesehrung-5-1.jpg 1512w\" sizes=\"auto, (max-width: 773px) 100vw, 773px\" \/><\/figure>\n\n\n\n<figure class=\"wp-block-image size-large\"><img loading=\"lazy\" decoding=\"async\" width=\"773\" height=\"1030\" data-id=\"855\" src=\"https:\/\/www.vfl-westercelle.de\/tenn\/wp-content\/uploads\/sites\/18\/2022\/02\/Abschluss-773x1030.jpg\" alt=\"\" class=\"wp-image-855\" srcset=\"https:\/\/www.vfl-westercelle.de\/tenn\/wp-content\/uploads\/sites\/18\/2022\/02\/Abschluss-773x1030.jpg 773w, https:\/\/www.vfl-westercelle.de\/tenn\/wp-content\/uploads\/sites\/18\/2022\/02\/Abschluss-225x300.jpg 225w, https:\/\/www.vfl-westercelle.de\/tenn\/wp-content\/uploads\/sites\/18\/2022\/02\/Abschluss-768x1024.jpg 768w, https:\/\/www.vfl-westercelle.de\/tenn\/wp-content\/uploads\/sites\/18\/2022\/02\/Abschluss-1152x1536.jpg 1152w, https:\/\/www.vfl-westercelle.de\/tenn\/wp-content\/uploads\/sites\/18\/2022\/02\/Abschluss-1536x2048.jpg 1536w, https:\/\/www.vfl-westercelle.de\/tenn\/wp-content\/uploads\/sites\/18\/2022\/02\/Abschluss-1125x1500.jpg 1125w, https:\/\/www.vfl-westercelle.de\/tenn\/wp-content\/uploads\/sites\/18\/2022\/02\/Abschluss-529x705.jpg 529w, https:\/\/www.vfl-westercelle.de\/tenn\/wp-content\/uploads\/sites\/18\/2022\/02\/Abschluss-scaled.jpg 1920w\" sizes=\"auto, (max-width: 773px) 100vw, 773px\" \/><figcaption>Abschlu\u00df<\/figcaption><\/figure>\n<\/figure>\n","protected":false},"excerpt":{"rendered":"<p>Platz 5 und Platz 11 f\u00fcr die Tennisregion S\u00fcdheide VfL Westercelle ist mit 4 Spielern dabei In der TNB-Meisterschaften am 11-13.02.2022 in Isernhagen haben 12 Tennis-Teams aus 10 Regionen von Niedersachsen teilgenommen. Zum ersten mal&nbsp; hat die Region S\u00fcdheide zwei Mannschaften gemeldet. An drei Tagen haben sich die Tenniskids in verschiedenen motorischen \u00dcbungen, Hockey und <a class=\"read-more-link\" href=\"https:\/\/www.vfl-westercelle.de\/tenn\/tnb-landesmeisterschaften-der-juengsten-winter-2022\/\">[&#8230; weiterlesen]<\/a><\/p>\n","protected":false},"author":32,"featured_media":837,"comment_status":"closed","ping_status":"open","sticky":false,"template":"","format":"standard","meta":{"footnotes":""},"categories":[4],"tags":[],"class_list":["post-835","post","type-post","status-publish","format-standard","has-post-thumbnail","hentry","category-tennis"],"_links":{"self":[{"href":"https:\/\/www.vfl-westercelle.de\/tenn\/wp-json\/wp\/v2\/posts\/835","targetHints":{"allow":["GET"]}}],"collection":[{"href":"https:\/\/www.vfl-westercelle.de\/tenn\/wp-json\/wp\/v2\/posts"}],"about":[{"href":"https:\/\/www.vfl-westercelle.de\/tenn\/wp-json\/wp\/v2\/types\/post"}],"author":[{"embeddable":true,"href":"https:\/\/www.vfl-westercelle.de\/tenn\/wp-json\/wp\/v2\/users\/32"}],"replies":[{"embeddable":true,"href":"https:\/\/www.vfl-westercelle.de\/tenn\/wp-json\/wp\/v2\/comments?post=835"}],"version-history":[{"count":3,"href":"https:\/\/www.vfl-westercelle.de\/tenn\/wp-json\/wp\/v2\/posts\/835\/revisions"}],"predecessor-version":[{"id":920,"href":"https:\/\/www.vfl-westercelle.de\/tenn\/wp-json\/wp\/v2\/posts\/835\/revisions\/920"}],"wp:featuredmedia":[{"embeddable":true,"href":"https:\/\/www.vfl-westercelle.de\/tenn\/wp-json\/wp\/v2\/media\/837"}],"wp:attachment":[{"href":"https:\/\/www.vfl-westercelle.de\/tenn\/wp-json\/wp\/v2\/media?parent=835"}],"wp:term":[{"taxonomy":"category","embeddable":true,"href":"https:\/\/www.vfl-westercelle.de\/tenn\/wp-json\/wp\/v2\/categories?post=835"},{"taxonomy":"post_tag","embeddable":true,"href":"https:\/\/www.vfl-westercelle.de\/tenn\/wp-json\/wp\/v2\/tags?post=835"}],"curies":[{"name":"wp","href":"https:\/\/api.w.org\/{rel}","templated":true}]}}