{"id":102,"date":"2017-07-07T00:54:19","date_gmt":"2017-07-06T22:54:19","guid":{"rendered":"http:\/\/www.vfl-westercelle.de\/tri-rsp\/?p=102"},"modified":"2017-07-07T00:54:19","modified_gmt":"2017-07-06T22:54:19","slug":"kruschewski-verhilft-teamkollegen-bei-der-tour-de-senegal-zu-insgesamt-vier-etappensiegen","status":"publish","type":"post","link":"https:\/\/www.vfl-westercelle.de\/tri-rsp\/kruschewski-verhilft-teamkollegen-bei-der-tour-de-senegal-zu-insgesamt-vier-etappensiegen\/","title":{"rendered":"Kruschewski verhilft Teamkollegen bei der Tour de Senegal zu insgesamt vier Etappensiegen"},"content":{"rendered":"<p>Zusammen mit seinem Team \u201eEmbrace The World\u201c startete der Westerceller Radsportler Fabian Kruschewski vor kurzem bei der Tour de Senegal. In acht Etappen mussten die Radsportler dabei fast 1300 Kilometer quer durch das afrikanische Land absolvieren und sich dabei\u00a0mit sieben afrikanischen Nationalmannschaften und ebenso vielen europ\u00e4ischen Amateur- und Profiteams auseinandersetzen. Nach der Tour standen f\u00fcr das Team nicht weniger als vier Etappensiege, die Pl\u00e4tze 3 und 5 in der Gesamtwertung sowie der Gewinn der Punktwertung auf der Erfolgsliste. \u201eUnser Ziel war es eigentlich, eine Etappe zu gewinnen und in der \u00a0Gesamtwertung einen von uns unter die ersten 10 zu bringen, dass wir uns dann hier zur besten Mannschaft entwickeln, haben wir wirklich nicht erwartet und sind mehr als zufrieden\u201c, so der Celler.<\/p>\n<p>Nachdem Kruschewskis Hamburger Teamkollege Lucas Carstensen die erste Etappe aus einer Fluchtgruppe heraus direkt f\u00fcr sich entscheiden konnte und so auch eine gutes Ausgangsposition in der Gesamtwertung hatte, war klar, dass die Verteidigung des gelben Trikots in den n\u00e4chsten Tagen oberste Priorit\u00e4t haben sollte. \u201eNat\u00fcrlich hatte ich urspr\u00fcnglich auch den Plan ein paar eigene gute Ergebnisse einzufahren, allerdings war Lucas so stark, dass ich es richtig genossen habe, wirklich alles aus mir rauszuholen, um ihn m\u00f6glichst perfekt positioniert und erholt ins Finale zu bringen\u201c.<\/p>\n<p>Die aufopferungsvolle Arbeit seiner Teamkollegen belohnte Carstensen mit gleich drei zus\u00e4tzlichen Etappensiegen im Massensprint und Platz 3 in der Gesamtwertung. Obwohl Kruschewskis Rennen meist auf die 200 Metermarke vor Ziel ausgerichtet war, konnte auch der Westerceller drei Top 10 Ergebnisse f\u00fcr sich verbuchen und so auch selbst weitere Punkte f\u00fcr die deutsche Radrangliste sammeln, in der er sich im Anschluss an die Rundfahrt auf Platz 37 befand. \u201eMein Ziel bestand als letzter Anfahrer immer darin, Lucas den Sprint vorzubereiten und ihn m\u00f6glichst an erste\u00a0Stelle auf die letzten 200 Meter zu bringen. Ich konnte dann immer nur noch ausrollen, aber bin wahnsinnig stolz auf die Art und Weise wie wir uns hier als geschlossene Einheit pr\u00e4sentiert haben und diese unglaublichen Erfolge f\u00fcr uns verbuchen konnten\u201c, so Kruschewski abschlie\u00dfend.<\/p>\n\n\t\t<style type=\"text\/css\">\n\t\t\t#gallery-1 {\n\t\t\t\tmargin: auto;\n\t\t\t}\n\t\t\t#gallery-1 .gallery-item {\n\t\t\t\tfloat: left;\n\t\t\t\tmargin-top: 10px;\n\t\t\t\ttext-align: center;\n\t\t\t\twidth: 33%;\n\t\t\t}\n\t\t\t#gallery-1 img {\n\t\t\t\tborder: 2px solid #cfcfcf;\n\t\t\t}\n\t\t\t#gallery-1 .gallery-caption {\n\t\t\t\tmargin-left: 0;\n\t\t\t}\n\t\t\t\/* see gallery_shortcode() in wp-includes\/media.php *\/\n\t\t<\/style>\n\t\t<div id='gallery-1' class='gallery galleryid-102 gallery-columns-3 gallery-size-thumbnail'><dl class='gallery-item'>\n\t\t\t<dt class='gallery-icon landscape'>\n\t\t\t\t<a href='https:\/\/www.vfl-westercelle.de\/tri-rsp\/wp-content\/uploads\/sites\/7\/2017\/07\/ZJ8K2213.jpeg'><img loading=\"lazy\" decoding=\"async\" width=\"80\" height=\"80\" src=\"https:\/\/www.vfl-westercelle.de\/tri-rsp\/wp-content\/uploads\/sites\/7\/2017\/07\/ZJ8K2213-80x80.jpeg\" class=\"attachment-thumbnail size-thumbnail\" alt=\"\" srcset=\"https:\/\/www.vfl-westercelle.de\/tri-rsp\/wp-content\/uploads\/sites\/7\/2017\/07\/ZJ8K2213-80x80.jpeg 80w, https:\/\/www.vfl-westercelle.de\/tri-rsp\/wp-content\/uploads\/sites\/7\/2017\/07\/ZJ8K2213-36x36.jpeg 36w, https:\/\/www.vfl-westercelle.de\/tri-rsp\/wp-content\/uploads\/sites\/7\/2017\/07\/ZJ8K2213-180x180.jpeg 180w, https:\/\/www.vfl-westercelle.de\/tri-rsp\/wp-content\/uploads\/sites\/7\/2017\/07\/ZJ8K2213-120x120.jpeg 120w, https:\/\/www.vfl-westercelle.de\/tri-rsp\/wp-content\/uploads\/sites\/7\/2017\/07\/ZJ8K2213-450x450.jpeg 450w\" sizes=\"auto, (max-width: 80px) 100vw, 80px\" \/><\/a>\n\t\t\t<\/dt><\/dl><dl class='gallery-item'>\n\t\t\t<dt class='gallery-icon landscape'>\n\t\t\t\t<a href='https:\/\/www.vfl-westercelle.de\/tri-rsp\/wp-content\/uploads\/sites\/7\/2017\/07\/ZJ8K1962.jpeg'><img loading=\"lazy\" decoding=\"async\" width=\"80\" height=\"80\" src=\"https:\/\/www.vfl-westercelle.de\/tri-rsp\/wp-content\/uploads\/sites\/7\/2017\/07\/ZJ8K1962-80x80.jpeg\" class=\"attachment-thumbnail size-thumbnail\" alt=\"\" srcset=\"https:\/\/www.vfl-westercelle.de\/tri-rsp\/wp-content\/uploads\/sites\/7\/2017\/07\/ZJ8K1962-80x80.jpeg 80w, https:\/\/www.vfl-westercelle.de\/tri-rsp\/wp-content\/uploads\/sites\/7\/2017\/07\/ZJ8K1962-36x36.jpeg 36w, https:\/\/www.vfl-westercelle.de\/tri-rsp\/wp-content\/uploads\/sites\/7\/2017\/07\/ZJ8K1962-180x180.jpeg 180w, https:\/\/www.vfl-westercelle.de\/tri-rsp\/wp-content\/uploads\/sites\/7\/2017\/07\/ZJ8K1962-120x120.jpeg 120w, https:\/\/www.vfl-westercelle.de\/tri-rsp\/wp-content\/uploads\/sites\/7\/2017\/07\/ZJ8K1962-450x450.jpeg 450w\" sizes=\"auto, (max-width: 80px) 100vw, 80px\" \/><\/a>\n\t\t\t<\/dt><\/dl><dl class='gallery-item'>\n\t\t\t<dt class='gallery-icon portrait'>\n\t\t\t\t<a href='https:\/\/www.vfl-westercelle.de\/tri-rsp\/wp-content\/uploads\/sites\/7\/2017\/07\/ZJ8K1691.jpeg'><img loading=\"lazy\" decoding=\"async\" width=\"80\" height=\"80\" src=\"https:\/\/www.vfl-westercelle.de\/tri-rsp\/wp-content\/uploads\/sites\/7\/2017\/07\/ZJ8K1691-80x80.jpeg\" class=\"attachment-thumbnail size-thumbnail\" alt=\"\" srcset=\"https:\/\/www.vfl-westercelle.de\/tri-rsp\/wp-content\/uploads\/sites\/7\/2017\/07\/ZJ8K1691-80x80.jpeg 80w, https:\/\/www.vfl-westercelle.de\/tri-rsp\/wp-content\/uploads\/sites\/7\/2017\/07\/ZJ8K1691-36x36.jpeg 36w, https:\/\/www.vfl-westercelle.de\/tri-rsp\/wp-content\/uploads\/sites\/7\/2017\/07\/ZJ8K1691-180x180.jpeg 180w, https:\/\/www.vfl-westercelle.de\/tri-rsp\/wp-content\/uploads\/sites\/7\/2017\/07\/ZJ8K1691-427x423.jpeg 427w, https:\/\/www.vfl-westercelle.de\/tri-rsp\/wp-content\/uploads\/sites\/7\/2017\/07\/ZJ8K1691-120x120.jpeg 120w\" sizes=\"auto, (max-width: 80px) 100vw, 80px\" \/><\/a>\n\t\t\t<\/dt><\/dl><br style=\"clear: both\" \/><dl class='gallery-item'>\n\t\t\t<dt class='gallery-icon portrait'>\n\t\t\t\t<a href='https:\/\/www.vfl-westercelle.de\/tri-rsp\/wp-content\/uploads\/sites\/7\/2017\/07\/ZJ8K0903.jpeg'><img loading=\"lazy\" decoding=\"async\" width=\"80\" height=\"80\" src=\"https:\/\/www.vfl-westercelle.de\/tri-rsp\/wp-content\/uploads\/sites\/7\/2017\/07\/ZJ8K0903-80x80.jpeg\" class=\"attachment-thumbnail size-thumbnail\" alt=\"\" srcset=\"https:\/\/www.vfl-westercelle.de\/tri-rsp\/wp-content\/uploads\/sites\/7\/2017\/07\/ZJ8K0903-80x80.jpeg 80w, https:\/\/www.vfl-westercelle.de\/tri-rsp\/wp-content\/uploads\/sites\/7\/2017\/07\/ZJ8K0903-36x36.jpeg 36w, https:\/\/www.vfl-westercelle.de\/tri-rsp\/wp-content\/uploads\/sites\/7\/2017\/07\/ZJ8K0903-180x180.jpeg 180w, https:\/\/www.vfl-westercelle.de\/tri-rsp\/wp-content\/uploads\/sites\/7\/2017\/07\/ZJ8K0903-427x423.jpeg 427w, https:\/\/www.vfl-westercelle.de\/tri-rsp\/wp-content\/uploads\/sites\/7\/2017\/07\/ZJ8K0903-120x120.jpeg 120w\" sizes=\"auto, (max-width: 80px) 100vw, 80px\" \/><\/a>\n\t\t\t<\/dt><\/dl><dl class='gallery-item'>\n\t\t\t<dt class='gallery-icon landscape'>\n\t\t\t\t<a href='https:\/\/www.vfl-westercelle.de\/tri-rsp\/wp-content\/uploads\/sites\/7\/2017\/07\/ZJ8K0635.jpeg'><img loading=\"lazy\" decoding=\"async\" width=\"80\" height=\"80\" src=\"https:\/\/www.vfl-westercelle.de\/tri-rsp\/wp-content\/uploads\/sites\/7\/2017\/07\/ZJ8K0635-80x80.jpeg\" class=\"attachment-thumbnail size-thumbnail\" alt=\"\" srcset=\"https:\/\/www.vfl-westercelle.de\/tri-rsp\/wp-content\/uploads\/sites\/7\/2017\/07\/ZJ8K0635-80x80.jpeg 80w, https:\/\/www.vfl-westercelle.de\/tri-rsp\/wp-content\/uploads\/sites\/7\/2017\/07\/ZJ8K0635-36x36.jpeg 36w, https:\/\/www.vfl-westercelle.de\/tri-rsp\/wp-content\/uploads\/sites\/7\/2017\/07\/ZJ8K0635-180x180.jpeg 180w, https:\/\/www.vfl-westercelle.de\/tri-rsp\/wp-content\/uploads\/sites\/7\/2017\/07\/ZJ8K0635-120x120.jpeg 120w\" sizes=\"auto, (max-width: 80px) 100vw, 80px\" \/><\/a>\n\t\t\t<\/dt><\/dl><dl class='gallery-item'>\n\t\t\t<dt class='gallery-icon landscape'>\n\t\t\t\t<a href='https:\/\/www.vfl-westercelle.de\/tri-rsp\/wp-content\/uploads\/sites\/7\/2017\/07\/ZJ8K0254.jpeg'><img loading=\"lazy\" decoding=\"async\" width=\"80\" height=\"80\" src=\"https:\/\/www.vfl-westercelle.de\/tri-rsp\/wp-content\/uploads\/sites\/7\/2017\/07\/ZJ8K0254-80x80.jpeg\" class=\"attachment-thumbnail size-thumbnail\" alt=\"\" srcset=\"https:\/\/www.vfl-westercelle.de\/tri-rsp\/wp-content\/uploads\/sites\/7\/2017\/07\/ZJ8K0254-80x80.jpeg 80w, https:\/\/www.vfl-westercelle.de\/tri-rsp\/wp-content\/uploads\/sites\/7\/2017\/07\/ZJ8K0254-36x36.jpeg 36w, https:\/\/www.vfl-westercelle.de\/tri-rsp\/wp-content\/uploads\/sites\/7\/2017\/07\/ZJ8K0254-180x180.jpeg 180w, https:\/\/www.vfl-westercelle.de\/tri-rsp\/wp-content\/uploads\/sites\/7\/2017\/07\/ZJ8K0254-120x120.jpeg 120w\" sizes=\"auto, (max-width: 80px) 100vw, 80px\" \/><\/a>\n\t\t\t<\/dt><\/dl><br style=\"clear: both\" \/>\n\t\t<\/div>\n\n","protected":false},"excerpt":{"rendered":"<p>Zusammen mit seinem Team \u201eEmbrace The World\u201c startete der Westerceller Radsportler Fabian Kruschewski vor kurzem bei der Tour de Senegal. In acht Etappen mussten die Radsportler dabei fast 1300 Kilometer quer durch das afrikanische Land absolvieren und sich dabei\u00a0mit sieben afrikanischen Nationalmannschaften und ebenso vielen europ\u00e4ischen Amateur- und Profiteams auseinandersetzen. Nach der Tour standen f\u00fcr <a class=\"read-more-link\" href=\"https:\/\/www.vfl-westercelle.de\/tri-rsp\/kruschewski-verhilft-teamkollegen-bei-der-tour-de-senegal-zu-insgesamt-vier-etappensiegen\/\">[&#8230; weiterlesen]<\/a><\/p>\n","protected":false},"author":1,"featured_media":111,"comment_status":"closed","ping_status":"closed","sticky":false,"template":"","format":"standard","meta":{"footnotes":""},"categories":[4],"tags":[],"class_list":["post-102","post","type-post","status-publish","format-standard","has-post-thumbnail","hentry","category-triathlon-radfahren"],"_links":{"self":[{"href":"https:\/\/www.vfl-westercelle.de\/tri-rsp\/wp-json\/wp\/v2\/posts\/102","targetHints":{"allow":["GET"]}}],"collection":[{"href":"https:\/\/www.vfl-westercelle.de\/tri-rsp\/wp-json\/wp\/v2\/posts"}],"about":[{"href":"https:\/\/www.vfl-westercelle.de\/tri-rsp\/wp-json\/wp\/v2\/types\/post"}],"author":[{"embeddable":true,"href":"https:\/\/www.vfl-westercelle.de\/tri-rsp\/wp-json\/wp\/v2\/users\/1"}],"replies":[{"embeddable":true,"href":"https:\/\/www.vfl-westercelle.de\/tri-rsp\/wp-json\/wp\/v2\/comments?post=102"}],"version-history":[{"count":2,"href":"https:\/\/www.vfl-westercelle.de\/tri-rsp\/wp-json\/wp\/v2\/posts\/102\/revisions"}],"predecessor-version":[{"id":112,"href":"https:\/\/www.vfl-westercelle.de\/tri-rsp\/wp-json\/wp\/v2\/posts\/102\/revisions\/112"}],"wp:featuredmedia":[{"embeddable":true,"href":"https:\/\/www.vfl-westercelle.de\/tri-rsp\/wp-json\/wp\/v2\/media\/111"}],"wp:attachment":[{"href":"https:\/\/www.vfl-westercelle.de\/tri-rsp\/wp-json\/wp\/v2\/media?parent=102"}],"wp:term":[{"taxonomy":"category","embeddable":true,"href":"https:\/\/www.vfl-westercelle.de\/tri-rsp\/wp-json\/wp\/v2\/categories?post=102"},{"taxonomy":"post_tag","embeddable":true,"href":"https:\/\/www.vfl-westercelle.de\/tri-rsp\/wp-json\/wp\/v2\/tags?post=102"}],"curies":[{"name":"wp","href":"https:\/\/api.w.org\/{rel}","templated":true}]}}